{"id":184117,"date":"2025-04-21T21:14:00","date_gmt":"2025-04-22T00:14:00","guid":{"rendered":"https:\/\/www.hoymercedes.com.ar\/principal\/?p=184117"},"modified":"2025-04-21T19:18:18","modified_gmt":"2025-04-21T22:18:18","slug":"se-realizo-el-2-festival-queseros-con-gran-participacion","status":"publish","type":"post","link":"https:\/\/www.hoymercedes.com.ar\/principal\/2025\/04\/21\/se-realizo-el-2-festival-queseros-con-gran-participacion\/","title":{"rendered":"Se realiz\u00f3 el 2\u00b0 festival queseros con gran participaci\u00f3n"},"content":{"rendered":"\n<figure class=\"wp-block-image size-large\"><img loading=\"lazy\" decoding=\"async\" width=\"1024\" height=\"684\" data-attachment-id=\"184118\" data-permalink=\"https:\/\/www.hoymercedes.com.ar\/principal\/2025\/04\/21\/se-realizo-el-2-festival-queseros-con-gran-participacion\/mhm_8734\/#main\" data-orig-file=\"https:\/\/www.hoymercedes.com.ar\/principal\/wp-content\/uploads\/2025\/04\/MHM_8734.jpg\" data-orig-size=\"1316,879\" data-comments-opened=\"0\" data-image-meta=\"{&quot;aperture&quot;:&quot;0&quot;,&quot;credit&quot;:&quot;&quot;,&quot;camera&quot;:&quot;&quot;,&quot;caption&quot;:&quot;&quot;,&quot;created_timestamp&quot;:&quot;0&quot;,&quot;copyright&quot;:&quot;&quot;,&quot;focal_length&quot;:&quot;0&quot;,&quot;iso&quot;:&quot;0&quot;,&quot;shutter_speed&quot;:&quot;0&quot;,&quot;title&quot;:&quot;&quot;,&quot;orientation&quot;:&quot;0&quot;}\" data-image-title=\"Fiesta quesera: el p\u00fablico volvi\u00f3 a acompa\u00f1ar a los productores mercedinos\" data-image-description=\"&lt;p&gt;Fiesta quesera: el p\u00fablico volvi\u00f3 a acompa\u00f1ar a los productores mercedinos&lt;\/p&gt;\n\" data-image-caption=\"&lt;p&gt;Fiesta quesera: el p\u00fablico volvi\u00f3 a acompa\u00f1ar a los productores mercedinos&lt;\/p&gt;\n\" data-large-file=\"https:\/\/www.hoymercedes.com.ar\/principal\/wp-content\/uploads\/2025\/04\/MHM_8734-1024x684.jpg\" src=\"https:\/\/www.hoymercedes.com.ar\/principal\/wp-content\/uploads\/2025\/04\/MHM_8734-1024x684.jpg\" alt=\"\" class=\"wp-image-184118\" srcset=\"https:\/\/www.hoymercedes.com.ar\/principal\/wp-content\/uploads\/2025\/04\/MHM_8734-1024x684.jpg 1024w, https:\/\/www.hoymercedes.com.ar\/principal\/wp-content\/uploads\/2025\/04\/MHM_8734-630x421.jpg 630w, https:\/\/www.hoymercedes.com.ar\/principal\/wp-content\/uploads\/2025\/04\/MHM_8734-150x100.jpg 150w, https:\/\/www.hoymercedes.com.ar\/principal\/wp-content\/uploads\/2025\/04\/MHM_8734.jpg 1316w\" sizes=\"auto, (max-width: 1024px) 100vw, 1024px\" \/><\/figure>\n\n\n\n<p>Se llev\u00f3 adelante la segunda edici\u00f3n de \u201cQuesos en escena\u201d, una propuesta que vincula la producci\u00f3n mercedina con el p\u00fablico. Hubo una gran afluencia de p\u00fablica desde primeras horas, tanto en el teatro como en la plaza.<\/p>\n\n\n\n<p>\u201cSiempre es valioso e importante generar estos espacios donde se vincula la producci\u00f3n local con el vecino y el turismo, promoviendo el encuentro, el trabajo, el arte, la cultura y ratificando esta positiva experiencia que se viene dando entre el sector p\u00fablico y privado\u201d, coment\u00f3 el intendente Juan I. Ustarroz.<\/p>\n\n\n\n<figure class=\"wp-block-image size-large\"><img loading=\"lazy\" decoding=\"async\" width=\"1024\" height=\"682\" data-attachment-id=\"184119\" data-permalink=\"https:\/\/www.hoymercedes.com.ar\/principal\/2025\/04\/21\/se-realizo-el-2-festival-queseros-con-gran-participacion\/26-35\/#main\" data-orig-file=\"https:\/\/www.hoymercedes.com.ar\/principal\/wp-content\/uploads\/2025\/04\/26.jpg\" data-orig-size=\"1280,853\" data-comments-opened=\"0\" data-image-meta=\"{&quot;aperture&quot;:&quot;0&quot;,&quot;credit&quot;:&quot;&quot;,&quot;camera&quot;:&quot;&quot;,&quot;caption&quot;:&quot;&quot;,&quot;created_timestamp&quot;:&quot;0&quot;,&quot;copyright&quot;:&quot;&quot;,&quot;focal_length&quot;:&quot;0&quot;,&quot;iso&quot;:&quot;0&quot;,&quot;shutter_speed&quot;:&quot;0&quot;,&quot;title&quot;:&quot;&quot;,&quot;orientation&quot;:&quot;0&quot;}\" data-image-title=\"Fiesta quesera: el p\u00fablico volvi\u00f3 a acompa\u00f1ar a los productores mercedinos\" data-image-description=\"&lt;p&gt;Fiesta quesera: el p\u00fablico volvi\u00f3 a acompa\u00f1ar a los productores mercedinos&lt;\/p&gt;\n\" data-image-caption=\"&lt;p&gt;Fiesta quesera: el p\u00fablico volvi\u00f3 a acompa\u00f1ar a los productores mercedinos&lt;\/p&gt;\n\" data-large-file=\"https:\/\/www.hoymercedes.com.ar\/principal\/wp-content\/uploads\/2025\/04\/26-1024x682.jpg\" src=\"https:\/\/www.hoymercedes.com.ar\/principal\/wp-content\/uploads\/2025\/04\/26-1024x682.jpg\" alt=\"\" class=\"wp-image-184119\" srcset=\"https:\/\/www.hoymercedes.com.ar\/principal\/wp-content\/uploads\/2025\/04\/26-1024x682.jpg 1024w, https:\/\/www.hoymercedes.com.ar\/principal\/wp-content\/uploads\/2025\/04\/26-630x420.jpg 630w, https:\/\/www.hoymercedes.com.ar\/principal\/wp-content\/uploads\/2025\/04\/26-150x100.jpg 150w, https:\/\/www.hoymercedes.com.ar\/principal\/wp-content\/uploads\/2025\/04\/26-700x465.jpg 700w, https:\/\/www.hoymercedes.com.ar\/principal\/wp-content\/uploads\/2025\/04\/26.jpg 1280w\" sizes=\"auto, (max-width: 1024px) 100vw, 1024px\" \/><\/figure>\n\n\n\n<p><strong>Actividades<\/strong><\/p>\n\n\n\n<p>La jornada inici\u00f3 en horas de la ma\u00f1ana, con Feria artesanal y de emprendedores y puestos dentro de la sala mayor del teatro. Tambi\u00e9n con recorrida guiada por espacios hist\u00f3ricos de la ciudad, como el Concejo Deliberante, la Catedral, entre otros, contando con una gran afluencia de vecinos y vecinas.<\/p>\n\n\n\n<p>Ya por la tardesde desde 17.30hs todas delicias fueron parte del disfrute de las y los asistentes. Hubo dee jays en vivo, pero especialmente quesos, embutidos, gin, fernet, vermut y panificados mercedinos posibles de disfrutar y competir.<\/p>\n\n\n\n<figure class=\"wp-block-image size-large\"><img loading=\"lazy\" decoding=\"async\" width=\"1024\" height=\"684\" data-attachment-id=\"184120\" data-permalink=\"https:\/\/www.hoymercedes.com.ar\/principal\/2025\/04\/21\/se-realizo-el-2-festival-queseros-con-gran-participacion\/mhm_8638\/#main\" data-orig-file=\"https:\/\/www.hoymercedes.com.ar\/principal\/wp-content\/uploads\/2025\/04\/MHM_8638.jpg\" data-orig-size=\"1316,879\" data-comments-opened=\"0\" data-image-meta=\"{&quot;aperture&quot;:&quot;0&quot;,&quot;credit&quot;:&quot;&quot;,&quot;camera&quot;:&quot;&quot;,&quot;caption&quot;:&quot;&quot;,&quot;created_timestamp&quot;:&quot;0&quot;,&quot;copyright&quot;:&quot;&quot;,&quot;focal_length&quot;:&quot;0&quot;,&quot;iso&quot;:&quot;0&quot;,&quot;shutter_speed&quot;:&quot;0&quot;,&quot;title&quot;:&quot;&quot;,&quot;orientation&quot;:&quot;0&quot;}\" data-image-title=\"Fiesta quesera: el p\u00fablico volvi\u00f3 a acompa\u00f1ar a los productores mercedinos\" data-image-description=\"&lt;p&gt;Fiesta quesera: el p\u00fablico volvi\u00f3 a acompa\u00f1ar a los productores mercedinos&lt;\/p&gt;\n\" data-image-caption=\"&lt;p&gt;Fiesta quesera: el p\u00fablico volvi\u00f3 a acompa\u00f1ar a los productores mercedinos&lt;\/p&gt;\n\" data-large-file=\"https:\/\/www.hoymercedes.com.ar\/principal\/wp-content\/uploads\/2025\/04\/MHM_8638-1024x684.jpg\" src=\"https:\/\/www.hoymercedes.com.ar\/principal\/wp-content\/uploads\/2025\/04\/MHM_8638-1024x684.jpg\" alt=\"\" class=\"wp-image-184120\" srcset=\"https:\/\/www.hoymercedes.com.ar\/principal\/wp-content\/uploads\/2025\/04\/MHM_8638-1024x684.jpg 1024w, https:\/\/www.hoymercedes.com.ar\/principal\/wp-content\/uploads\/2025\/04\/MHM_8638-630x421.jpg 630w, https:\/\/www.hoymercedes.com.ar\/principal\/wp-content\/uploads\/2025\/04\/MHM_8638-150x100.jpg 150w, https:\/\/www.hoymercedes.com.ar\/principal\/wp-content\/uploads\/2025\/04\/MHM_8638.jpg 1316w\" sizes=\"auto, (max-width: 1024px) 100vw, 1024px\" \/><\/figure>\n\n\n\n<p><strong>Enlace<\/strong><\/p>\n\n\n\n<p>La noche anterior, el viernes, hubo un novedoso encuentro donde desde la direcciones de Producci\u00f3n y Turismo se cre\u00f3 un espacio de unidad y encuentro entre las y los productores y los comercios y prestadores tur\u00edsticos de la ciudad. \u201cBuscamos que se conozcan, profundicen lazos, prueben los productos aquellos que no los conoc\u00edan y que mercedinos compren e impulsen la producci\u00f3n mercedina\u201d coment\u00f3 Mart\u00edn Boragno.<\/p>\n\n\n\n<figure class=\"wp-block-image size-large\"><img loading=\"lazy\" decoding=\"async\" width=\"1024\" height=\"684\" data-attachment-id=\"184121\" data-permalink=\"https:\/\/www.hoymercedes.com.ar\/principal\/2025\/04\/21\/se-realizo-el-2-festival-queseros-con-gran-participacion\/mhm_8729\/#main\" data-orig-file=\"https:\/\/www.hoymercedes.com.ar\/principal\/wp-content\/uploads\/2025\/04\/MHM_8729.jpg\" data-orig-size=\"1316,879\" data-comments-opened=\"0\" data-image-meta=\"{&quot;aperture&quot;:&quot;0&quot;,&quot;credit&quot;:&quot;&quot;,&quot;camera&quot;:&quot;&quot;,&quot;caption&quot;:&quot;&quot;,&quot;created_timestamp&quot;:&quot;0&quot;,&quot;copyright&quot;:&quot;&quot;,&quot;focal_length&quot;:&quot;0&quot;,&quot;iso&quot;:&quot;0&quot;,&quot;shutter_speed&quot;:&quot;0&quot;,&quot;title&quot;:&quot;&quot;,&quot;orientation&quot;:&quot;0&quot;}\" data-image-title=\"Fiesta quesera: el p\u00fablico volvi\u00f3 a acompa\u00f1ar a los productores mercedinos\" data-image-description=\"&lt;p&gt;Fiesta quesera: el p\u00fablico volvi\u00f3 a acompa\u00f1ar a los productores mercedinos&lt;\/p&gt;\n\" data-image-caption=\"&lt;p&gt;Fiesta quesera: el p\u00fablico volvi\u00f3 a acompa\u00f1ar a los productores mercedinos&lt;\/p&gt;\n\" data-large-file=\"https:\/\/www.hoymercedes.com.ar\/principal\/wp-content\/uploads\/2025\/04\/MHM_8729-1024x684.jpg\" src=\"https:\/\/www.hoymercedes.com.ar\/principal\/wp-content\/uploads\/2025\/04\/MHM_8729-1024x684.jpg\" alt=\"\" class=\"wp-image-184121\" srcset=\"https:\/\/www.hoymercedes.com.ar\/principal\/wp-content\/uploads\/2025\/04\/MHM_8729-1024x684.jpg 1024w, https:\/\/www.hoymercedes.com.ar\/principal\/wp-content\/uploads\/2025\/04\/MHM_8729-630x421.jpg 630w, https:\/\/www.hoymercedes.com.ar\/principal\/wp-content\/uploads\/2025\/04\/MHM_8729-150x100.jpg 150w, https:\/\/www.hoymercedes.com.ar\/principal\/wp-content\/uploads\/2025\/04\/MHM_8729.jpg 1316w\" sizes=\"auto, (max-width: 1024px) 100vw, 1024px\" \/><\/figure>\n\n\n\n<p><strong>Queseros<\/strong><\/p>\n\n\n\n<p>\u201cEstamos realmente muy agradecidos con el p\u00fablico, con la municipalidad, con el intendente Ustarroz, con quienes nos impulsan estos encuentro y a nuestras familias\u201d dijo uno de los productores al tomar la palabra en el teatro y coment\u00f3 \u201cnunca pensamos tendr\u00edamos estas fiestas donde la primera fue un \u00e9xito y esta lo confirm\u00f3\u201d dijo y manifest\u00f3 \u201cestamos muy agradecidos como grupo\u201d destac\u00f3.<\/p>\n\n\n\n<p><strong>Agenda<\/strong><\/p>\n\n\n\n<p>La actividad ya se instal\u00f3 en la agenda de propuestas culturales de la ciudad, donde cada mes hay algo que promueve el encuentro, el trabajo, la producci\u00f3n y los espacios de felicidad.<\/p>\n","protected":false},"excerpt":{"rendered":"<p>Se llev\u00f3 adelante la segunda edici\u00f3n de \u201cQuesos en escena\u201d, una propuesta que vincula la producci\u00f3n mercedina con el p\u00fablico. &#8230; <a title=\"Se realiz\u00f3 el 2\u00b0 festival queseros con gran participaci\u00f3n\" class=\"read-more\" href=\"https:\/\/www.hoymercedes.com.ar\/principal\/2025\/04\/21\/se-realizo-el-2-festival-queseros-con-gran-participacion\/\" aria-label=\"Leer m\u00e1s sobre Se realiz\u00f3 el 2\u00b0 festival queseros con gran participaci\u00f3n\">Leer m\u00e1s<\/a><\/p>\n","protected":false},"author":1,"featured_media":184118,"comment_status":"closed","ping_status":"open","sticky":false,"template":"","format":"standard","meta":{"_monsterinsights_skip_tracking":false,"_monsterinsights_sitenote_active":false,"_monsterinsights_sitenote_note":"","_monsterinsights_sitenote_category":0,"jetpack_post_was_ever_published":false,"_jetpack_newsletter_access":"","_jetpack_dont_email_post_to_subs":false,"_jetpack_newsletter_tier_id":0,"_jetpack_memberships_contains_paywalled_content":false,"_jetpack_memberships_contains_paid_content":false,"footnotes":"","jetpack_publicize_message":"","jetpack_publicize_feature_enabled":true,"jetpack_social_post_already_shared":true,"jetpack_social_options":{"image_generator_settings":{"template":"highway","default_image_id":0,"font":"","enabled":false},"version":2},"_wpas_customize_per_network":false},"categories":[8],"tags":[20402,20403,20401],"class_list":["post-184117","post","type-post","status-publish","format-standard","has-post-thumbnail","hentry","category-sociedad","tag-festival-queseros-mercedes","tag-productores-de-quesos-mercedes","tag-quesos-en-accion","generate-columns","tablet-grid-50","mobile-grid-100","grid-parent","grid-50"],"jetpack_publicize_connections":[],"jetpack_featured_media_url":"https:\/\/www.hoymercedes.com.ar\/principal\/wp-content\/uploads\/2025\/04\/MHM_8734.jpg","wps_subtitle":"","jetpack_sharing_enabled":true,"_links":{"self":[{"href":"https:\/\/www.hoymercedes.com.ar\/principal\/wp-json\/wp\/v2\/posts\/184117","targetHints":{"allow":["GET"]}}],"collection":[{"href":"https:\/\/www.hoymercedes.com.ar\/principal\/wp-json\/wp\/v2\/posts"}],"about":[{"href":"https:\/\/www.hoymercedes.com.ar\/principal\/wp-json\/wp\/v2\/types\/post"}],"author":[{"embeddable":true,"href":"https:\/\/www.hoymercedes.com.ar\/principal\/wp-json\/wp\/v2\/users\/1"}],"replies":[{"embeddable":true,"href":"https:\/\/www.hoymercedes.com.ar\/principal\/wp-json\/wp\/v2\/comments?post=184117"}],"version-history":[{"count":1,"href":"https:\/\/www.hoymercedes.com.ar\/principal\/wp-json\/wp\/v2\/posts\/184117\/revisions"}],"predecessor-version":[{"id":184122,"href":"https:\/\/www.hoymercedes.com.ar\/principal\/wp-json\/wp\/v2\/posts\/184117\/revisions\/184122"}],"wp:featuredmedia":[{"embeddable":true,"href":"https:\/\/www.hoymercedes.com.ar\/principal\/wp-json\/wp\/v2\/media\/184118"}],"wp:attachment":[{"href":"https:\/\/www.hoymercedes.com.ar\/principal\/wp-json\/wp\/v2\/media?parent=184117"}],"wp:term":[{"taxonomy":"category","embeddable":true,"href":"https:\/\/www.hoymercedes.com.ar\/principal\/wp-json\/wp\/v2\/categories?post=184117"},{"taxonomy":"post_tag","embeddable":true,"href":"https:\/\/www.hoymercedes.com.ar\/principal\/wp-json\/wp\/v2\/tags?post=184117"}],"curies":[{"name":"wp","href":"https:\/\/api.w.org\/{rel}","templated":true}]}}