{"id":184130,"date":"2025-04-22T11:40:00","date_gmt":"2025-04-22T14:40:00","guid":{"rendered":"https:\/\/www.hoymercedes.com.ar\/principal\/?p=184130"},"modified":"2025-04-22T09:39:49","modified_gmt":"2025-04-22T12:39:49","slug":"oratoria-como-tema-de-capacitacion-en-la-cem","status":"publish","type":"post","link":"https:\/\/www.hoymercedes.com.ar\/principal\/2025\/04\/22\/oratoria-como-tema-de-capacitacion-en-la-cem\/","title":{"rendered":"Oratoria como tema de capacitaci\u00f3n en la CEM"},"content":{"rendered":"\n<p>El pr\u00f3ximo s\u00e1bado 26 de abril, a las 10 de la ma\u00f1ana, se realizar\u00e1 en la sede de la C\u00e1mara Econ\u00f3mica Mercedina (CEM) una capacitaci\u00f3n titulada \u201cEl arte de comunicar: la oratoria como herramienta de impacto\u201d, a cargo de Carolina Galeano. La actividad est\u00e1 orientada especialmente a mujeres que deseen fortalecer su voz, liderazgo y habilidades comunicacionales.<\/p>\n\n\n\n<p>La propuesta es impulsada por el espacio Mujeres CEM, y busca brindar herramientas concretas para dominar la presencia esc\u00e9nica, mejorar el lenguaje corporal y lograr una comunicaci\u00f3n segura, clara y efectiva.<\/p>\n\n\n\n<p>Seg\u00fan destacan desde la organizaci\u00f3n, \u201ccomunicar no es solo hablar, es conectar\u201d, por lo que el objetivo es acompa\u00f1ar a las participantes en el desarrollo de su potencial expresivo.<\/p>\n\n\n\n<p>La capacitaci\u00f3n es gratuita, con cupos limitados, y requiere inscripci\u00f3n previa a trav\u00e9s del enlace disponible en las redes oficiales de la instituci\u00f3n. El encuentro se desarrollar\u00e1 en la sede de la CEM, ubicada en calle 29 entre 26 y 28, en la ciudad de Mercedes.<\/p>\n\n\n\n<p>Fuente Prensa CEM<\/p>\n\n\n\n<figure class=\"wp-block-image size-full\"><img loading=\"lazy\" decoding=\"async\" width=\"512\" height=\"640\" data-attachment-id=\"184131\" data-permalink=\"https:\/\/www.hoymercedes.com.ar\/principal\/2025\/04\/22\/oratoria-como-tema-de-capacitacion-en-la-cem\/img-20250422-wa0000\/#main\" data-orig-file=\"https:\/\/www.hoymercedes.com.ar\/principal\/wp-content\/uploads\/2025\/04\/IMG-20250422-WA0000.jpg\" data-orig-size=\"512,640\" data-comments-opened=\"0\" data-image-meta=\"{&quot;aperture&quot;:&quot;0&quot;,&quot;credit&quot;:&quot;&quot;,&quot;camera&quot;:&quot;&quot;,&quot;caption&quot;:&quot;&quot;,&quot;created_timestamp&quot;:&quot;0&quot;,&quot;copyright&quot;:&quot;&quot;,&quot;focal_length&quot;:&quot;0&quot;,&quot;iso&quot;:&quot;0&quot;,&quot;shutter_speed&quot;:&quot;0&quot;,&quot;title&quot;:&quot;&quot;,&quot;orientation&quot;:&quot;0&quot;}\" data-image-title=\"IMG-20250422-WA0000\" data-image-description=\"\" data-image-caption=\"\" data-large-file=\"https:\/\/www.hoymercedes.com.ar\/principal\/wp-content\/uploads\/2025\/04\/IMG-20250422-WA0000.jpg\" src=\"https:\/\/www.hoymercedes.com.ar\/principal\/wp-content\/uploads\/2025\/04\/IMG-20250422-WA0000.jpg\" alt=\"\" class=\"wp-image-184131\" srcset=\"https:\/\/www.hoymercedes.com.ar\/principal\/wp-content\/uploads\/2025\/04\/IMG-20250422-WA0000.jpg 512w, https:\/\/www.hoymercedes.com.ar\/principal\/wp-content\/uploads\/2025\/04\/IMG-20250422-WA0000-496x620.jpg 496w, https:\/\/www.hoymercedes.com.ar\/principal\/wp-content\/uploads\/2025\/04\/IMG-20250422-WA0000-120x150.jpg 120w\" sizes=\"auto, (max-width: 512px) 100vw, 512px\" \/><\/figure>\n","protected":false},"excerpt":{"rendered":"<p>El pr\u00f3ximo s\u00e1bado 26 de abril, a las 10 de la ma\u00f1ana, se realizar\u00e1 en la sede de la C\u00e1mara &#8230; <a title=\"Oratoria como tema de capacitaci\u00f3n en la CEM\" class=\"read-more\" href=\"https:\/\/www.hoymercedes.com.ar\/principal\/2025\/04\/22\/oratoria-como-tema-de-capacitacion-en-la-cem\/\" aria-label=\"Leer m\u00e1s sobre Oratoria como tema de capacitaci\u00f3n en la CEM\">Leer m\u00e1s<\/a><\/p>\n","protected":false},"author":1,"featured_media":184131,"comment_status":"closed","ping_status":"open","sticky":false,"template":"","format":"standard","meta":{"_monsterinsights_skip_tracking":false,"_monsterinsights_sitenote_active":false,"_monsterinsights_sitenote_note":"","_monsterinsights_sitenote_category":0,"jetpack_post_was_ever_published":false,"_jetpack_newsletter_access":"","_jetpack_dont_email_post_to_subs":false,"_jetpack_newsletter_tier_id":0,"_jetpack_memberships_contains_paywalled_content":false,"_jetpack_memberships_contains_paid_content":false,"footnotes":"","jetpack_publicize_message":"","jetpack_publicize_feature_enabled":true,"jetpack_social_post_already_shared":true,"jetpack_social_options":{"image_generator_settings":{"template":"highway","default_image_id":0,"font":"","enabled":false},"version":2},"_wpas_customize_per_network":false},"categories":[8],"tags":[],"class_list":["post-184130","post","type-post","status-publish","format-standard","has-post-thumbnail","hentry","category-sociedad","generate-columns","tablet-grid-50","mobile-grid-100","grid-parent","grid-50"],"jetpack_publicize_connections":[],"jetpack_featured_media_url":"https:\/\/www.hoymercedes.com.ar\/principal\/wp-content\/uploads\/2025\/04\/IMG-20250422-WA0000.jpg","wps_subtitle":"","jetpack_sharing_enabled":true,"_links":{"self":[{"href":"https:\/\/www.hoymercedes.com.ar\/principal\/wp-json\/wp\/v2\/posts\/184130","targetHints":{"allow":["GET"]}}],"collection":[{"href":"https:\/\/www.hoymercedes.com.ar\/principal\/wp-json\/wp\/v2\/posts"}],"about":[{"href":"https:\/\/www.hoymercedes.com.ar\/principal\/wp-json\/wp\/v2\/types\/post"}],"author":[{"embeddable":true,"href":"https:\/\/www.hoymercedes.com.ar\/principal\/wp-json\/wp\/v2\/users\/1"}],"replies":[{"embeddable":true,"href":"https:\/\/www.hoymercedes.com.ar\/principal\/wp-json\/wp\/v2\/comments?post=184130"}],"version-history":[{"count":1,"href":"https:\/\/www.hoymercedes.com.ar\/principal\/wp-json\/wp\/v2\/posts\/184130\/revisions"}],"predecessor-version":[{"id":184132,"href":"https:\/\/www.hoymercedes.com.ar\/principal\/wp-json\/wp\/v2\/posts\/184130\/revisions\/184132"}],"wp:featuredmedia":[{"embeddable":true,"href":"https:\/\/www.hoymercedes.com.ar\/principal\/wp-json\/wp\/v2\/media\/184131"}],"wp:attachment":[{"href":"https:\/\/www.hoymercedes.com.ar\/principal\/wp-json\/wp\/v2\/media?parent=184130"}],"wp:term":[{"taxonomy":"category","embeddable":true,"href":"https:\/\/www.hoymercedes.com.ar\/principal\/wp-json\/wp\/v2\/categories?post=184130"},{"taxonomy":"post_tag","embeddable":true,"href":"https:\/\/www.hoymercedes.com.ar\/principal\/wp-json\/wp\/v2\/tags?post=184130"}],"curies":[{"name":"wp","href":"https:\/\/api.w.org\/{rel}","templated":true}]}}