{"id":184148,"date":"2025-04-22T14:52:00","date_gmt":"2025-04-22T17:52:00","guid":{"rendered":"https:\/\/www.hoymercedes.com.ar\/principal\/?p=184148"},"modified":"2025-04-22T09:54:06","modified_gmt":"2025-04-22T12:54:06","slug":"se-deben-cuidar-los-bosques-en-argentina","status":"publish","type":"post","link":"https:\/\/www.hoymercedes.com.ar\/principal\/2025\/04\/22\/se-deben-cuidar-los-bosques-en-argentina\/","title":{"rendered":"Se deben cuidar los bosques en Argentina"},"content":{"rendered":"\n<p>Por Cristi\u00e1n Frers &#8211; Mientras el mundo intenta frenar el ritmo del\u00a0cambio clim\u00e1tico, preservar la vida salvaje y mantener\u00a0a m\u00e1s de ocho mil millones de personas, los \u00e1rboles y su conservaci\u00f3n se han vuelto inevitablemente una parte importante de la respuesta. Sin embargo, la destrucci\u00f3n masiva de \u00e1rboles, conocida como deforestaci\u00f3n, est\u00e1 sacrificando los beneficios que nos dar\u00edan a largo plazo.<\/p>\n\n\n<div class=\"wp-block-image\">\n<figure class=\"alignleft size-full\"><img loading=\"lazy\" decoding=\"async\" width=\"474\" height=\"317\" data-attachment-id=\"184149\" data-permalink=\"https:\/\/www.hoymercedes.com.ar\/principal\/2025\/04\/22\/se-deben-cuidar-los-bosques-en-argentina\/image-118\/#main\" data-orig-file=\"https:\/\/www.hoymercedes.com.ar\/principal\/wp-content\/uploads\/2025\/04\/image-7.png\" data-orig-size=\"474,317\" data-comments-opened=\"0\" data-image-meta=\"{&quot;aperture&quot;:&quot;0&quot;,&quot;credit&quot;:&quot;&quot;,&quot;camera&quot;:&quot;&quot;,&quot;caption&quot;:&quot;&quot;,&quot;created_timestamp&quot;:&quot;0&quot;,&quot;copyright&quot;:&quot;&quot;,&quot;focal_length&quot;:&quot;0&quot;,&quot;iso&quot;:&quot;0&quot;,&quot;shutter_speed&quot;:&quot;0&quot;,&quot;title&quot;:&quot;&quot;,&quot;orientation&quot;:&quot;0&quot;}\" data-image-title=\"image\" data-image-description=\"\" data-image-caption=\"\" data-large-file=\"https:\/\/www.hoymercedes.com.ar\/principal\/wp-content\/uploads\/2025\/04\/image-7.png\" src=\"https:\/\/www.hoymercedes.com.ar\/principal\/wp-content\/uploads\/2025\/04\/image-7.png\" alt=\"\" class=\"wp-image-184149\" srcset=\"https:\/\/www.hoymercedes.com.ar\/principal\/wp-content\/uploads\/2025\/04\/image-7.png 474w, https:\/\/www.hoymercedes.com.ar\/principal\/wp-content\/uploads\/2025\/04\/image-7-150x100.png 150w\" sizes=\"auto, (max-width: 474px) 100vw, 474px\" \/><\/figure>\n<\/div>\n\n\n<p>Los bosques cubren aun el treinta por ciento de las regiones del mundo, pero anualmente se pierden miles de hect\u00e1reas. Los bosques concentran m\u00e1s de la mitad de la biodiversidad terrestre del planeta. Nos brindan bienes y servicios indispensables para nuestra supervivencia, como alimentos, maderas ymedicinas.\u00a0Son el territorio y el\u00a0sustento de comunidades ind\u00edgenas y campesinas. Y cumplen un rol fundamental en la regulaci\u00f3n clim\u00e1tica, el mantenimiento de las fuentes y caudales de agua, y la conservaci\u00f3n de los suelos.<\/p>\n\n\n\n<p>Necesitamos los \u00e1rboles por varias razones, y una de las m\u00e1s importantes es que absorben tanto el di\u00f3xido de carbono que exhalamos como los\u00a0gases de efecto invernadero\u00a0que atrapan el calor y que emiten las actividades humanas. A medida que esos gases entran en la atm\u00f3sfera, aumenta el\u00a0calentamiento global.<\/p>\n\n\n\n<p>La riqueza de los bosques nativos argentinos es inmensa, pero tambi\u00e9n lo es su fragilidad.&nbsp;Algunos de estos \u00e1rboles, como las especies de la selva misionera o los bosques de alerces en la Patagonia, tardan siglos en alcanzar su madurez.&nbsp;Si no se toman medidas para protegerlos, podr\u00edan desaparecer para siempre, llev\u00e1ndose consigo un patrimonio biol\u00f3gico irremplazable.<\/p>\n\n\n\n<p>La situaci\u00f3n de los bosques nativos en Argentina es preocupante.&nbsp;Desde hace d\u00e9cadas, la deforestaci\u00f3n ha causado una significativa reducci\u00f3n en la cobertura forestal del pa\u00eds, especialmente en regiones como el Parque Chaque\u00f1o. Esta p\u00e9rdida de bosques no solo amenaza la biodiversidad, sino que tambi\u00e9n agrava los efectos del cambio clim\u00e1tico, al reducir la capacidad de los bosques para capturar carbono.<\/p>\n\n\n\n<p>\u00bfSe cumple la Ley de Bosques en el pa\u00eds? No, la Ley de Bosques Nativos (Ley 26.331) no se cumple plenamente en Argentina.&nbsp;Entre los principales problemas se encuentran la des financiaci\u00f3n, la deforestaci\u00f3n ilegal y la falta de metas.&nbsp;<\/p>\n\n\n\n<p>Preservar estos bosques no es solo una cuesti\u00f3n ecol\u00f3gica, sino tambi\u00e9n una necesidad econ\u00f3mica y social.Los bosques nativos sustentan a comunidades locales, proporcionan recursos naturales esenciales y son una fuente de riqueza a trav\u00e9s del ecoturismo y la producci\u00f3n forestal sostenible. Sin embargo, sin una gesti\u00f3n adecuada, estos beneficios podr\u00edan perderse.<\/p>\n\n\n\n<p>En \u00faltima instancia, la conservaci\u00f3n de los bosques nativos argentinos depende de nuestra capacidad para reconocer su valor y actuar en consecuencia.&nbsp;Cada \u00e1rbol, cada especie, cada bosque es un cap\u00edtulo en la historia natural de nuestro pa\u00eds, y debemos asegurarnos de que no se cierre para siempre.<\/p>\n\n\n\n<p>Los programas forestales en cada pa\u00eds deben hacer participar a todos los interesados e integrar la conservaci\u00f3n y el uso sostenible de los recursos biol\u00f3gicos. Asimismo, los institutos nacionales de investigaci\u00f3n forestal deben mejorarse y dar origen a una red para facilitar el intercambio de informaci\u00f3n, fomentar la investigaci\u00f3n y dar a conocer los resultados de las distintas disciplinas. Es necesario llevar a cabo estudios que analicen las causas de la deforestaci\u00f3n y degradaci\u00f3n ambiental en cada pa\u00eds, debe fomentarse la cooperaci\u00f3n en temas de trasferencia de tecnolog\u00eda relacionada con los bosques mediante inversiones p\u00fablicas y privadas, mejorar el acceso al mercado de los bienes y servicios forestales y las pol\u00edticas inversoras deben tener como finalidad atraer las inversiones de las comunidades locales, provinciales, nacionales y extranjeras.<\/p>\n\n\n\n<p>Para luchar contra la deforestaci\u00f3n, se debe poner en marcha proyectos que sean respetuosos con el ambiente y que contribuyan a&nbsp;la reducci\u00f3n del impacto negativo.<\/p>\n\n\n\n<p>Cristi\u00e1n Frers \u2013 T\u00e9cnico Superior en Gesti\u00f3n Ambiental y T\u00e9cnico Superior en Comunicaci\u00f3n Social (Periodista).<\/p>\n","protected":false},"excerpt":{"rendered":"<p>Por Cristi\u00e1n Frers &#8211; Mientras el mundo intenta frenar el ritmo del\u00a0cambio clim\u00e1tico, preservar la vida salvaje y mantener\u00a0a m\u00e1s &#8230; <a title=\"Se deben cuidar los bosques en Argentina\" class=\"read-more\" href=\"https:\/\/www.hoymercedes.com.ar\/principal\/2025\/04\/22\/se-deben-cuidar-los-bosques-en-argentina\/\" aria-label=\"Leer m\u00e1s sobre Se deben cuidar los bosques en Argentina\">Leer m\u00e1s<\/a><\/p>\n","protected":false},"author":1,"featured_media":184149,"comment_status":"closed","ping_status":"open","sticky":false,"template":"","format":"standard","meta":{"_monsterinsights_skip_tracking":false,"_monsterinsights_sitenote_active":false,"_monsterinsights_sitenote_note":"","_monsterinsights_sitenote_category":0,"jetpack_post_was_ever_published":false,"_jetpack_newsletter_access":"","_jetpack_dont_email_post_to_subs":false,"_jetpack_newsletter_tier_id":0,"_jetpack_memberships_contains_paywalled_content":false,"_jetpack_memberships_contains_paid_content":false,"footnotes":"","jetpack_publicize_message":"","jetpack_publicize_feature_enabled":true,"jetpack_social_post_already_shared":true,"jetpack_social_options":{"image_generator_settings":{"template":"highway","default_image_id":0,"font":"","enabled":false},"version":2},"_wpas_customize_per_network":false},"categories":[8],"tags":[],"class_list":["post-184148","post","type-post","status-publish","format-standard","has-post-thumbnail","hentry","category-sociedad","generate-columns","tablet-grid-50","mobile-grid-100","grid-parent","grid-50"],"jetpack_publicize_connections":[],"jetpack_featured_media_url":"https:\/\/www.hoymercedes.com.ar\/principal\/wp-content\/uploads\/2025\/04\/image-7.png","wps_subtitle":"","jetpack_sharing_enabled":true,"_links":{"self":[{"href":"https:\/\/www.hoymercedes.com.ar\/principal\/wp-json\/wp\/v2\/posts\/184148","targetHints":{"allow":["GET"]}}],"collection":[{"href":"https:\/\/www.hoymercedes.com.ar\/principal\/wp-json\/wp\/v2\/posts"}],"about":[{"href":"https:\/\/www.hoymercedes.com.ar\/principal\/wp-json\/wp\/v2\/types\/post"}],"author":[{"embeddable":true,"href":"https:\/\/www.hoymercedes.com.ar\/principal\/wp-json\/wp\/v2\/users\/1"}],"replies":[{"embeddable":true,"href":"https:\/\/www.hoymercedes.com.ar\/principal\/wp-json\/wp\/v2\/comments?post=184148"}],"version-history":[{"count":1,"href":"https:\/\/www.hoymercedes.com.ar\/principal\/wp-json\/wp\/v2\/posts\/184148\/revisions"}],"predecessor-version":[{"id":184150,"href":"https:\/\/www.hoymercedes.com.ar\/principal\/wp-json\/wp\/v2\/posts\/184148\/revisions\/184150"}],"wp:featuredmedia":[{"embeddable":true,"href":"https:\/\/www.hoymercedes.com.ar\/principal\/wp-json\/wp\/v2\/media\/184149"}],"wp:attachment":[{"href":"https:\/\/www.hoymercedes.com.ar\/principal\/wp-json\/wp\/v2\/media?parent=184148"}],"wp:term":[{"taxonomy":"category","embeddable":true,"href":"https:\/\/www.hoymercedes.com.ar\/principal\/wp-json\/wp\/v2\/categories?post=184148"},{"taxonomy":"post_tag","embeddable":true,"href":"https:\/\/www.hoymercedes.com.ar\/principal\/wp-json\/wp\/v2\/tags?post=184148"}],"curies":[{"name":"wp","href":"https:\/\/api.w.org\/{rel}","templated":true}]}}