{"id":184163,"date":"2025-04-23T14:34:29","date_gmt":"2025-04-23T17:34:29","guid":{"rendered":"https:\/\/www.hoymercedes.com.ar\/principal\/?p=184163"},"modified":"2025-04-23T14:34:32","modified_gmt":"2025-04-23T17:34:32","slug":"municipio-aparta-a-3-empleados-sospechados-de-vender-licencias-de-conducir","status":"publish","type":"post","link":"https:\/\/www.hoymercedes.com.ar\/principal\/2025\/04\/23\/municipio-aparta-a-3-empleados-sospechados-de-vender-licencias-de-conducir\/","title":{"rendered":"Municipio aparta a 3 empleados sospechados de vender licencias de conducir"},"content":{"rendered":"\n<p>El Municipio apart\u00f3 de sus cargos hoy a tres empleados de la Secretar\u00eda de Seguridad sospechados de vender licencias de conducir y quienes est\u00e1n siendo investigados por la Justicia. Dos de ellos fueron aprehendidos. La denuncia la hizo ayer el propio Municipio.<\/p>\n\n\n\n<p>La medida lleg\u00f3 despu\u00e9s de que los responsables de la Secretar\u00eda de Seguridad recibieran el testimonio de un vecino, quien cont\u00f3 que le hab\u00edan ofrecido obtener su licencia de conducir sin realizar los ex\u00e1menes te\u00f3ricos y pr\u00e1cticos a cambio de dinero.<\/p>\n\n\n\n<p>La Justicia inici\u00f3 una investigaci\u00f3n a partir de la denuncia realizada y detuvo en flagrancia a un individuo, ajeno al Municipio, que ser\u00eda el nexo con los tres empleados ahora apartados de su cargo.<\/p>\n\n\n\n<p>La Justicia contin\u00faa realizando medidas de prueba y el Municipio inici\u00f3 los sumarios administrativos correspondientes.<\/p>\n\n\n\n<p>Ante cualquier informaci\u00f3n que se pueda aportar, el municipio solicita dirigirse a la Fiscal\u00eda de calle 26 y 37 (UFI 3).<\/p>\n","protected":false},"excerpt":{"rendered":"<p>El Municipio apart\u00f3 de sus cargos hoy a tres empleados de la Secretar\u00eda de Seguridad sospechados de vender licencias de &#8230; <a title=\"Municipio aparta a 3 empleados sospechados de vender licencias de conducir\" class=\"read-more\" href=\"https:\/\/www.hoymercedes.com.ar\/principal\/2025\/04\/23\/municipio-aparta-a-3-empleados-sospechados-de-vender-licencias-de-conducir\/\" aria-label=\"Leer m\u00e1s sobre Municipio aparta a 3 empleados sospechados de vender licencias de conducir\">Leer m\u00e1s<\/a><\/p>\n","protected":false},"author":1,"featured_media":184003,"comment_status":"closed","ping_status":"open","sticky":false,"template":"","format":"standard","meta":{"_monsterinsights_skip_tracking":false,"_monsterinsights_sitenote_active":false,"_monsterinsights_sitenote_note":"","_monsterinsights_sitenote_category":0,"jetpack_post_was_ever_published":false,"_jetpack_newsletter_access":"","_jetpack_dont_email_post_to_subs":false,"_jetpack_newsletter_tier_id":0,"_jetpack_memberships_contains_paywalled_content":false,"_jetpack_memberships_contains_paid_content":false,"footnotes":"","jetpack_publicize_message":"","jetpack_publicize_feature_enabled":true,"jetpack_social_post_already_shared":true,"jetpack_social_options":{"image_generator_settings":{"template":"highway","default_image_id":0,"font":"","enabled":false},"version":2},"_wpas_customize_per_network":false},"categories":[8],"tags":[],"class_list":["post-184163","post","type-post","status-publish","format-standard","has-post-thumbnail","hentry","category-sociedad","generate-columns","tablet-grid-50","mobile-grid-100","grid-parent","grid-50"],"jetpack_publicize_connections":[],"jetpack_featured_media_url":"https:\/\/www.hoymercedes.com.ar\/principal\/wp-content\/uploads\/2025\/04\/MunicipalidadDeMercedes.jpg","wps_subtitle":"","jetpack_sharing_enabled":true,"_links":{"self":[{"href":"https:\/\/www.hoymercedes.com.ar\/principal\/wp-json\/wp\/v2\/posts\/184163","targetHints":{"allow":["GET"]}}],"collection":[{"href":"https:\/\/www.hoymercedes.com.ar\/principal\/wp-json\/wp\/v2\/posts"}],"about":[{"href":"https:\/\/www.hoymercedes.com.ar\/principal\/wp-json\/wp\/v2\/types\/post"}],"author":[{"embeddable":true,"href":"https:\/\/www.hoymercedes.com.ar\/principal\/wp-json\/wp\/v2\/users\/1"}],"replies":[{"embeddable":true,"href":"https:\/\/www.hoymercedes.com.ar\/principal\/wp-json\/wp\/v2\/comments?post=184163"}],"version-history":[{"count":1,"href":"https:\/\/www.hoymercedes.com.ar\/principal\/wp-json\/wp\/v2\/posts\/184163\/revisions"}],"predecessor-version":[{"id":184164,"href":"https:\/\/www.hoymercedes.com.ar\/principal\/wp-json\/wp\/v2\/posts\/184163\/revisions\/184164"}],"wp:featuredmedia":[{"embeddable":true,"href":"https:\/\/www.hoymercedes.com.ar\/principal\/wp-json\/wp\/v2\/media\/184003"}],"wp:attachment":[{"href":"https:\/\/www.hoymercedes.com.ar\/principal\/wp-json\/wp\/v2\/media?parent=184163"}],"wp:term":[{"taxonomy":"category","embeddable":true,"href":"https:\/\/www.hoymercedes.com.ar\/principal\/wp-json\/wp\/v2\/categories?post=184163"},{"taxonomy":"post_tag","embeddable":true,"href":"https:\/\/www.hoymercedes.com.ar\/principal\/wp-json\/wp\/v2\/tags?post=184163"}],"curies":[{"name":"wp","href":"https:\/\/api.w.org\/{rel}","templated":true}]}}