{"id":184173,"date":"2025-04-24T17:01:00","date_gmt":"2025-04-24T20:01:00","guid":{"rendered":"https:\/\/www.hoymercedes.com.ar\/principal\/?p=184173"},"modified":"2025-04-23T20:15:56","modified_gmt":"2025-04-23T23:15:56","slug":"cine-mercedes-tres-peliculas-para-el-fin-de-semana-5","status":"publish","type":"post","link":"https:\/\/www.hoymercedes.com.ar\/principal\/2025\/04\/24\/cine-mercedes-tres-peliculas-para-el-fin-de-semana-5\/","title":{"rendered":"Cine Mercedes: Tres pel\u00edculas para el fin de semana"},"content":{"rendered":"\n<p>Desde el viernes 25 al martes 29 de abril, el Cine Mercedes ofrece tres pel\u00edculas para la cartelera local. Sigue la pel\u00edcula argentina \u00abMazel Tov\u00bb a la hora 19, en tanto, se estrena \u00abPecadores\u00bb en la funci\u00f3n de la 21:15 hs. Finalmente, s\u00e1bado y domingo, podr\u00e1 verse \u00abMinecraft\u00bb a la hora 16:45. <\/p>\n\n\n<div class=\"wp-block-image\">\n<figure class=\"aligncenter size-large\"><img loading=\"lazy\" decoding=\"async\" width=\"735\" height=\"1024\" data-attachment-id=\"184174\" data-permalink=\"https:\/\/www.hoymercedes.com.ar\/principal\/2025\/04\/24\/cine-mercedes-tres-peliculas-para-el-fin-de-semana-5\/gacetilla-cine-mercedes-5-7\/#main\" data-orig-file=\"https:\/\/www.hoymercedes.com.ar\/principal\/wp-content\/uploads\/2025\/04\/Gacetilla-Cine-Mercedes-5.png\" data-orig-size=\"827,1152\" data-comments-opened=\"0\" data-image-meta=\"{&quot;aperture&quot;:&quot;0&quot;,&quot;credit&quot;:&quot;&quot;,&quot;camera&quot;:&quot;&quot;,&quot;caption&quot;:&quot;&quot;,&quot;created_timestamp&quot;:&quot;0&quot;,&quot;copyright&quot;:&quot;&quot;,&quot;focal_length&quot;:&quot;0&quot;,&quot;iso&quot;:&quot;0&quot;,&quot;shutter_speed&quot;:&quot;0&quot;,&quot;title&quot;:&quot;&quot;,&quot;orientation&quot;:&quot;0&quot;}\" data-image-title=\"Gacetilla Cine Mercedes (5)\" data-image-description=\"\" data-image-caption=\"\" data-large-file=\"https:\/\/www.hoymercedes.com.ar\/principal\/wp-content\/uploads\/2025\/04\/Gacetilla-Cine-Mercedes-5-735x1024.png\" src=\"https:\/\/www.hoymercedes.com.ar\/principal\/wp-content\/uploads\/2025\/04\/Gacetilla-Cine-Mercedes-5-735x1024.png\" alt=\"\" class=\"wp-image-184174\" srcset=\"https:\/\/www.hoymercedes.com.ar\/principal\/wp-content\/uploads\/2025\/04\/Gacetilla-Cine-Mercedes-5-735x1024.png 735w, https:\/\/www.hoymercedes.com.ar\/principal\/wp-content\/uploads\/2025\/04\/Gacetilla-Cine-Mercedes-5-445x620.png 445w, https:\/\/www.hoymercedes.com.ar\/principal\/wp-content\/uploads\/2025\/04\/Gacetilla-Cine-Mercedes-5-108x150.png 108w, https:\/\/www.hoymercedes.com.ar\/principal\/wp-content\/uploads\/2025\/04\/Gacetilla-Cine-Mercedes-5.png 827w\" sizes=\"auto, (max-width: 735px) 100vw, 735px\" \/><\/figure>\n<\/div>\n\n\n<p>Sinopsis \u00abMinecraft\u00bb Cuatro inadaptados -Garrett \u00abEl Basurero\u00bb Garrison (Momoa), Henry (Hansen), Natalie (Myers) y Dawn (Brooks)- se encuentran luchando con problemas ordinarios cuando de repente se ven arrastrados a trav\u00e9s de un misterioso portal al Mundo Exterior: un extra\u00f1o pa\u00eds de las maravillas c\u00fabico que se nutre de la imaginaci\u00f3n. Para volver a casa, tendr\u00e1n que dominar este mundo (y protegerlo de cosas malvadas como Piglins y Zombies, tambi\u00e9n) mientras se embarcan en una b\u00fasqueda m\u00e1gica con un inesperado experto artesano, Steve (Black). Juntos, su aventura desafiar\u00e1 a los cinco a ser audaces y a volver a conectar con las cualidades que hacen que cada uno de ellos sea \u00fanico y creativo&#8230; las mismas habilidades que necesitan para prosperar de nuevo en el mundo real.<\/p>\n\n\n\n<p>Sinopsis \u00abMazel Tov\u00bb: Dar\u00edo Roitman (Suar), quien vive hace muchos a\u00f1os en Estados Unidos, alejado de su padre, sus tres hermanos y su hijo, decide regresar a Argentina para asistir a la boda de su hermana Daniela (Natalie P\u00e9rez) y al Bat Mitzv\u00e1 de su sobrina. Este viaje representa para \u00e9l la oportunidad de reconstruir los lazos familiares, reencontrarse con su pasado y sanar viejas heridas. Sin embargo, pocas horas antes de abordar el avi\u00f3n, se entera del fallecimiento de su padre.El duelo y las tradiciones familiares ponen a prueba la fr\u00e1gil relaci\u00f3n entre los cuatro hermanos Roitman (Adri\u00e1n Suar, Fern\u00e1n Mir\u00e1s, Natalie P\u00e9rez y Benjam\u00edn Rojas) sumergi\u00e9ndolos en una monta\u00f1a rusa de emociones donde el amor, el resentimiento y la nostalgia se entrelazan. Pero Dar\u00edo est\u00e1 decidido a celebrar los momentos felices sin olvidar el dolor, y a fortalecer sus lazos de hermandad, que el tiempo y la distancia han desgastado. Mazel Tov es una historia conmovedora y universal que nos recuerda que, en las familias, siempre hay espacio para el caos, las risas y la reconciliaci\u00f3n.<\/p>\n\n\n\n<p>Sinopsis \u00abPecadores\u00bb: Tratando de dejar atr\u00e1s sus problem\u00e1ticas vidas, dos hermanos gemelos (Jordan) regresan a su pueblo natal para empezar de nuevo, solo para descubrir que un mal a\u00fan mayor les espera para darles la bienvenida. (FILMAFFINITY)<\/p>\n","protected":false},"excerpt":{"rendered":"<p>Desde el viernes 25 al martes 29 de abril, el Cine Mercedes ofrece tres pel\u00edculas para la cartelera local. Sigue &#8230; <a title=\"Cine Mercedes: Tres pel\u00edculas para el fin de semana\" class=\"read-more\" href=\"https:\/\/www.hoymercedes.com.ar\/principal\/2025\/04\/24\/cine-mercedes-tres-peliculas-para-el-fin-de-semana-5\/\" aria-label=\"Leer m\u00e1s sobre Cine Mercedes: Tres pel\u00edculas para el fin de semana\">Leer m\u00e1s<\/a><\/p>\n","protected":false},"author":1,"featured_media":184175,"comment_status":"closed","ping_status":"open","sticky":false,"template":"","format":"standard","meta":{"_monsterinsights_skip_tracking":false,"_monsterinsights_sitenote_active":false,"_monsterinsights_sitenote_note":"","_monsterinsights_sitenote_category":0,"jetpack_post_was_ever_published":false,"_jetpack_newsletter_access":"","_jetpack_dont_email_post_to_subs":false,"_jetpack_newsletter_tier_id":0,"_jetpack_memberships_contains_paywalled_content":false,"_jetpack_memberships_contains_paid_content":false,"footnotes":"","jetpack_publicize_message":"","jetpack_publicize_feature_enabled":true,"jetpack_social_post_already_shared":true,"jetpack_social_options":{"image_generator_settings":{"template":"highway","default_image_id":0,"font":"","enabled":false},"version":2},"_wpas_customize_per_network":false},"categories":[8],"tags":[],"class_list":["post-184173","post","type-post","status-publish","format-standard","has-post-thumbnail","hentry","category-sociedad","generate-columns","tablet-grid-50","mobile-grid-100","grid-parent","grid-50"],"jetpack_publicize_connections":[],"jetpack_featured_media_url":"https:\/\/www.hoymercedes.com.ar\/principal\/wp-content\/uploads\/2025\/04\/sinners-953647732-large.jpg","wps_subtitle":"","jetpack_sharing_enabled":true,"_links":{"self":[{"href":"https:\/\/www.hoymercedes.com.ar\/principal\/wp-json\/wp\/v2\/posts\/184173","targetHints":{"allow":["GET"]}}],"collection":[{"href":"https:\/\/www.hoymercedes.com.ar\/principal\/wp-json\/wp\/v2\/posts"}],"about":[{"href":"https:\/\/www.hoymercedes.com.ar\/principal\/wp-json\/wp\/v2\/types\/post"}],"author":[{"embeddable":true,"href":"https:\/\/www.hoymercedes.com.ar\/principal\/wp-json\/wp\/v2\/users\/1"}],"replies":[{"embeddable":true,"href":"https:\/\/www.hoymercedes.com.ar\/principal\/wp-json\/wp\/v2\/comments?post=184173"}],"version-history":[{"count":1,"href":"https:\/\/www.hoymercedes.com.ar\/principal\/wp-json\/wp\/v2\/posts\/184173\/revisions"}],"predecessor-version":[{"id":184176,"href":"https:\/\/www.hoymercedes.com.ar\/principal\/wp-json\/wp\/v2\/posts\/184173\/revisions\/184176"}],"wp:featuredmedia":[{"embeddable":true,"href":"https:\/\/www.hoymercedes.com.ar\/principal\/wp-json\/wp\/v2\/media\/184175"}],"wp:attachment":[{"href":"https:\/\/www.hoymercedes.com.ar\/principal\/wp-json\/wp\/v2\/media?parent=184173"}],"wp:term":[{"taxonomy":"category","embeddable":true,"href":"https:\/\/www.hoymercedes.com.ar\/principal\/wp-json\/wp\/v2\/categories?post=184173"},{"taxonomy":"post_tag","embeddable":true,"href":"https:\/\/www.hoymercedes.com.ar\/principal\/wp-json\/wp\/v2\/tags?post=184173"}],"curies":[{"name":"wp","href":"https:\/\/api.w.org\/{rel}","templated":true}]}}