{"id":184177,"date":"2025-04-23T20:36:28","date_gmt":"2025-04-23T23:36:28","guid":{"rendered":"https:\/\/www.hoymercedes.com.ar\/principal\/?p=184177"},"modified":"2025-04-23T20:36:31","modified_gmt":"2025-04-23T23:36:31","slug":"comenzo-la-inscripcion-a-los-torneos-bonaerenses-para-personas-mayores","status":"publish","type":"post","link":"https:\/\/www.hoymercedes.com.ar\/principal\/2025\/04\/23\/comenzo-la-inscripcion-a-los-torneos-bonaerenses-para-personas-mayores\/","title":{"rendered":"Comenz\u00f3 la inscripci\u00f3n a los Torneos Bonaerenses para Personas Mayores"},"content":{"rendered":"\n<p>La Direcci\u00f3n de Adultos Mayores del Municipio informa que ya est\u00e1 abierta la inscripci\u00f3n a los Torneos Bonaerenses 2025 en sus disciplinas culturales y deportivas, dirigidos a personas mayores.<\/p>\n\n\n\n<p>Quienes deseen participar en disciplinas culturales pueden inscribirse en la sede de la Direcci\u00f3n de Adultos Mayores, ubicada en calle 25 y 16, de lunes a viernes de 8 a 13 hs.<\/p>\n\n\n\n<p>En tanto, las inscripciones para las disciplinas deportivas se realizan en el CAPS de Adultos Mayores (calle 47 y 28), tambi\u00e9n de 8 a 13 hs.<\/p>\n\n\n\n<p>La fecha l\u00edmite para inscribirse es el 18 de mayo. <\/p>\n\n\n<div class=\"wp-block-image\">\n<figure class=\"aligncenter size-large\"><img loading=\"lazy\" decoding=\"async\" width=\"574\" height=\"1024\" data-attachment-id=\"184178\" data-permalink=\"https:\/\/www.hoymercedes.com.ar\/principal\/2025\/04\/23\/comenzo-la-inscripcion-a-los-torneos-bonaerenses-para-personas-mayores\/image-119\/#main\" data-orig-file=\"https:\/\/www.hoymercedes.com.ar\/principal\/wp-content\/uploads\/2025\/04\/image-8.png\" data-orig-size=\"718,1280\" data-comments-opened=\"0\" data-image-meta=\"{&quot;aperture&quot;:&quot;0&quot;,&quot;credit&quot;:&quot;&quot;,&quot;camera&quot;:&quot;&quot;,&quot;caption&quot;:&quot;&quot;,&quot;created_timestamp&quot;:&quot;0&quot;,&quot;copyright&quot;:&quot;&quot;,&quot;focal_length&quot;:&quot;0&quot;,&quot;iso&quot;:&quot;0&quot;,&quot;shutter_speed&quot;:&quot;0&quot;,&quot;title&quot;:&quot;&quot;,&quot;orientation&quot;:&quot;0&quot;}\" data-image-title=\"image\" data-image-description=\"\" data-image-caption=\"\" data-large-file=\"https:\/\/www.hoymercedes.com.ar\/principal\/wp-content\/uploads\/2025\/04\/image-8-574x1024.png\" src=\"https:\/\/www.hoymercedes.com.ar\/principal\/wp-content\/uploads\/2025\/04\/image-8-574x1024.png\" alt=\"\" class=\"wp-image-184178\" srcset=\"https:\/\/www.hoymercedes.com.ar\/principal\/wp-content\/uploads\/2025\/04\/image-8-574x1024.png 574w, https:\/\/www.hoymercedes.com.ar\/principal\/wp-content\/uploads\/2025\/04\/image-8-348x620.png 348w, https:\/\/www.hoymercedes.com.ar\/principal\/wp-content\/uploads\/2025\/04\/image-8-84x150.png 84w, https:\/\/www.hoymercedes.com.ar\/principal\/wp-content\/uploads\/2025\/04\/image-8.png 718w\" sizes=\"auto, (max-width: 574px) 100vw, 574px\" \/><\/figure>\n<\/div>","protected":false},"excerpt":{"rendered":"<p>La Direcci\u00f3n de Adultos Mayores del Municipio informa que ya est\u00e1 abierta la inscripci\u00f3n a los Torneos Bonaerenses 2025 en &#8230; <a title=\"Comenz\u00f3 la inscripci\u00f3n a los Torneos Bonaerenses para Personas Mayores\" class=\"read-more\" href=\"https:\/\/www.hoymercedes.com.ar\/principal\/2025\/04\/23\/comenzo-la-inscripcion-a-los-torneos-bonaerenses-para-personas-mayores\/\" aria-label=\"Leer m\u00e1s sobre Comenz\u00f3 la inscripci\u00f3n a los Torneos Bonaerenses para Personas Mayores\">Leer m\u00e1s<\/a><\/p>\n","protected":false},"author":1,"featured_media":184178,"comment_status":"closed","ping_status":"open","sticky":false,"template":"","format":"standard","meta":{"_monsterinsights_skip_tracking":false,"_monsterinsights_sitenote_active":false,"_monsterinsights_sitenote_note":"","_monsterinsights_sitenote_category":0,"jetpack_post_was_ever_published":false,"_jetpack_newsletter_access":"","_jetpack_dont_email_post_to_subs":false,"_jetpack_newsletter_tier_id":0,"_jetpack_memberships_contains_paywalled_content":false,"_jetpack_memberships_contains_paid_content":false,"footnotes":"","jetpack_publicize_message":"","jetpack_publicize_feature_enabled":true,"jetpack_social_post_already_shared":true,"jetpack_social_options":{"image_generator_settings":{"template":"highway","default_image_id":0,"font":"","enabled":false},"version":2},"_wpas_customize_per_network":false},"categories":[8],"tags":[],"class_list":["post-184177","post","type-post","status-publish","format-standard","has-post-thumbnail","hentry","category-sociedad","generate-columns","tablet-grid-50","mobile-grid-100","grid-parent","grid-50"],"jetpack_publicize_connections":[],"jetpack_featured_media_url":"https:\/\/www.hoymercedes.com.ar\/principal\/wp-content\/uploads\/2025\/04\/image-8.png","wps_subtitle":"","jetpack_sharing_enabled":true,"_links":{"self":[{"href":"https:\/\/www.hoymercedes.com.ar\/principal\/wp-json\/wp\/v2\/posts\/184177","targetHints":{"allow":["GET"]}}],"collection":[{"href":"https:\/\/www.hoymercedes.com.ar\/principal\/wp-json\/wp\/v2\/posts"}],"about":[{"href":"https:\/\/www.hoymercedes.com.ar\/principal\/wp-json\/wp\/v2\/types\/post"}],"author":[{"embeddable":true,"href":"https:\/\/www.hoymercedes.com.ar\/principal\/wp-json\/wp\/v2\/users\/1"}],"replies":[{"embeddable":true,"href":"https:\/\/www.hoymercedes.com.ar\/principal\/wp-json\/wp\/v2\/comments?post=184177"}],"version-history":[{"count":1,"href":"https:\/\/www.hoymercedes.com.ar\/principal\/wp-json\/wp\/v2\/posts\/184177\/revisions"}],"predecessor-version":[{"id":184179,"href":"https:\/\/www.hoymercedes.com.ar\/principal\/wp-json\/wp\/v2\/posts\/184177\/revisions\/184179"}],"wp:featuredmedia":[{"embeddable":true,"href":"https:\/\/www.hoymercedes.com.ar\/principal\/wp-json\/wp\/v2\/media\/184178"}],"wp:attachment":[{"href":"https:\/\/www.hoymercedes.com.ar\/principal\/wp-json\/wp\/v2\/media?parent=184177"}],"wp:term":[{"taxonomy":"category","embeddable":true,"href":"https:\/\/www.hoymercedes.com.ar\/principal\/wp-json\/wp\/v2\/categories?post=184177"},{"taxonomy":"post_tag","embeddable":true,"href":"https:\/\/www.hoymercedes.com.ar\/principal\/wp-json\/wp\/v2\/tags?post=184177"}],"curies":[{"name":"wp","href":"https:\/\/api.w.org\/{rel}","templated":true}]}}