{"id":184214,"date":"2025-04-27T14:06:00","date_gmt":"2025-04-27T17:06:00","guid":{"rendered":"https:\/\/www.hoymercedes.com.ar\/principal\/?p=184214"},"modified":"2025-04-27T09:23:22","modified_gmt":"2025-04-27T12:23:22","slug":"realizaron-taller-interactivo-de-diabetes-para-equipos-de-salud","status":"publish","type":"post","link":"https:\/\/www.hoymercedes.com.ar\/principal\/2025\/04\/27\/realizaron-taller-interactivo-de-diabetes-para-equipos-de-salud\/","title":{"rendered":"Realizaron Taller Interactivo de Diabetes para equipos de salud"},"content":{"rendered":"\n<p>En la jornada del s\u00e1bado se realiz\u00f3 el Taller Interactivo de Diabetes, organizado por el Cap\u00edtulo Atl\u00e1ntico de la Sociedad Argentina de Diabetes (ATLANSAD) y la Asociaci\u00f3n M\u00e9dica de Mercedes. La actividad cont\u00f3 con la participaci\u00f3n de profesionales de la salud de Mercedes y ciudades vecinas.<\/p>\n\n\n\n<p>En la sede de la Asociaci\u00f3n M\u00e9dica de Mercedes, la jornada comenz\u00f3 con la presentaci\u00f3n de la\u00a0Dra. Mar\u00eda Victoria Di Catarina Losada, quien proyect\u00f3 un video introductorio y explic\u00f3 la din\u00e1mica del evento, resaltando la importancia de abordar la diabetes de manera integral desde diversas disciplinas.<\/p>\n\n\n\n<p>Los asistentes recorrieron distintas \u00abpostas\u00bb tem\u00e1ticas, donde especialistas ofrecieron charlas pr\u00e1cticas sobre aspectos clave del tratamiento de la diabetes:<\/p>\n\n\n\n<ul class=\"wp-block-list\">\n<li><strong>Actividad f\u00edsica<\/strong>: Micaela Blanchard y Renato Monaco<\/li>\n\n\n\n<li><strong>Alimentaci\u00f3n saludable<\/strong>: Micaela Blanco<\/li>\n\n\n\n<li><strong>Automonitoreo gluc\u00e9mico<\/strong>: Mar\u00eda Eugenia Bisconti<\/li>\n\n\n\n<li><strong>T\u00e9cnicas de insulinizaci\u00f3n<\/strong>: Ayel\u00e9n Sequeiro<\/li>\n\n\n\n<li><strong>Urgencias en diabetes<\/strong>: Romina Russo<\/li>\n\n\n\n<li><strong>Cuidados del pie<\/strong>: Mariana Fuentes y Mar\u00eda Victoria Di Catarina Losada<\/li>\n<\/ul>\n\n\n\n<p>En Argentina, se estima que el 12,7% de la poblaci\u00f3n adulta reporta tener glucemia elevada o diabetes, y aproximadamente 4 de cada 10 personas que la padecen desconocen su condici\u00f3n. Este tipo de iniciativas son fundamentales para promover la detecci\u00f3n temprana y la prevenci\u00f3n de complicaciones asociadas a la enfermedad.<\/p>\n\n\n\n<p><em>Fuente: Prensa AMMercedes<\/em><\/p>\n\n\n\n<figure class=\"wp-block-gallery has-nested-images columns-1 is-cropped wp-block-gallery-1 is-layout-flex wp-block-gallery-is-layout-flex\">\n<figure class=\"wp-block-image size-large\"><img loading=\"lazy\" decoding=\"async\" width=\"800\" height=\"569\" data-attachment-id=\"184219\" data-permalink=\"https:\/\/www.hoymercedes.com.ar\/principal\/2025\/04\/27\/realizaron-taller-interactivo-de-diabetes-para-equipos-de-salud\/presentacion-dra-losada\/#main\" data-orig-file=\"https:\/\/www.hoymercedes.com.ar\/principal\/wp-content\/uploads\/2025\/04\/PRESENTACION-DRA-LOSADA.jpg\" data-orig-size=\"800,569\" data-comments-opened=\"0\" data-image-meta=\"{&quot;aperture&quot;:&quot;1.8&quot;,&quot;credit&quot;:&quot;&quot;,&quot;camera&quot;:&quot;Galaxy S23&quot;,&quot;caption&quot;:&quot;&quot;,&quot;created_timestamp&quot;:&quot;1745671665&quot;,&quot;copyright&quot;:&quot;&quot;,&quot;focal_length&quot;:&quot;5.4&quot;,&quot;iso&quot;:&quot;500&quot;,&quot;shutter_speed&quot;:&quot;0.01&quot;,&quot;title&quot;:&quot;&quot;,&quot;orientation&quot;:&quot;1&quot;}\" data-image-title=\"PRESENTACION DRA LOSADA\" data-image-description=\"\" data-image-caption=\"\" data-large-file=\"https:\/\/www.hoymercedes.com.ar\/principal\/wp-content\/uploads\/2025\/04\/PRESENTACION-DRA-LOSADA.jpg\" data-id=\"184219\" src=\"https:\/\/www.hoymercedes.com.ar\/principal\/wp-content\/uploads\/2025\/04\/PRESENTACION-DRA-LOSADA.jpg\" alt=\"\" class=\"wp-image-184219\" srcset=\"https:\/\/www.hoymercedes.com.ar\/principal\/wp-content\/uploads\/2025\/04\/PRESENTACION-DRA-LOSADA.jpg 800w, https:\/\/www.hoymercedes.com.ar\/principal\/wp-content\/uploads\/2025\/04\/PRESENTACION-DRA-LOSADA-630x448.jpg 630w, https:\/\/www.hoymercedes.com.ar\/principal\/wp-content\/uploads\/2025\/04\/PRESENTACION-DRA-LOSADA-150x107.jpg 150w, https:\/\/www.hoymercedes.com.ar\/principal\/wp-content\/uploads\/2025\/04\/PRESENTACION-DRA-LOSADA-120x85.jpg 120w\" sizes=\"auto, (max-width: 800px) 100vw, 800px\" \/><\/figure>\n\n\n\n<figure class=\"wp-block-image size-large\"><img loading=\"lazy\" decoding=\"async\" width=\"800\" height=\"488\" data-attachment-id=\"184218\" data-permalink=\"https:\/\/www.hoymercedes.com.ar\/principal\/2025\/04\/27\/realizaron-taller-interactivo-de-diabetes-para-equipos-de-salud\/micaela-bianco-alimentacion\/#main\" data-orig-file=\"https:\/\/www.hoymercedes.com.ar\/principal\/wp-content\/uploads\/2025\/04\/MICAELA-BIANCO-ALIMENTACION.jpg\" data-orig-size=\"800,488\" data-comments-opened=\"0\" data-image-meta=\"{&quot;aperture&quot;:&quot;2.2&quot;,&quot;credit&quot;:&quot;&quot;,&quot;camera&quot;:&quot;Galaxy S23&quot;,&quot;caption&quot;:&quot;&quot;,&quot;created_timestamp&quot;:&quot;1745674048&quot;,&quot;copyright&quot;:&quot;&quot;,&quot;focal_length&quot;:&quot;2.2&quot;,&quot;iso&quot;:&quot;250&quot;,&quot;shutter_speed&quot;:&quot;0.02&quot;,&quot;title&quot;:&quot;&quot;,&quot;orientation&quot;:&quot;1&quot;}\" data-image-title=\"MICAELA BIANCO ALIMENTACION\" data-image-description=\"\" data-image-caption=\"\" data-large-file=\"https:\/\/www.hoymercedes.com.ar\/principal\/wp-content\/uploads\/2025\/04\/MICAELA-BIANCO-ALIMENTACION.jpg\" data-id=\"184218\" src=\"https:\/\/www.hoymercedes.com.ar\/principal\/wp-content\/uploads\/2025\/04\/MICAELA-BIANCO-ALIMENTACION.jpg\" alt=\"\" class=\"wp-image-184218\" srcset=\"https:\/\/www.hoymercedes.com.ar\/principal\/wp-content\/uploads\/2025\/04\/MICAELA-BIANCO-ALIMENTACION.jpg 800w, https:\/\/www.hoymercedes.com.ar\/principal\/wp-content\/uploads\/2025\/04\/MICAELA-BIANCO-ALIMENTACION-630x384.jpg 630w, https:\/\/www.hoymercedes.com.ar\/principal\/wp-content\/uploads\/2025\/04\/MICAELA-BIANCO-ALIMENTACION-150x92.jpg 150w\" sizes=\"auto, (max-width: 800px) 100vw, 800px\" \/><\/figure>\n\n\n\n<figure class=\"wp-block-image size-large\"><img loading=\"lazy\" decoding=\"async\" width=\"800\" height=\"391\" data-attachment-id=\"184217\" data-permalink=\"https:\/\/www.hoymercedes.com.ar\/principal\/2025\/04\/27\/realizaron-taller-interactivo-de-diabetes-para-equipos-de-salud\/taller-de-actividad-fisica-1\/#main\" data-orig-file=\"https:\/\/www.hoymercedes.com.ar\/principal\/wp-content\/uploads\/2025\/04\/TALLER-DE-ACTIVIDAD-FISICA-1.jpg\" data-orig-size=\"800,391\" data-comments-opened=\"0\" data-image-meta=\"{&quot;aperture&quot;:&quot;2.2&quot;,&quot;credit&quot;:&quot;&quot;,&quot;camera&quot;:&quot;Galaxy S23&quot;,&quot;caption&quot;:&quot;&quot;,&quot;created_timestamp&quot;:&quot;1745673005&quot;,&quot;copyright&quot;:&quot;&quot;,&quot;focal_length&quot;:&quot;2.2&quot;,&quot;iso&quot;:&quot;200&quot;,&quot;shutter_speed&quot;:&quot;0.0052631578947368&quot;,&quot;title&quot;:&quot;&quot;,&quot;orientation&quot;:&quot;1&quot;}\" data-image-title=\"TALLER DE ACTIVIDAD FISICA 1\" data-image-description=\"\" data-image-caption=\"\" data-large-file=\"https:\/\/www.hoymercedes.com.ar\/principal\/wp-content\/uploads\/2025\/04\/TALLER-DE-ACTIVIDAD-FISICA-1.jpg\" data-id=\"184217\" src=\"https:\/\/www.hoymercedes.com.ar\/principal\/wp-content\/uploads\/2025\/04\/TALLER-DE-ACTIVIDAD-FISICA-1.jpg\" alt=\"\" class=\"wp-image-184217\" srcset=\"https:\/\/www.hoymercedes.com.ar\/principal\/wp-content\/uploads\/2025\/04\/TALLER-DE-ACTIVIDAD-FISICA-1.jpg 800w, https:\/\/www.hoymercedes.com.ar\/principal\/wp-content\/uploads\/2025\/04\/TALLER-DE-ACTIVIDAD-FISICA-1-630x308.jpg 630w, https:\/\/www.hoymercedes.com.ar\/principal\/wp-content\/uploads\/2025\/04\/TALLER-DE-ACTIVIDAD-FISICA-1-150x73.jpg 150w\" sizes=\"auto, (max-width: 800px) 100vw, 800px\" \/><\/figure>\n\n\n\n<figure class=\"wp-block-image size-large\"><img loading=\"lazy\" decoding=\"async\" width=\"800\" height=\"488\" data-attachment-id=\"184216\" data-permalink=\"https:\/\/www.hoymercedes.com.ar\/principal\/2025\/04\/27\/realizaron-taller-interactivo-de-diabetes-para-equipos-de-salud\/taller-de-actividad-fisica-2\/#main\" data-orig-file=\"https:\/\/www.hoymercedes.com.ar\/principal\/wp-content\/uploads\/2025\/04\/TALLER-DE-ACTIVIDAD-FISICA-2.jpg\" data-orig-size=\"800,488\" data-comments-opened=\"0\" data-image-meta=\"{&quot;aperture&quot;:&quot;1.8&quot;,&quot;credit&quot;:&quot;&quot;,&quot;camera&quot;:&quot;Galaxy S23&quot;,&quot;caption&quot;:&quot;&quot;,&quot;created_timestamp&quot;:&quot;1745675193&quot;,&quot;copyright&quot;:&quot;&quot;,&quot;focal_length&quot;:&quot;5.4&quot;,&quot;iso&quot;:&quot;200&quot;,&quot;shutter_speed&quot;:&quot;0.0055555555555556&quot;,&quot;title&quot;:&quot;&quot;,&quot;orientation&quot;:&quot;1&quot;}\" data-image-title=\"TALLER DE ACTIVIDAD FISICA 2\" data-image-description=\"\" data-image-caption=\"\" data-large-file=\"https:\/\/www.hoymercedes.com.ar\/principal\/wp-content\/uploads\/2025\/04\/TALLER-DE-ACTIVIDAD-FISICA-2.jpg\" data-id=\"184216\" src=\"https:\/\/www.hoymercedes.com.ar\/principal\/wp-content\/uploads\/2025\/04\/TALLER-DE-ACTIVIDAD-FISICA-2.jpg\" alt=\"\" class=\"wp-image-184216\" srcset=\"https:\/\/www.hoymercedes.com.ar\/principal\/wp-content\/uploads\/2025\/04\/TALLER-DE-ACTIVIDAD-FISICA-2.jpg 800w, https:\/\/www.hoymercedes.com.ar\/principal\/wp-content\/uploads\/2025\/04\/TALLER-DE-ACTIVIDAD-FISICA-2-630x384.jpg 630w, https:\/\/www.hoymercedes.com.ar\/principal\/wp-content\/uploads\/2025\/04\/TALLER-DE-ACTIVIDAD-FISICA-2-150x92.jpg 150w\" sizes=\"auto, (max-width: 800px) 100vw, 800px\" \/><\/figure>\n\n\n\n<figure class=\"wp-block-image size-large\"><img loading=\"lazy\" decoding=\"async\" width=\"693\" height=\"462\" data-attachment-id=\"184215\" data-permalink=\"https:\/\/www.hoymercedes.com.ar\/principal\/2025\/04\/27\/realizaron-taller-interactivo-de-diabetes-para-equipos-de-salud\/taller-de-insulinizacion\/#main\" data-orig-file=\"https:\/\/www.hoymercedes.com.ar\/principal\/wp-content\/uploads\/2025\/04\/TALLER-DE-INSULINIZACION.jpg\" data-orig-size=\"693,462\" data-comments-opened=\"0\" data-image-meta=\"{&quot;aperture&quot;:&quot;1.8&quot;,&quot;credit&quot;:&quot;&quot;,&quot;camera&quot;:&quot;Galaxy S23&quot;,&quot;caption&quot;:&quot;&quot;,&quot;created_timestamp&quot;:&quot;1745662234&quot;,&quot;copyright&quot;:&quot;&quot;,&quot;focal_length&quot;:&quot;5.4&quot;,&quot;iso&quot;:&quot;640&quot;,&quot;shutter_speed&quot;:&quot;0.02&quot;,&quot;title&quot;:&quot;&quot;,&quot;orientation&quot;:&quot;0&quot;}\" data-image-title=\"TALLER DE INSULINIZACION\" data-image-description=\"\" data-image-caption=\"\" data-large-file=\"https:\/\/www.hoymercedes.com.ar\/principal\/wp-content\/uploads\/2025\/04\/TALLER-DE-INSULINIZACION.jpg\" data-id=\"184215\" src=\"https:\/\/www.hoymercedes.com.ar\/principal\/wp-content\/uploads\/2025\/04\/TALLER-DE-INSULINIZACION.jpg\" alt=\"\" class=\"wp-image-184215\" srcset=\"https:\/\/www.hoymercedes.com.ar\/principal\/wp-content\/uploads\/2025\/04\/TALLER-DE-INSULINIZACION.jpg 693w, https:\/\/www.hoymercedes.com.ar\/principal\/wp-content\/uploads\/2025\/04\/TALLER-DE-INSULINIZACION-630x420.jpg 630w, https:\/\/www.hoymercedes.com.ar\/principal\/wp-content\/uploads\/2025\/04\/TALLER-DE-INSULINIZACION-150x100.jpg 150w\" sizes=\"auto, (max-width: 693px) 100vw, 693px\" \/><\/figure>\n<\/figure>\n","protected":false},"excerpt":{"rendered":"<p>En la jornada del s\u00e1bado se realiz\u00f3 el Taller Interactivo de Diabetes, organizado por el Cap\u00edtulo Atl\u00e1ntico de la Sociedad &#8230; <a title=\"Realizaron Taller Interactivo de Diabetes para equipos de salud\" class=\"read-more\" href=\"https:\/\/www.hoymercedes.com.ar\/principal\/2025\/04\/27\/realizaron-taller-interactivo-de-diabetes-para-equipos-de-salud\/\" aria-label=\"Leer m\u00e1s sobre Realizaron Taller Interactivo de Diabetes para equipos de salud\">Leer m\u00e1s<\/a><\/p>\n","protected":false},"author":1,"featured_media":184219,"comment_status":"closed","ping_status":"open","sticky":false,"template":"","format":"standard","meta":{"_monsterinsights_skip_tracking":false,"_monsterinsights_sitenote_active":false,"_monsterinsights_sitenote_note":"","_monsterinsights_sitenote_category":0,"jetpack_post_was_ever_published":false,"_jetpack_newsletter_access":"","_jetpack_dont_email_post_to_subs":false,"_jetpack_newsletter_tier_id":0,"_jetpack_memberships_contains_paywalled_content":false,"_jetpack_memberships_contains_paid_content":false,"footnotes":"","jetpack_publicize_message":"","jetpack_publicize_feature_enabled":true,"jetpack_social_post_already_shared":true,"jetpack_social_options":{"image_generator_settings":{"template":"highway","default_image_id":0,"font":"","enabled":false},"version":2},"_wpas_customize_per_network":false},"categories":[8],"tags":[],"class_list":["post-184214","post","type-post","status-publish","format-standard","has-post-thumbnail","hentry","category-sociedad","generate-columns","tablet-grid-50","mobile-grid-100","grid-parent","grid-50"],"jetpack_publicize_connections":[],"jetpack_featured_media_url":"https:\/\/www.hoymercedes.com.ar\/principal\/wp-content\/uploads\/2025\/04\/PRESENTACION-DRA-LOSADA.jpg","wps_subtitle":"","jetpack_sharing_enabled":true,"_links":{"self":[{"href":"https:\/\/www.hoymercedes.com.ar\/principal\/wp-json\/wp\/v2\/posts\/184214","targetHints":{"allow":["GET"]}}],"collection":[{"href":"https:\/\/www.hoymercedes.com.ar\/principal\/wp-json\/wp\/v2\/posts"}],"about":[{"href":"https:\/\/www.hoymercedes.com.ar\/principal\/wp-json\/wp\/v2\/types\/post"}],"author":[{"embeddable":true,"href":"https:\/\/www.hoymercedes.com.ar\/principal\/wp-json\/wp\/v2\/users\/1"}],"replies":[{"embeddable":true,"href":"https:\/\/www.hoymercedes.com.ar\/principal\/wp-json\/wp\/v2\/comments?post=184214"}],"version-history":[{"count":1,"href":"https:\/\/www.hoymercedes.com.ar\/principal\/wp-json\/wp\/v2\/posts\/184214\/revisions"}],"predecessor-version":[{"id":184220,"href":"https:\/\/www.hoymercedes.com.ar\/principal\/wp-json\/wp\/v2\/posts\/184214\/revisions\/184220"}],"wp:featuredmedia":[{"embeddable":true,"href":"https:\/\/www.hoymercedes.com.ar\/principal\/wp-json\/wp\/v2\/media\/184219"}],"wp:attachment":[{"href":"https:\/\/www.hoymercedes.com.ar\/principal\/wp-json\/wp\/v2\/media?parent=184214"}],"wp:term":[{"taxonomy":"category","embeddable":true,"href":"https:\/\/www.hoymercedes.com.ar\/principal\/wp-json\/wp\/v2\/categories?post=184214"},{"taxonomy":"post_tag","embeddable":true,"href":"https:\/\/www.hoymercedes.com.ar\/principal\/wp-json\/wp\/v2\/tags?post=184214"}],"curies":[{"name":"wp","href":"https:\/\/api.w.org\/{rel}","templated":true}]}}