{"id":184221,"date":"2025-04-27T10:23:00","date_gmt":"2025-04-27T13:23:00","guid":{"rendered":"https:\/\/www.hoymercedes.com.ar\/principal\/?p=184221"},"modified":"2025-04-27T09:43:42","modified_gmt":"2025-04-27T12:43:42","slug":"el-arzobispo-presidio-la-misa-por-el-papa-francisco-en-lujan","status":"publish","type":"post","link":"https:\/\/www.hoymercedes.com.ar\/principal\/2025\/04\/27\/el-arzobispo-presidio-la-misa-por-el-papa-francisco-en-lujan\/","title":{"rendered":"El Arzobispo presidi\u00f3 la Misa por el Papa Francisco en Luj\u00e1n"},"content":{"rendered":"\n<p>En horas del mediod\u00eda del s\u00e1bado 26, horas despu\u00e9s de la exequias del Papa Francisco en el Vaticano y en Roma, el Arzobispo de Mercedes Luj\u00e1n presidi\u00f3 una Misa por el Papa fallecido el lunes anterior en el Bas\u00edlica de Luj\u00e1n. <\/p>\n\n\n\n<p>Desde la bas\u00edclia el Padre Obispo Jorge Eduardo Scheinig presidi\u00f3 la Santa Misa por Francisco. Concelebr\u00f3 la Eucarist\u00eda, a la cual asistieron los sacerdotes, monse\u00f1or Mauricio Landra, obispo auxiliar.<\/p>\n\n\n\n<p>Con el Santuario de Luj\u00e1n colmado de fieles, el arzobispo de Mercedes-Luj\u00e1n pronunci\u00f3 su homil\u00eda. \u201cFrancisco ha sido un profeta castigado y rechazado por nosotros mismos, porque su voz y sus gestos nos interpelaban e incomodaban\u201d, expres\u00f3.<\/p>\n\n\n\n<p>Scheinig remarc\u00f3 que la muerte de Francisco en tiempo de Pascua es \u201cun signo de su comuni\u00f3n profunda con Jes\u00fas\u201d y valor\u00f3 que \u201ctoda su vida busc\u00f3 el bien de la Iglesia y del mundo, sin querer agrandar su figura ni desconocer sus fragilidades\u201d.<\/p>\n\n\n\n<p>Compartimos el texto completo para su mejor lectura: <\/p>\n\n\n\n<figure class=\"wp-block-gallery has-nested-images columns-default is-cropped wp-block-gallery-1 is-layout-flex wp-block-gallery-is-layout-flex\">\n<figure class=\"wp-block-image size-large\"><img loading=\"lazy\" decoding=\"async\" width=\"540\" height=\"773\" data-attachment-id=\"184223\" data-permalink=\"https:\/\/www.hoymercedes.com.ar\/principal\/2025\/04\/27\/el-arzobispo-presidio-la-misa-por-el-papa-francisco-en-lujan\/whatsapp-image-2025-04-27-at-09-36-11-1\/#main\" data-orig-file=\"https:\/\/www.hoymercedes.com.ar\/principal\/wp-content\/uploads\/2025\/04\/WhatsApp-Image-2025-04-27-at-09.36.11-1.jpeg\" data-orig-size=\"540,773\" data-comments-opened=\"0\" data-image-meta=\"{&quot;aperture&quot;:&quot;0&quot;,&quot;credit&quot;:&quot;&quot;,&quot;camera&quot;:&quot;&quot;,&quot;caption&quot;:&quot;&quot;,&quot;created_timestamp&quot;:&quot;0&quot;,&quot;copyright&quot;:&quot;&quot;,&quot;focal_length&quot;:&quot;0&quot;,&quot;iso&quot;:&quot;0&quot;,&quot;shutter_speed&quot;:&quot;0&quot;,&quot;title&quot;:&quot;&quot;,&quot;orientation&quot;:&quot;0&quot;}\" data-image-title=\"WhatsApp Image 2025-04-27 at 09.36.11 (1)\" data-image-description=\"\" data-image-caption=\"\" data-large-file=\"https:\/\/www.hoymercedes.com.ar\/principal\/wp-content\/uploads\/2025\/04\/WhatsApp-Image-2025-04-27-at-09.36.11-1.jpeg\" data-id=\"184223\" src=\"https:\/\/www.hoymercedes.com.ar\/principal\/wp-content\/uploads\/2025\/04\/WhatsApp-Image-2025-04-27-at-09.36.11-1.jpeg\" alt=\"\" class=\"wp-image-184223\" srcset=\"https:\/\/www.hoymercedes.com.ar\/principal\/wp-content\/uploads\/2025\/04\/WhatsApp-Image-2025-04-27-at-09.36.11-1.jpeg 540w, https:\/\/www.hoymercedes.com.ar\/principal\/wp-content\/uploads\/2025\/04\/WhatsApp-Image-2025-04-27-at-09.36.11-1-433x620.jpeg 433w, https:\/\/www.hoymercedes.com.ar\/principal\/wp-content\/uploads\/2025\/04\/WhatsApp-Image-2025-04-27-at-09.36.11-1-105x150.jpeg 105w\" sizes=\"auto, (max-width: 540px) 100vw, 540px\" \/><\/figure>\n\n\n\n<figure class=\"wp-block-image size-large\"><img loading=\"lazy\" decoding=\"async\" width=\"540\" height=\"801\" data-attachment-id=\"184224\" data-permalink=\"https:\/\/www.hoymercedes.com.ar\/principal\/2025\/04\/27\/el-arzobispo-presidio-la-misa-por-el-papa-francisco-en-lujan\/whatsapp-image-2025-04-27-at-09-36-11\/#main\" data-orig-file=\"https:\/\/www.hoymercedes.com.ar\/principal\/wp-content\/uploads\/2025\/04\/WhatsApp-Image-2025-04-27-at-09.36.11.jpeg\" data-orig-size=\"540,801\" data-comments-opened=\"0\" data-image-meta=\"{&quot;aperture&quot;:&quot;0&quot;,&quot;credit&quot;:&quot;&quot;,&quot;camera&quot;:&quot;&quot;,&quot;caption&quot;:&quot;&quot;,&quot;created_timestamp&quot;:&quot;0&quot;,&quot;copyright&quot;:&quot;&quot;,&quot;focal_length&quot;:&quot;0&quot;,&quot;iso&quot;:&quot;0&quot;,&quot;shutter_speed&quot;:&quot;0&quot;,&quot;title&quot;:&quot;&quot;,&quot;orientation&quot;:&quot;0&quot;}\" data-image-title=\"WhatsApp Image 2025-04-27 at 09.36.11\" data-image-description=\"\" data-image-caption=\"\" data-large-file=\"https:\/\/www.hoymercedes.com.ar\/principal\/wp-content\/uploads\/2025\/04\/WhatsApp-Image-2025-04-27-at-09.36.11.jpeg\" data-id=\"184224\" src=\"https:\/\/www.hoymercedes.com.ar\/principal\/wp-content\/uploads\/2025\/04\/WhatsApp-Image-2025-04-27-at-09.36.11.jpeg\" alt=\"\" class=\"wp-image-184224\" srcset=\"https:\/\/www.hoymercedes.com.ar\/principal\/wp-content\/uploads\/2025\/04\/WhatsApp-Image-2025-04-27-at-09.36.11.jpeg 540w, https:\/\/www.hoymercedes.com.ar\/principal\/wp-content\/uploads\/2025\/04\/WhatsApp-Image-2025-04-27-at-09.36.11-418x620.jpeg 418w, https:\/\/www.hoymercedes.com.ar\/principal\/wp-content\/uploads\/2025\/04\/WhatsApp-Image-2025-04-27-at-09.36.11-101x150.jpeg 101w\" sizes=\"auto, (max-width: 540px) 100vw, 540px\" \/><\/figure>\n\n\n\n<figure class=\"wp-block-image size-large\"><img loading=\"lazy\" decoding=\"async\" width=\"540\" height=\"806\" data-attachment-id=\"184225\" data-permalink=\"https:\/\/www.hoymercedes.com.ar\/principal\/2025\/04\/27\/el-arzobispo-presidio-la-misa-por-el-papa-francisco-en-lujan\/whatsapp-image-2025-04-27-at-09-36-10\/#main\" data-orig-file=\"https:\/\/www.hoymercedes.com.ar\/principal\/wp-content\/uploads\/2025\/04\/WhatsApp-Image-2025-04-27-at-09.36.10.jpeg\" data-orig-size=\"540,806\" data-comments-opened=\"0\" data-image-meta=\"{&quot;aperture&quot;:&quot;0&quot;,&quot;credit&quot;:&quot;&quot;,&quot;camera&quot;:&quot;&quot;,&quot;caption&quot;:&quot;&quot;,&quot;created_timestamp&quot;:&quot;0&quot;,&quot;copyright&quot;:&quot;&quot;,&quot;focal_length&quot;:&quot;0&quot;,&quot;iso&quot;:&quot;0&quot;,&quot;shutter_speed&quot;:&quot;0&quot;,&quot;title&quot;:&quot;&quot;,&quot;orientation&quot;:&quot;0&quot;}\" data-image-title=\"WhatsApp Image 2025-04-27 at 09.36.10\" data-image-description=\"\" data-image-caption=\"\" data-large-file=\"https:\/\/www.hoymercedes.com.ar\/principal\/wp-content\/uploads\/2025\/04\/WhatsApp-Image-2025-04-27-at-09.36.10.jpeg\" data-id=\"184225\" src=\"https:\/\/www.hoymercedes.com.ar\/principal\/wp-content\/uploads\/2025\/04\/WhatsApp-Image-2025-04-27-at-09.36.10.jpeg\" alt=\"\" class=\"wp-image-184225\" srcset=\"https:\/\/www.hoymercedes.com.ar\/principal\/wp-content\/uploads\/2025\/04\/WhatsApp-Image-2025-04-27-at-09.36.10.jpeg 540w, https:\/\/www.hoymercedes.com.ar\/principal\/wp-content\/uploads\/2025\/04\/WhatsApp-Image-2025-04-27-at-09.36.10-415x620.jpeg 415w, https:\/\/www.hoymercedes.com.ar\/principal\/wp-content\/uploads\/2025\/04\/WhatsApp-Image-2025-04-27-at-09.36.10-100x150.jpeg 100w\" sizes=\"auto, (max-width: 540px) 100vw, 540px\" \/><\/figure>\n<\/figure>\n","protected":false},"excerpt":{"rendered":"<p>En horas del mediod\u00eda del s\u00e1bado 26, horas despu\u00e9s de la exequias del Papa Francisco en el Vaticano y en &#8230; <a title=\"El Arzobispo presidi\u00f3 la Misa por el Papa Francisco en Luj\u00e1n\" class=\"read-more\" href=\"https:\/\/www.hoymercedes.com.ar\/principal\/2025\/04\/27\/el-arzobispo-presidio-la-misa-por-el-papa-francisco-en-lujan\/\" aria-label=\"Leer m\u00e1s sobre El Arzobispo presidi\u00f3 la Misa por el Papa Francisco en Luj\u00e1n\">Leer m\u00e1s<\/a><\/p>\n","protected":false},"author":1,"featured_media":184222,"comment_status":"closed","ping_status":"open","sticky":false,"template":"","format":"standard","meta":{"_monsterinsights_skip_tracking":false,"_monsterinsights_sitenote_active":false,"_monsterinsights_sitenote_note":"","_monsterinsights_sitenote_category":0,"jetpack_post_was_ever_published":false,"_jetpack_newsletter_access":"","_jetpack_dont_email_post_to_subs":false,"_jetpack_newsletter_tier_id":0,"_jetpack_memberships_contains_paywalled_content":false,"_jetpack_memberships_contains_paid_content":false,"footnotes":"","jetpack_publicize_message":"","jetpack_publicize_feature_enabled":true,"jetpack_social_post_already_shared":true,"jetpack_social_options":{"image_generator_settings":{"template":"highway","default_image_id":0,"font":"","enabled":false},"version":2},"_wpas_customize_per_network":false},"categories":[8],"tags":[],"class_list":["post-184221","post","type-post","status-publish","format-standard","has-post-thumbnail","hentry","category-sociedad","generate-columns","tablet-grid-50","mobile-grid-100","grid-parent","grid-50"],"jetpack_publicize_connections":[],"jetpack_featured_media_url":"https:\/\/www.hoymercedes.com.ar\/principal\/wp-content\/uploads\/2025\/04\/homilia-jorgge-eduardo.jpg","wps_subtitle":"","jetpack_sharing_enabled":true,"_links":{"self":[{"href":"https:\/\/www.hoymercedes.com.ar\/principal\/wp-json\/wp\/v2\/posts\/184221","targetHints":{"allow":["GET"]}}],"collection":[{"href":"https:\/\/www.hoymercedes.com.ar\/principal\/wp-json\/wp\/v2\/posts"}],"about":[{"href":"https:\/\/www.hoymercedes.com.ar\/principal\/wp-json\/wp\/v2\/types\/post"}],"author":[{"embeddable":true,"href":"https:\/\/www.hoymercedes.com.ar\/principal\/wp-json\/wp\/v2\/users\/1"}],"replies":[{"embeddable":true,"href":"https:\/\/www.hoymercedes.com.ar\/principal\/wp-json\/wp\/v2\/comments?post=184221"}],"version-history":[{"count":1,"href":"https:\/\/www.hoymercedes.com.ar\/principal\/wp-json\/wp\/v2\/posts\/184221\/revisions"}],"predecessor-version":[{"id":184226,"href":"https:\/\/www.hoymercedes.com.ar\/principal\/wp-json\/wp\/v2\/posts\/184221\/revisions\/184226"}],"wp:featuredmedia":[{"embeddable":true,"href":"https:\/\/www.hoymercedes.com.ar\/principal\/wp-json\/wp\/v2\/media\/184222"}],"wp:attachment":[{"href":"https:\/\/www.hoymercedes.com.ar\/principal\/wp-json\/wp\/v2\/media?parent=184221"}],"wp:term":[{"taxonomy":"category","embeddable":true,"href":"https:\/\/www.hoymercedes.com.ar\/principal\/wp-json\/wp\/v2\/categories?post=184221"},{"taxonomy":"post_tag","embeddable":true,"href":"https:\/\/www.hoymercedes.com.ar\/principal\/wp-json\/wp\/v2\/tags?post=184221"}],"curies":[{"name":"wp","href":"https:\/\/api.w.org\/{rel}","templated":true}]}}