{"id":184237,"date":"2025-04-27T18:24:38","date_gmt":"2025-04-27T21:24:38","guid":{"rendered":"https:\/\/www.hoymercedes.com.ar\/principal\/?p=184237"},"modified":"2025-04-27T18:24:41","modified_gmt":"2025-04-27T21:24:41","slug":"aefip-mercedes-profundiza-su-plan-de-lucha","status":"publish","type":"post","link":"https:\/\/www.hoymercedes.com.ar\/principal\/2025\/04\/27\/aefip-mercedes-profundiza-su-plan-de-lucha\/","title":{"rendered":"AEFIP Mercedes profundiza su plan de lucha"},"content":{"rendered":"\n<figure class=\"wp-block-image size-full\"><img loading=\"lazy\" decoding=\"async\" width=\"960\" height=\"684\" data-attachment-id=\"184238\" data-permalink=\"https:\/\/www.hoymercedes.com.ar\/principal\/2025\/04\/27\/aefip-mercedes-profundiza-su-plan-de-lucha\/asamblea1\/#main\" data-orig-file=\"https:\/\/www.hoymercedes.com.ar\/principal\/wp-content\/uploads\/2025\/04\/Asamblea1.jpeg\" data-orig-size=\"960,684\" data-comments-opened=\"0\" data-image-meta=\"{&quot;aperture&quot;:&quot;0&quot;,&quot;credit&quot;:&quot;&quot;,&quot;camera&quot;:&quot;&quot;,&quot;caption&quot;:&quot;&quot;,&quot;created_timestamp&quot;:&quot;0&quot;,&quot;copyright&quot;:&quot;&quot;,&quot;focal_length&quot;:&quot;0&quot;,&quot;iso&quot;:&quot;0&quot;,&quot;shutter_speed&quot;:&quot;0&quot;,&quot;title&quot;:&quot;&quot;,&quot;orientation&quot;:&quot;0&quot;}\" data-image-title=\"AEFIP Mercedes profundiza su plan de lucha\" data-image-description=\"&lt;p&gt;AEFIP Mercedes profundiza su plan de lucha&lt;\/p&gt;\n\" data-image-caption=\"&lt;p&gt;AEFIP Mercedes profundiza su plan de lucha&lt;\/p&gt;\n\" data-large-file=\"https:\/\/www.hoymercedes.com.ar\/principal\/wp-content\/uploads\/2025\/04\/Asamblea1.jpeg\" src=\"https:\/\/www.hoymercedes.com.ar\/principal\/wp-content\/uploads\/2025\/04\/Asamblea1.jpeg\" alt=\"\" class=\"wp-image-184238\" srcset=\"https:\/\/www.hoymercedes.com.ar\/principal\/wp-content\/uploads\/2025\/04\/Asamblea1.jpeg 960w, https:\/\/www.hoymercedes.com.ar\/principal\/wp-content\/uploads\/2025\/04\/Asamblea1-630x449.jpeg 630w, https:\/\/www.hoymercedes.com.ar\/principal\/wp-content\/uploads\/2025\/04\/Asamblea1-150x107.jpeg 150w, https:\/\/www.hoymercedes.com.ar\/principal\/wp-content\/uploads\/2025\/04\/Asamblea1-120x85.jpeg 120w\" sizes=\"auto, (max-width: 960px) 100vw, 960px\" \/><\/figure>\n\n\n\n<p>En el marco del plan de lucha anunciado por la Mesa Directiva Nacional del Gremio AEFIP, en defensa de las y los trabajadores, contra el desguace del organismo, y contra el cierre de distritos y receptor\u00edas, desde el gremio impositivo de la Seccional Mercedes realizaron una asamblea en la vereda del edificio de la sede local de calle 29 casi esquina 30, este martes a las 11 horas.<\/p>\n\n\n\n<p>\u201cRechazamos el maltrato, no aceptamos el desprecio, no aceptamos el cierre arbitrario e inhumano de Distritos y Receptor\u00edas\u201d, comienza el comunicado emitido por el gremio de AEFIP Seccional Mercedes, un d\u00eda antes de la asamblea. El mismo indica adem\u00e1s, en relaci\u00f3n al cierre de las dependencias que \u201cest\u00e1 claro que el acto es totalmente arbitrario, desprolijo, improvisado y malicioso\u2026en ning\u00fan momento se realiz\u00f3 un an\u00e1lisis sobre la funci\u00f3n que cumple cada uno de los lugares que decidieron cerrar, ni de la funci\u00f3n de sus trabajadores\/as y ni siquiera evaluaron c\u00f3mo afecta gravemente la salud f\u00edsica y emocional de los mismos y su conjunto familiar\u201d.<\/p>\n\n\n\n<p>Desde AEFIP anunciaron que las medidas se ir\u00e1n profundizando, acorde no se obtengan respuestas por parte de las autoridades del organismo y que el pr\u00f3ximo martes 29 de abril se realizar\u00e1 una nueva asamblea a nivel nacional, y el 30 se participar\u00e1 en la movilizaci\u00f3n anunciada por la CGT.<\/p>\n\n\n\n<p>\u201cNo debemos resignarnos, y seguiremos luchando para defender nuestro CCT y al Organismo, de la destrucci\u00f3n a la que este gobierno la destina\u201d indicaron en el comunicado.<\/p>\n\n\n\n<p>Durante la asamblea, el Secretario Adjunto, de AEFIP Seccional Mercedes, Alejandro Catanzaro recalc\u00f3 \u201cno aceptar el maltrato, el desprecio y todas las medidas arbitrarias que se est\u00e1n tomando. El trato inhumano al que est\u00e1n sometiendo a cientos de trabajadores y sus familias en los lugares q cierran\u201d.<\/p>\n\n\n\n<p>En relaci\u00f3n a la falta de di\u00e1logo con las autoridades del organismo, Catanzaro sostuvo: \u201cSiempre tenemos la puerta abierta para negociar, pero sin extorsiones y condicionamientos como lo viene haciendo hasta ahora. Responsabilizamos a las autoridades por el quiebre de la paz social\u201d.<\/p>\n\n\n\n<p>\u201cNo aceptamos extorsiones como condici\u00f3n para ninguna negociaci\u00f3n. Utilizaremos todos los medios sindicales, administrativos y judiciales que est\u00e9n a nuestro alcance para defender nuestros derechos, nuestro CCT, a nuestra regi\u00f3n y al organismo de la destrucci\u00f3n que la patronal est\u00e1 provocando\u201d, dijo el Secretario Adjunto de AEFIP y finaliz\u00f3: \u201creafirmamos que la salida es colectiva, que nadie se salva solo. Defendamos todos juntos nuestra regi\u00f3n y nuestro organismo. Paritarias ya. Nos vemos el 29\/4. La lucha va a ser larga y dif\u00edcil. Hay que resistir y no bajar los brazos\u201d<\/p>\n","protected":false},"excerpt":{"rendered":"<p>En el marco del plan de lucha anunciado por la Mesa Directiva Nacional del Gremio AEFIP, en defensa de las &#8230; <a title=\"AEFIP Mercedes profundiza su plan de lucha\" class=\"read-more\" href=\"https:\/\/www.hoymercedes.com.ar\/principal\/2025\/04\/27\/aefip-mercedes-profundiza-su-plan-de-lucha\/\" aria-label=\"Leer m\u00e1s sobre AEFIP Mercedes profundiza su plan de lucha\">Leer m\u00e1s<\/a><\/p>\n","protected":false},"author":1,"featured_media":184238,"comment_status":"closed","ping_status":"open","sticky":false,"template":"","format":"standard","meta":{"_monsterinsights_skip_tracking":false,"_monsterinsights_sitenote_active":false,"_monsterinsights_sitenote_note":"","_monsterinsights_sitenote_category":0,"jetpack_post_was_ever_published":false,"_jetpack_newsletter_access":"","_jetpack_dont_email_post_to_subs":false,"_jetpack_newsletter_tier_id":0,"_jetpack_memberships_contains_paywalled_content":false,"_jetpack_memberships_contains_paid_content":false,"footnotes":"","jetpack_publicize_message":"","jetpack_publicize_feature_enabled":true,"jetpack_social_post_already_shared":true,"jetpack_social_options":{"image_generator_settings":{"template":"highway","default_image_id":0,"font":"","enabled":false},"version":2},"_wpas_customize_per_network":false},"categories":[8],"tags":[2381,20412],"class_list":["post-184237","post","type-post","status-publish","format-standard","has-post-thumbnail","hentry","category-sociedad","tag-aefip","tag-reclamo-sindical","generate-columns","tablet-grid-50","mobile-grid-100","grid-parent","grid-50"],"jetpack_publicize_connections":[],"jetpack_featured_media_url":"https:\/\/www.hoymercedes.com.ar\/principal\/wp-content\/uploads\/2025\/04\/Asamblea1.jpeg","wps_subtitle":"Sindicatos ","jetpack_sharing_enabled":true,"_links":{"self":[{"href":"https:\/\/www.hoymercedes.com.ar\/principal\/wp-json\/wp\/v2\/posts\/184237","targetHints":{"allow":["GET"]}}],"collection":[{"href":"https:\/\/www.hoymercedes.com.ar\/principal\/wp-json\/wp\/v2\/posts"}],"about":[{"href":"https:\/\/www.hoymercedes.com.ar\/principal\/wp-json\/wp\/v2\/types\/post"}],"author":[{"embeddable":true,"href":"https:\/\/www.hoymercedes.com.ar\/principal\/wp-json\/wp\/v2\/users\/1"}],"replies":[{"embeddable":true,"href":"https:\/\/www.hoymercedes.com.ar\/principal\/wp-json\/wp\/v2\/comments?post=184237"}],"version-history":[{"count":2,"href":"https:\/\/www.hoymercedes.com.ar\/principal\/wp-json\/wp\/v2\/posts\/184237\/revisions"}],"predecessor-version":[{"id":184240,"href":"https:\/\/www.hoymercedes.com.ar\/principal\/wp-json\/wp\/v2\/posts\/184237\/revisions\/184240"}],"wp:featuredmedia":[{"embeddable":true,"href":"https:\/\/www.hoymercedes.com.ar\/principal\/wp-json\/wp\/v2\/media\/184238"}],"wp:attachment":[{"href":"https:\/\/www.hoymercedes.com.ar\/principal\/wp-json\/wp\/v2\/media?parent=184237"}],"wp:term":[{"taxonomy":"category","embeddable":true,"href":"https:\/\/www.hoymercedes.com.ar\/principal\/wp-json\/wp\/v2\/categories?post=184237"},{"taxonomy":"post_tag","embeddable":true,"href":"https:\/\/www.hoymercedes.com.ar\/principal\/wp-json\/wp\/v2\/tags?post=184237"}],"curies":[{"name":"wp","href":"https:\/\/api.w.org\/{rel}","templated":true}]}}