{"id":184243,"date":"2025-04-28T12:33:47","date_gmt":"2025-04-28T15:33:47","guid":{"rendered":"https:\/\/www.hoymercedes.com.ar\/principal\/?p=184243"},"modified":"2025-04-28T12:33:49","modified_gmt":"2025-04-28T15:33:49","slug":"ruta-n5-camion-volco-y-termino-en-el-arroyo-gutierrez","status":"publish","type":"post","link":"https:\/\/www.hoymercedes.com.ar\/principal\/2025\/04\/28\/ruta-n5-camion-volco-y-termino-en-el-arroyo-gutierrez\/","title":{"rendered":"Ruta N\u00b05: cami\u00f3n volc\u00f3 y termin\u00f3 en el arroyo Guti\u00e9rrez"},"content":{"rendered":"\n<figure class=\"wp-block-image size-large\"><img loading=\"lazy\" decoding=\"async\" width=\"1024\" height=\"768\" data-attachment-id=\"184244\" data-permalink=\"https:\/\/www.hoymercedes.com.ar\/principal\/2025\/04\/28\/ruta-n5-camion-volco-y-termino-en-el-arroyo-gutierrez\/camion-ruta5-2\/#main\" data-orig-file=\"https:\/\/www.hoymercedes.com.ar\/principal\/wp-content\/uploads\/2025\/04\/Camion-Ruta5.jpg\" data-orig-size=\"1280,960\" data-comments-opened=\"0\" data-image-meta=\"{&quot;aperture&quot;:&quot;0&quot;,&quot;credit&quot;:&quot;&quot;,&quot;camera&quot;:&quot;&quot;,&quot;caption&quot;:&quot;&quot;,&quot;created_timestamp&quot;:&quot;0&quot;,&quot;copyright&quot;:&quot;&quot;,&quot;focal_length&quot;:&quot;0&quot;,&quot;iso&quot;:&quot;0&quot;,&quot;shutter_speed&quot;:&quot;0&quot;,&quot;title&quot;:&quot;&quot;,&quot;orientation&quot;:&quot;0&quot;}\" data-image-title=\"Ruta N\u00b05: cami\u00f3n volc\u00f3 y termin\u00f3 en el arroyo Guti\u00e9rrez\" data-image-description=\"&lt;p&gt;Ruta N\u00b05: cami\u00f3n volc\u00f3 y termin\u00f3 en el arroyo Guti\u00e9rrez&lt;\/p&gt;\n\" data-image-caption=\"&lt;p&gt;Ruta N\u00b05: cami\u00f3n volc\u00f3 y termin\u00f3 en el arroyo Guti\u00e9rrez&lt;\/p&gt;\n\" data-large-file=\"https:\/\/www.hoymercedes.com.ar\/principal\/wp-content\/uploads\/2025\/04\/Camion-Ruta5-1024x768.jpg\" src=\"https:\/\/www.hoymercedes.com.ar\/principal\/wp-content\/uploads\/2025\/04\/Camion-Ruta5-1024x768.jpg\" alt=\"\" class=\"wp-image-184244\" srcset=\"https:\/\/www.hoymercedes.com.ar\/principal\/wp-content\/uploads\/2025\/04\/Camion-Ruta5-1024x768.jpg 1024w, https:\/\/www.hoymercedes.com.ar\/principal\/wp-content\/uploads\/2025\/04\/Camion-Ruta5-630x473.jpg 630w, https:\/\/www.hoymercedes.com.ar\/principal\/wp-content\/uploads\/2025\/04\/Camion-Ruta5-150x113.jpg 150w, https:\/\/www.hoymercedes.com.ar\/principal\/wp-content\/uploads\/2025\/04\/Camion-Ruta5.jpg 1280w\" sizes=\"auto, (max-width: 1024px) 100vw, 1024px\" \/><\/figure>\n\n\n\n<p>Un impresionante vuelco de un cami\u00f3n de reparto de la firma \u00abSoda y Agua Panizza\u00bb conmocion\u00f3 la Autov\u00eda 5 el pasado s\u00e1bado, a la altura del kil\u00f3metro 68.500, frente al barrio Luna. El incidente, que milagrosamente no dej\u00f3 v\u00edctimas fatales, result\u00f3 con un joven de 22 a\u00f1os herido y el veh\u00edculo incrustado en el arroyo Guti\u00e9rrez.<\/p>\n\n\n\n<p>El cami\u00f3n Mercedes Benz modelo 710, identificado con el n\u00famero de unidad 22 y proveniente de Capital Federal, transitaba en sentido J\u00e1uregui-Luj\u00e1n. Una posible falla mec\u00e1nica provoc\u00f3 que el conductor, Dami\u00e1n Marains, de 28 a\u00f1os, perdiera el control del rodado.<\/p>\n\n\n\n<p>Seg\u00fan los primeros reportes, el cami\u00f3n se despist\u00f3 de la cinta asf\u00e1ltica, desplaz\u00e1ndose hacia la cuneta derecha antes del guardarra\u00edl. Continu\u00f3 su trayectoria descontrolada por la ladera hasta volcarse, quedando con las ruedas hacia arriba y parcialmente sumergido en el arroyo Guti\u00e9rrez.<\/p>\n\n\n\n<p>En el siniestro result\u00f3 herido Mat\u00edas Meza, de 22 a\u00f1os, quien viajaba como acompa\u00f1ante. El joven fue r\u00e1pidamente asistido y trasladado en ambulancia por Bomberos Voluntarios al Hospital Zonal General \u201cNuestra Se\u00f1ora de Luj\u00e1n\u201d. All\u00ed, se le diagnostic\u00f3 un corte en el labio superior y una fractura en el f\u00e9mur izquierdo, siendo su estado de salud estable.<\/p>\n\n\n\n<p>A pesar de la magnitud del accidente, la circulaci\u00f3n vehicular en la Autov\u00eda 5 no se vio interrumpida ni restringida, lo que facilit\u00f3 el trabajo de los equipos de emergencia y peritos. En el lugar del hecho, trabajaron efectivos de la Polic\u00eda, personal de la concesionaria vial y peritos de la Polic\u00eda Cient\u00edfica, quienes realizaron las tareas de rigor para determinar las causas exactas del vuelco.<\/p>\n\n\n\n<p>Un detalle no menor es que el arroyo Guti\u00e9rrez, si bien de escasa profundidad y con abundante maleza, actu\u00f3 como una suerte de amortiguador en la ca\u00edda del cami\u00f3n, evitando consecuencias que podr\u00edan haber sido mucho m\u00e1s graves.<\/p>\n\n\n\n<p>La investigaci\u00f3n del caso qued\u00f3 en manos de la Fiscal\u00eda 9 de Luj\u00e1n, que buscar\u00e1 esclarecer las circunstancias precisas que llevaron a este espectacular incidente vial.<\/p>\n\n\n\n<p>Foto: El Civismo<\/p>\n","protected":false},"excerpt":{"rendered":"<p>Un impresionante vuelco de un cami\u00f3n de reparto de la firma \u00abSoda y Agua Panizza\u00bb conmocion\u00f3 la Autov\u00eda 5 el &#8230; <a title=\"Ruta N\u00b05: cami\u00f3n volc\u00f3 y termin\u00f3 en el arroyo Guti\u00e9rrez\" class=\"read-more\" href=\"https:\/\/www.hoymercedes.com.ar\/principal\/2025\/04\/28\/ruta-n5-camion-volco-y-termino-en-el-arroyo-gutierrez\/\" aria-label=\"Leer m\u00e1s sobre Ruta N\u00b05: cami\u00f3n volc\u00f3 y termin\u00f3 en el arroyo Guti\u00e9rrez\">Leer m\u00e1s<\/a><\/p>\n","protected":false},"author":1,"featured_media":184244,"comment_status":"closed","ping_status":"open","sticky":false,"template":"","format":"standard","meta":{"_monsterinsights_skip_tracking":false,"_monsterinsights_sitenote_active":false,"_monsterinsights_sitenote_note":"","_monsterinsights_sitenote_category":0,"jetpack_post_was_ever_published":false,"_jetpack_newsletter_access":"","_jetpack_dont_email_post_to_subs":false,"_jetpack_newsletter_tier_id":0,"_jetpack_memberships_contains_paywalled_content":false,"_jetpack_memberships_contains_paid_content":false,"footnotes":"","jetpack_publicize_message":"","jetpack_publicize_feature_enabled":true,"jetpack_social_post_already_shared":true,"jetpack_social_options":{"image_generator_settings":{"template":"highway","default_image_id":0,"font":"","enabled":false},"version":2},"_wpas_customize_per_network":false},"categories":[8],"tags":[],"class_list":["post-184243","post","type-post","status-publish","format-standard","has-post-thumbnail","hentry","category-sociedad","generate-columns","tablet-grid-50","mobile-grid-100","grid-parent","grid-50"],"jetpack_publicize_connections":[],"jetpack_featured_media_url":"https:\/\/www.hoymercedes.com.ar\/principal\/wp-content\/uploads\/2025\/04\/Camion-Ruta5.jpg","wps_subtitle":"Sin consecuencias graves","jetpack_sharing_enabled":true,"_links":{"self":[{"href":"https:\/\/www.hoymercedes.com.ar\/principal\/wp-json\/wp\/v2\/posts\/184243","targetHints":{"allow":["GET"]}}],"collection":[{"href":"https:\/\/www.hoymercedes.com.ar\/principal\/wp-json\/wp\/v2\/posts"}],"about":[{"href":"https:\/\/www.hoymercedes.com.ar\/principal\/wp-json\/wp\/v2\/types\/post"}],"author":[{"embeddable":true,"href":"https:\/\/www.hoymercedes.com.ar\/principal\/wp-json\/wp\/v2\/users\/1"}],"replies":[{"embeddable":true,"href":"https:\/\/www.hoymercedes.com.ar\/principal\/wp-json\/wp\/v2\/comments?post=184243"}],"version-history":[{"count":2,"href":"https:\/\/www.hoymercedes.com.ar\/principal\/wp-json\/wp\/v2\/posts\/184243\/revisions"}],"predecessor-version":[{"id":184246,"href":"https:\/\/www.hoymercedes.com.ar\/principal\/wp-json\/wp\/v2\/posts\/184243\/revisions\/184246"}],"wp:featuredmedia":[{"embeddable":true,"href":"https:\/\/www.hoymercedes.com.ar\/principal\/wp-json\/wp\/v2\/media\/184244"}],"wp:attachment":[{"href":"https:\/\/www.hoymercedes.com.ar\/principal\/wp-json\/wp\/v2\/media?parent=184243"}],"wp:term":[{"taxonomy":"category","embeddable":true,"href":"https:\/\/www.hoymercedes.com.ar\/principal\/wp-json\/wp\/v2\/categories?post=184243"},{"taxonomy":"post_tag","embeddable":true,"href":"https:\/\/www.hoymercedes.com.ar\/principal\/wp-json\/wp\/v2\/tags?post=184243"}],"curies":[{"name":"wp","href":"https:\/\/api.w.org\/{rel}","templated":true}]}}