{"id":184249,"date":"2025-04-28T20:46:37","date_gmt":"2025-04-28T23:46:37","guid":{"rendered":"https:\/\/www.hoymercedes.com.ar\/principal\/?p=184249"},"modified":"2025-04-28T20:46:41","modified_gmt":"2025-04-28T23:46:41","slug":"wado-un-mercedino-cercano-al-papa","status":"publish","type":"post","link":"https:\/\/www.hoymercedes.com.ar\/principal\/2025\/04\/28\/wado-un-mercedino-cercano-al-papa\/","title":{"rendered":"Wado, un mercedino cercano al Papa"},"content":{"rendered":"\n<figure class=\"wp-block-image size-full\"><img loading=\"lazy\" decoding=\"async\" width=\"960\" height=\"856\" data-attachment-id=\"184250\" data-permalink=\"https:\/\/www.hoymercedes.com.ar\/principal\/2025\/04\/28\/wado-un-mercedino-cercano-al-papa\/wado-papa\/#main\" data-orig-file=\"https:\/\/www.hoymercedes.com.ar\/principal\/wp-content\/uploads\/2025\/04\/Wado-Papa.jpg\" data-orig-size=\"960,856\" data-comments-opened=\"0\" data-image-meta=\"{&quot;aperture&quot;:&quot;0&quot;,&quot;credit&quot;:&quot;&quot;,&quot;camera&quot;:&quot;&quot;,&quot;caption&quot;:&quot;&quot;,&quot;created_timestamp&quot;:&quot;0&quot;,&quot;copyright&quot;:&quot;&quot;,&quot;focal_length&quot;:&quot;0&quot;,&quot;iso&quot;:&quot;0&quot;,&quot;shutter_speed&quot;:&quot;0&quot;,&quot;title&quot;:&quot;&quot;,&quot;orientation&quot;:&quot;0&quot;}\" data-image-title=\"Wado de Pedro, papa francisco\" data-image-description=\"&lt;p&gt;Wado de Pedro, papa francisco&lt;\/p&gt;\n\" data-image-caption=\"&lt;p&gt;Wado de Pedro, papa francisco&lt;\/p&gt;\n\" data-large-file=\"https:\/\/www.hoymercedes.com.ar\/principal\/wp-content\/uploads\/2025\/04\/Wado-Papa.jpg\" src=\"https:\/\/www.hoymercedes.com.ar\/principal\/wp-content\/uploads\/2025\/04\/Wado-Papa.jpg\" alt=\"\" class=\"wp-image-184250\" srcset=\"https:\/\/www.hoymercedes.com.ar\/principal\/wp-content\/uploads\/2025\/04\/Wado-Papa.jpg 960w, https:\/\/www.hoymercedes.com.ar\/principal\/wp-content\/uploads\/2025\/04\/Wado-Papa-630x562.jpg 630w, https:\/\/www.hoymercedes.com.ar\/principal\/wp-content\/uploads\/2025\/04\/Wado-Papa-150x134.jpg 150w\" sizes=\"auto, (max-width: 960px) 100vw, 960px\" \/><\/figure>\n\n\n\n<p>As\u00ed, dentro de la comitiva que acompa\u00f1\u00f3 a la entonces presidenta Cristina Fern\u00e1ndez de Kirchner al Vaticano, se present\u00f3 Eduardo \u201cWado\u201d de Pedro ante el Papa Francisco.<\/p>\n\n\n\n<p>Era, en septiembre de 2014, el primer encuentro entre Jorge Bergoglio desde que se hab\u00eda convertido en el Papa Francisco con Cristina. En las presentaciones de rigor ya hab\u00edan pasado, entre otros, el canciller H\u00e9ctor Timerman, el secretario Legal y T\u00e9cnico Carlos Zannini y el secretario general Oscar Parrilli. Y entre Francisco y Wado, entonces diputado, hubo un chispazo inmediato de complicidad. Sobre todo luego de que el mercedino le dijera: \u201cLe traje salames\u201d.<\/p>\n\n\n\n<p>\u201cEso d\u00e1melo despu\u00e9s a m\u00ed solo\u201d, le respondi\u00f3 el Papa con su habitual humor.<\/p>\n\n\n\n<p>Wado sab\u00eda por amigos en com\u00fan que a Francisco le encantaban los embutidos mercedinos.<\/p>\n\n\n\n<p>D\u00edas despu\u00e9s, analizando su encuentro en el Vaticano, De Pedro -hoy senador nacional y justamente embajador de la fiesta nacional del salame quintero-, cont\u00f3: \u201cFue una experiencia muy buena, muy gratificante en lo personal, ver su felicidad y tranquilidad y su compromiso peleando por la paz en el mundo. Est\u00e1 predicando mucho que el hombre tiene que volver a ser el centro de la escena\u201d.<\/p>\n\n\n\n<p>\u201cLe mand\u00e9 saludos de todos los mercedinos (\u2026) Por supuesto le llev\u00e9 salames de Mercedes. Se lo vio feliz con el gesto, mand\u00f3 saludos para todos los mercedinos, le gust\u00f3 que le haya llevado salames porque yo sab\u00eda por amigos en com\u00fan que a \u00e9l le gustan mucho. As\u00ed que llev\u00e9 el mejor salame de la Argentina y gener\u00f3, gener\u00f3 un boom\u201d. As\u00ed, en un encuentro inolvidable y a trav\u00e9s de uno de los productos que mejor nos representan, Wado hab\u00eda generado un v\u00ednculo irrompible entre el Papa y nuestra ciudad.<\/p>\n","protected":false},"excerpt":{"rendered":"<p>As\u00ed, dentro de la comitiva que acompa\u00f1\u00f3 a la entonces presidenta Cristina Fern\u00e1ndez de Kirchner al Vaticano, se present\u00f3 Eduardo &#8230; <a title=\"Wado, un mercedino cercano al Papa\" class=\"read-more\" href=\"https:\/\/www.hoymercedes.com.ar\/principal\/2025\/04\/28\/wado-un-mercedino-cercano-al-papa\/\" aria-label=\"Leer m\u00e1s sobre Wado, un mercedino cercano al Papa\">Leer m\u00e1s<\/a><\/p>\n","protected":false},"author":1,"featured_media":184250,"comment_status":"closed","ping_status":"open","sticky":false,"template":"","format":"standard","meta":{"_monsterinsights_skip_tracking":false,"_monsterinsights_sitenote_active":false,"_monsterinsights_sitenote_note":"","_monsterinsights_sitenote_category":0,"jetpack_post_was_ever_published":false,"_jetpack_newsletter_access":"","_jetpack_dont_email_post_to_subs":false,"_jetpack_newsletter_tier_id":0,"_jetpack_memberships_contains_paywalled_content":false,"_jetpack_memberships_contains_paid_content":false,"footnotes":"","jetpack_publicize_message":"","jetpack_publicize_feature_enabled":true,"jetpack_social_post_already_shared":true,"jetpack_social_options":{"image_generator_settings":{"template":"highway","default_image_id":0,"font":"","enabled":false},"version":2},"_wpas_customize_per_network":false},"categories":[8],"tags":[3293,281],"class_list":["post-184249","post","type-post","status-publish","format-standard","has-post-thumbnail","hentry","category-sociedad","tag-papa-francisco","tag-wado-de-pedro","generate-columns","tablet-grid-50","mobile-grid-100","grid-parent","grid-50"],"jetpack_publicize_connections":[],"jetpack_featured_media_url":"https:\/\/www.hoymercedes.com.ar\/principal\/wp-content\/uploads\/2025\/04\/Wado-Papa.jpg","wps_subtitle":"Relaciones humanas","jetpack_sharing_enabled":true,"_links":{"self":[{"href":"https:\/\/www.hoymercedes.com.ar\/principal\/wp-json\/wp\/v2\/posts\/184249","targetHints":{"allow":["GET"]}}],"collection":[{"href":"https:\/\/www.hoymercedes.com.ar\/principal\/wp-json\/wp\/v2\/posts"}],"about":[{"href":"https:\/\/www.hoymercedes.com.ar\/principal\/wp-json\/wp\/v2\/types\/post"}],"author":[{"embeddable":true,"href":"https:\/\/www.hoymercedes.com.ar\/principal\/wp-json\/wp\/v2\/users\/1"}],"replies":[{"embeddable":true,"href":"https:\/\/www.hoymercedes.com.ar\/principal\/wp-json\/wp\/v2\/comments?post=184249"}],"version-history":[{"count":2,"href":"https:\/\/www.hoymercedes.com.ar\/principal\/wp-json\/wp\/v2\/posts\/184249\/revisions"}],"predecessor-version":[{"id":184259,"href":"https:\/\/www.hoymercedes.com.ar\/principal\/wp-json\/wp\/v2\/posts\/184249\/revisions\/184259"}],"wp:featuredmedia":[{"embeddable":true,"href":"https:\/\/www.hoymercedes.com.ar\/principal\/wp-json\/wp\/v2\/media\/184250"}],"wp:attachment":[{"href":"https:\/\/www.hoymercedes.com.ar\/principal\/wp-json\/wp\/v2\/media?parent=184249"}],"wp:term":[{"taxonomy":"category","embeddable":true,"href":"https:\/\/www.hoymercedes.com.ar\/principal\/wp-json\/wp\/v2\/categories?post=184249"},{"taxonomy":"post_tag","embeddable":true,"href":"https:\/\/www.hoymercedes.com.ar\/principal\/wp-json\/wp\/v2\/tags?post=184249"}],"curies":[{"name":"wp","href":"https:\/\/api.w.org\/{rel}","templated":true}]}}