{"id":184273,"date":"2025-04-29T09:28:21","date_gmt":"2025-04-29T12:28:21","guid":{"rendered":"https:\/\/www.hoymercedes.com.ar\/principal\/?p=184273"},"modified":"2025-04-29T09:28:23","modified_gmt":"2025-04-29T12:28:23","slug":"teatro-regional-fueron-seleccionados-los-representantes-para-el-provincial","status":"publish","type":"post","link":"https:\/\/www.hoymercedes.com.ar\/principal\/2025\/04\/29\/teatro-regional-fueron-seleccionados-los-representantes-para-el-provincial\/","title":{"rendered":"Teatro Regional: fueron seleccionados los representantes para el Provincial"},"content":{"rendered":"\n<p>Durante el fin de semana \u00faltimo, se llev\u00f3 a cabo el Festival de Teatro Regional en la localidad de Mercedes. A lo largo de los tres d\u00edas se presentaron obras interpretadas por elencos de localidades de la regi\u00f3n. Resultaron ganadoras una obra del elenco de San Antonio de Areco y otra de Pilar. <\/p>\n\n\n<div class=\"wp-block-image\">\n<figure class=\"aligncenter size-full\"><img loading=\"lazy\" decoding=\"async\" width=\"800\" height=\"533\" data-attachment-id=\"184274\" data-permalink=\"https:\/\/www.hoymercedes.com.ar\/principal\/2025\/04\/29\/teatro-regional-fueron-seleccionados-los-representantes-para-el-provincial\/29-32\/#main\" data-orig-file=\"https:\/\/www.hoymercedes.com.ar\/principal\/wp-content\/uploads\/2025\/04\/29.jpg\" data-orig-size=\"800,533\" data-comments-opened=\"0\" data-image-meta=\"{&quot;aperture&quot;:&quot;0&quot;,&quot;credit&quot;:&quot;&quot;,&quot;camera&quot;:&quot;&quot;,&quot;caption&quot;:&quot;&quot;,&quot;created_timestamp&quot;:&quot;0&quot;,&quot;copyright&quot;:&quot;&quot;,&quot;focal_length&quot;:&quot;0&quot;,&quot;iso&quot;:&quot;0&quot;,&quot;shutter_speed&quot;:&quot;0&quot;,&quot;title&quot;:&quot;&quot;,&quot;orientation&quot;:&quot;0&quot;}\" data-image-title=\"29\" data-image-description=\"\" data-image-caption=\"\" data-large-file=\"https:\/\/www.hoymercedes.com.ar\/principal\/wp-content\/uploads\/2025\/04\/29.jpg\" src=\"https:\/\/www.hoymercedes.com.ar\/principal\/wp-content\/uploads\/2025\/04\/29.jpg\" alt=\"\" class=\"wp-image-184274\" srcset=\"https:\/\/www.hoymercedes.com.ar\/principal\/wp-content\/uploads\/2025\/04\/29.jpg 800w, https:\/\/www.hoymercedes.com.ar\/principal\/wp-content\/uploads\/2025\/04\/29-630x420.jpg 630w, https:\/\/www.hoymercedes.com.ar\/principal\/wp-content\/uploads\/2025\/04\/29-150x100.jpg 150w, https:\/\/www.hoymercedes.com.ar\/principal\/wp-content\/uploads\/2025\/04\/29-700x465.jpg 700w\" sizes=\"auto, (max-width: 800px) 100vw, 800px\" \/><\/figure>\n<\/div>\n\n\n<p>Ambas representar\u00e1n a la regi\u00f3n en el Festival Provincial. En tanto, resultaron suplentes, por orden, \u201cLa \u00faltima posibilidad del amor\u201d de Luj\u00e1n, \u201cLa edad de la ciruela\u201d de Luj\u00e1n y \u201cSola no eres nadie\u201d de Mercedes. <\/p>\n\n\n\n<p>En distintos espacios teatrales de Mercedes, tanto p\u00fablicos como privados, se presentaron las propuestas teatrales que compet\u00edan en el Festival, aunque tambi\u00e9n se realizaron talleres y capacitaci\u00f3n para los teatristas de la regi\u00f3n. Hubo tambi\u00e9n reconocimientos por actuaci\u00f3n, escenograf\u00eda y\u00a0 participaci\u00f3n a la totalidad de las obras.<\/p>\n\n\n\n<p>Las obras seleccionadas para representar a los teatristas de la regi\u00f3n fueron:\u00a0\u201cLa se\u00f1ora Schneider\u201d de San Antonio de Areco y\u00a0\u201c\u00bfM\u00e1gicos?\u201d de Pilar. Ambas pasar\u00e1n por el Festival de Teatro Provincial. En tanto, el orden de los suplentes es: \u201cLa \u00faltima posibilidad del amor\u201d de Luj\u00e1n, \u201cLa edad de la ciruela\u201d de Luj\u00e1n y \u201cSola no eres nadie\u201d de Mercedes. <\/p>\n\n\n\n<p>La propuesta lleg\u00f3 a Mercedes a trav\u00e9s de la Direcci\u00f3n de Cultura, del Instituto Cultural de la Provincia de Buenos Aires y el \u00a0Consejo Provincial de Teatro Independiente.<\/p>\n","protected":false},"excerpt":{"rendered":"<p>Durante el fin de semana \u00faltimo, se llev\u00f3 a cabo el Festival de Teatro Regional en la localidad de Mercedes. &#8230; <a title=\"Teatro Regional: fueron seleccionados los representantes para el Provincial\" class=\"read-more\" href=\"https:\/\/www.hoymercedes.com.ar\/principal\/2025\/04\/29\/teatro-regional-fueron-seleccionados-los-representantes-para-el-provincial\/\" aria-label=\"Leer m\u00e1s sobre Teatro Regional: fueron seleccionados los representantes para el Provincial\">Leer m\u00e1s<\/a><\/p>\n","protected":false},"author":1,"featured_media":184274,"comment_status":"closed","ping_status":"open","sticky":false,"template":"","format":"standard","meta":{"_monsterinsights_skip_tracking":false,"_monsterinsights_sitenote_active":false,"_monsterinsights_sitenote_note":"","_monsterinsights_sitenote_category":0,"jetpack_post_was_ever_published":false,"_jetpack_newsletter_access":"","_jetpack_dont_email_post_to_subs":false,"_jetpack_newsletter_tier_id":0,"_jetpack_memberships_contains_paywalled_content":false,"_jetpack_memberships_contains_paid_content":false,"footnotes":"","jetpack_publicize_message":"","jetpack_publicize_feature_enabled":true,"jetpack_social_post_already_shared":true,"jetpack_social_options":{"image_generator_settings":{"template":"highway","default_image_id":0,"font":"","enabled":false},"version":2},"_wpas_customize_per_network":false},"categories":[8],"tags":[],"class_list":["post-184273","post","type-post","status-publish","format-standard","has-post-thumbnail","hentry","category-sociedad","generate-columns","tablet-grid-50","mobile-grid-100","grid-parent","grid-50"],"jetpack_publicize_connections":[],"jetpack_featured_media_url":"https:\/\/www.hoymercedes.com.ar\/principal\/wp-content\/uploads\/2025\/04\/29.jpg","wps_subtitle":"","jetpack_sharing_enabled":true,"_links":{"self":[{"href":"https:\/\/www.hoymercedes.com.ar\/principal\/wp-json\/wp\/v2\/posts\/184273","targetHints":{"allow":["GET"]}}],"collection":[{"href":"https:\/\/www.hoymercedes.com.ar\/principal\/wp-json\/wp\/v2\/posts"}],"about":[{"href":"https:\/\/www.hoymercedes.com.ar\/principal\/wp-json\/wp\/v2\/types\/post"}],"author":[{"embeddable":true,"href":"https:\/\/www.hoymercedes.com.ar\/principal\/wp-json\/wp\/v2\/users\/1"}],"replies":[{"embeddable":true,"href":"https:\/\/www.hoymercedes.com.ar\/principal\/wp-json\/wp\/v2\/comments?post=184273"}],"version-history":[{"count":1,"href":"https:\/\/www.hoymercedes.com.ar\/principal\/wp-json\/wp\/v2\/posts\/184273\/revisions"}],"predecessor-version":[{"id":184275,"href":"https:\/\/www.hoymercedes.com.ar\/principal\/wp-json\/wp\/v2\/posts\/184273\/revisions\/184275"}],"wp:featuredmedia":[{"embeddable":true,"href":"https:\/\/www.hoymercedes.com.ar\/principal\/wp-json\/wp\/v2\/media\/184274"}],"wp:attachment":[{"href":"https:\/\/www.hoymercedes.com.ar\/principal\/wp-json\/wp\/v2\/media?parent=184273"}],"wp:term":[{"taxonomy":"category","embeddable":true,"href":"https:\/\/www.hoymercedes.com.ar\/principal\/wp-json\/wp\/v2\/categories?post=184273"},{"taxonomy":"post_tag","embeddable":true,"href":"https:\/\/www.hoymercedes.com.ar\/principal\/wp-json\/wp\/v2\/tags?post=184273"}],"curies":[{"name":"wp","href":"https:\/\/api.w.org\/{rel}","templated":true}]}}