{"id":184286,"date":"2025-04-29T12:44:00","date_gmt":"2025-04-29T15:44:00","guid":{"rendered":"https:\/\/www.hoymercedes.com.ar\/principal\/?p=184286"},"modified":"2025-04-29T09:52:32","modified_gmt":"2025-04-29T12:52:32","slug":"hubo-capacitacion-en-marketing-para-pymes","status":"publish","type":"post","link":"https:\/\/www.hoymercedes.com.ar\/principal\/2025\/04\/29\/hubo-capacitacion-en-marketing-para-pymes\/","title":{"rendered":"Hubo capacitaci\u00f3n en marketing para PyMEs"},"content":{"rendered":"\n<p>D\u00edas atr\u00e1s, la sala de conferencia de la C\u00e1mara Econ\u00f3mica Mercedina se colm\u00f3 con los participantes del workshop de comunicaci\u00f3n y marketing para PyMEs a cargo de Paulo Luc\u00eda. Te\u00f3rico y pr\u00e1ctico, el mercedino especializado en marketing digital dio herramientas para los socios y no socios de la CEM. <\/p>\n\n\n<div class=\"wp-block-image\">\n<figure class=\"aligncenter size-full\"><img loading=\"lazy\" decoding=\"async\" width=\"800\" height=\"534\" data-attachment-id=\"184287\" data-permalink=\"https:\/\/www.hoymercedes.com.ar\/principal\/2025\/04\/29\/hubo-capacitacion-en-marketing-para-pymes\/whatsapp-image-2025-04-28-at-10-56-05\/#main\" data-orig-file=\"https:\/\/www.hoymercedes.com.ar\/principal\/wp-content\/uploads\/2025\/04\/WhatsApp-Image-2025-04-28-at-10.56.05.jpg\" data-orig-size=\"800,534\" data-comments-opened=\"0\" data-image-meta=\"{&quot;aperture&quot;:&quot;0&quot;,&quot;credit&quot;:&quot;&quot;,&quot;camera&quot;:&quot;&quot;,&quot;caption&quot;:&quot;&quot;,&quot;created_timestamp&quot;:&quot;0&quot;,&quot;copyright&quot;:&quot;&quot;,&quot;focal_length&quot;:&quot;0&quot;,&quot;iso&quot;:&quot;0&quot;,&quot;shutter_speed&quot;:&quot;0&quot;,&quot;title&quot;:&quot;&quot;,&quot;orientation&quot;:&quot;0&quot;}\" data-image-title=\"WhatsApp Image 2025-04-28 at 10.56.05\" data-image-description=\"\" data-image-caption=\"\" data-large-file=\"https:\/\/www.hoymercedes.com.ar\/principal\/wp-content\/uploads\/2025\/04\/WhatsApp-Image-2025-04-28-at-10.56.05.jpg\" src=\"https:\/\/www.hoymercedes.com.ar\/principal\/wp-content\/uploads\/2025\/04\/WhatsApp-Image-2025-04-28-at-10.56.05.jpg\" alt=\"\" class=\"wp-image-184287\" srcset=\"https:\/\/www.hoymercedes.com.ar\/principal\/wp-content\/uploads\/2025\/04\/WhatsApp-Image-2025-04-28-at-10.56.05.jpg 800w, https:\/\/www.hoymercedes.com.ar\/principal\/wp-content\/uploads\/2025\/04\/WhatsApp-Image-2025-04-28-at-10.56.05-630x421.jpg 630w, https:\/\/www.hoymercedes.com.ar\/principal\/wp-content\/uploads\/2025\/04\/WhatsApp-Image-2025-04-28-at-10.56.05-150x100.jpg 150w\" sizes=\"auto, (max-width: 800px) 100vw, 800px\" \/><\/figure>\n<\/div>\n\n\n<p>El evento, titulado \u201cVend\u00e9 m\u00e1s, a m\u00e1s clientes y de forma m\u00e1s rentable\u201d y organizado por la agencia Solutions LO, cont\u00f3 con una gran asistencia de empresarios y emprendedores locales interesados en potenciar sus negocios.<\/p>\n\n\n\n<p>A su vez, el curso cont\u00f3 con el auspicio de Clientify, una plataforma de gesti\u00f3n de clientes que centraliza todas las acciones comerciales y de comunicaci\u00f3n empresarial.<\/p>\n\n\n\n<p>Lo expuesto en la charla de tres horas se centr\u00f3 en lo que llaman el \u201cM\u00e9todo Solutions LO\u201d, una forma de trabajar en comunicaci\u00f3n y marketing que clasifica todas las acciones orientadas en cinco pasos.<\/p>\n\n\n\n<p>De esta manera, los asistentes trabajaron sobre c\u00f3mo desarrollar una estrategia clara que vaya en sinton\u00eda con el crecimiento de sus empresas.<\/p>\n\n\n\n<p>La capacitaci\u00f3n estuvo a cargo de Paulo Luc\u00eda, gerente de la agencia organizadora, quien comparti\u00f3 el M\u00e9todo Solutions LO, una estrategia de trabajo que ha sido aplicada en m\u00e1s de 300 empresas a lo largo de m\u00e1s de 20 a\u00f1os de trayectoria profesional. Durante la jornada, los participantes pudieron conocer de forma pr\u00e1ctica y concreta herramientas fundamentales para optimizar sus acciones comerciales y comunicacionales.<\/p>\n\n\n\n<p>Con un enfoque din\u00e1mico y pr\u00e1ctico, el workshop no solo brind\u00f3 conocimientos te\u00f3ricos, sino tambi\u00e9n actividades para seguir desarrollando los conceptos aprendidos.<\/p>\n\n\n\n<p><\/p>\n","protected":false},"excerpt":{"rendered":"<p>D\u00edas atr\u00e1s, la sala de conferencia de la C\u00e1mara Econ\u00f3mica Mercedina se colm\u00f3 con los participantes del workshop de comunicaci\u00f3n &#8230; <a title=\"Hubo capacitaci\u00f3n en marketing para PyMEs\" class=\"read-more\" href=\"https:\/\/www.hoymercedes.com.ar\/principal\/2025\/04\/29\/hubo-capacitacion-en-marketing-para-pymes\/\" aria-label=\"Leer m\u00e1s sobre Hubo capacitaci\u00f3n en marketing para PyMEs\">Leer m\u00e1s<\/a><\/p>\n","protected":false},"author":1,"featured_media":184287,"comment_status":"closed","ping_status":"open","sticky":false,"template":"","format":"standard","meta":{"_monsterinsights_skip_tracking":false,"_monsterinsights_sitenote_active":false,"_monsterinsights_sitenote_note":"","_monsterinsights_sitenote_category":0,"jetpack_post_was_ever_published":false,"_jetpack_newsletter_access":"","_jetpack_dont_email_post_to_subs":false,"_jetpack_newsletter_tier_id":0,"_jetpack_memberships_contains_paywalled_content":false,"_jetpack_memberships_contains_paid_content":false,"footnotes":"","jetpack_publicize_message":"","jetpack_publicize_feature_enabled":true,"jetpack_social_post_already_shared":true,"jetpack_social_options":{"image_generator_settings":{"template":"highway","default_image_id":0,"font":"","enabled":false},"version":2},"_wpas_customize_per_network":false},"categories":[8],"tags":[],"class_list":["post-184286","post","type-post","status-publish","format-standard","has-post-thumbnail","hentry","category-sociedad","generate-columns","tablet-grid-50","mobile-grid-100","grid-parent","grid-50"],"jetpack_publicize_connections":[],"jetpack_featured_media_url":"https:\/\/www.hoymercedes.com.ar\/principal\/wp-content\/uploads\/2025\/04\/WhatsApp-Image-2025-04-28-at-10.56.05.jpg","wps_subtitle":"","jetpack_sharing_enabled":true,"_links":{"self":[{"href":"https:\/\/www.hoymercedes.com.ar\/principal\/wp-json\/wp\/v2\/posts\/184286","targetHints":{"allow":["GET"]}}],"collection":[{"href":"https:\/\/www.hoymercedes.com.ar\/principal\/wp-json\/wp\/v2\/posts"}],"about":[{"href":"https:\/\/www.hoymercedes.com.ar\/principal\/wp-json\/wp\/v2\/types\/post"}],"author":[{"embeddable":true,"href":"https:\/\/www.hoymercedes.com.ar\/principal\/wp-json\/wp\/v2\/users\/1"}],"replies":[{"embeddable":true,"href":"https:\/\/www.hoymercedes.com.ar\/principal\/wp-json\/wp\/v2\/comments?post=184286"}],"version-history":[{"count":1,"href":"https:\/\/www.hoymercedes.com.ar\/principal\/wp-json\/wp\/v2\/posts\/184286\/revisions"}],"predecessor-version":[{"id":184288,"href":"https:\/\/www.hoymercedes.com.ar\/principal\/wp-json\/wp\/v2\/posts\/184286\/revisions\/184288"}],"wp:featuredmedia":[{"embeddable":true,"href":"https:\/\/www.hoymercedes.com.ar\/principal\/wp-json\/wp\/v2\/media\/184287"}],"wp:attachment":[{"href":"https:\/\/www.hoymercedes.com.ar\/principal\/wp-json\/wp\/v2\/media?parent=184286"}],"wp:term":[{"taxonomy":"category","embeddable":true,"href":"https:\/\/www.hoymercedes.com.ar\/principal\/wp-json\/wp\/v2\/categories?post=184286"},{"taxonomy":"post_tag","embeddable":true,"href":"https:\/\/www.hoymercedes.com.ar\/principal\/wp-json\/wp\/v2\/tags?post=184286"}],"curies":[{"name":"wp","href":"https:\/\/api.w.org\/{rel}","templated":true}]}}