{"id":184291,"date":"2025-04-29T14:55:00","date_gmt":"2025-04-29T17:55:00","guid":{"rendered":"https:\/\/www.hoymercedes.com.ar\/principal\/?p=184291"},"modified":"2025-04-29T10:07:25","modified_gmt":"2025-04-29T13:07:25","slug":"raly-barrionuevo-regresa-a-mercedes-para-el-festival-mestiza","status":"publish","type":"post","link":"https:\/\/www.hoymercedes.com.ar\/principal\/2025\/04\/29\/raly-barrionuevo-regresa-a-mercedes-para-el-festival-mestiza\/","title":{"rendered":"Raly Barrionuevo regresa a Mercedes para el Festival Mestiza"},"content":{"rendered":"\n<p>El s\u00e1bado 10 de mayo, Raly Barrionuevo llega al Teatro Argentino de Mercedes para formar parte del\u00a0Festival Mestiza 2025. La entradas con descuentos hasta el 2 de mayo haciendo click en este <a href=\"https:\/\/www.entradaweb.com.ar\/evento\/c6db6771\/step\/1?fbclid=PAZXh0bgNhZW0CMTEAAaYp0CMGQjrb5KVmClTdoj9_Acg7ZIbjPdILv0x3KOFCtB5qA1bFsM7A4is_aem_wwCFOYSonpuFLvKvgfjo3w\" target=\"_blank\" rel=\"noopener\">link <\/a><\/p>\n\n\n\n<figure class=\"wp-block-image size-full\"><img loading=\"lazy\" decoding=\"async\" width=\"1000\" height=\"590\" data-attachment-id=\"184292\" data-permalink=\"https:\/\/www.hoymercedes.com.ar\/principal\/2025\/04\/29\/raly-barrionuevo-regresa-a-mercedes-para-el-festival-mestiza\/image-130\/#main\" data-orig-file=\"https:\/\/www.hoymercedes.com.ar\/principal\/wp-content\/uploads\/2025\/04\/image-19.png\" data-orig-size=\"1000,590\" data-comments-opened=\"0\" data-image-meta=\"{&quot;aperture&quot;:&quot;0&quot;,&quot;credit&quot;:&quot;&quot;,&quot;camera&quot;:&quot;&quot;,&quot;caption&quot;:&quot;&quot;,&quot;created_timestamp&quot;:&quot;0&quot;,&quot;copyright&quot;:&quot;&quot;,&quot;focal_length&quot;:&quot;0&quot;,&quot;iso&quot;:&quot;0&quot;,&quot;shutter_speed&quot;:&quot;0&quot;,&quot;title&quot;:&quot;&quot;,&quot;orientation&quot;:&quot;0&quot;}\" data-image-title=\"image\" data-image-description=\"\" data-image-caption=\"\" data-large-file=\"https:\/\/www.hoymercedes.com.ar\/principal\/wp-content\/uploads\/2025\/04\/image-19.png\" src=\"https:\/\/www.hoymercedes.com.ar\/principal\/wp-content\/uploads\/2025\/04\/image-19.png\" alt=\"\" class=\"wp-image-184292\" srcset=\"https:\/\/www.hoymercedes.com.ar\/principal\/wp-content\/uploads\/2025\/04\/image-19.png 1000w, https:\/\/www.hoymercedes.com.ar\/principal\/wp-content\/uploads\/2025\/04\/image-19-630x372.png 630w, https:\/\/www.hoymercedes.com.ar\/principal\/wp-content\/uploads\/2025\/04\/image-19-150x89.png 150w\" sizes=\"auto, (max-width: 1000px) 100vw, 1000px\" \/><\/figure>\n\n\n\n<p>En el marco del festival tambi\u00e9n actuar\u00e1n Franco Ram\u00edrez, recientemente\u00a0nominado a los Premios Gardel en la categor\u00eda Folklore Alternativo,  y los locales Naci\u00f3n Wiphala, Jo Marcel, Se\u00f1orita Miel, Gakid, Dica y Toro Selecta.<\/p>\n\n\n\n<p>El Festival Mestiza es \u00abun espacio de creaci\u00f3n colectiva donde se cruzan sonidos, ideas y comunidades. Desde su primera edici\u00f3n, ha reunido a m\u00fasicos, pensadores y p\u00fablico para compartir una visi\u00f3n inclusiva y desprejuiciada de la cultura\u00bb. En la edici\u00f3n de este a\u00f1o habr\u00e1 adem\u00e1s de los conciertos, talleres culturales, charlas, muestras interdisciplinarias y una feria gastron\u00f3mica.<\/p>\n\n\n\n<p>Cada edici\u00f3n del festival tiene una \ufb01gura destacada como \u201cyachaj\u201d (en quechua, gu\u00eda). En 2025, el yachaj es Raly Barrionuevo, un referente de la m\u00fasica popular argentina, cuya obra est\u00e1 marcada por su compromiso social y su defensa de la identidad cultural de nuestro pa\u00eds.<\/p>\n\n\n\n<p>Las entradas anticipadas con descuento son hasta el 2 de mayo,\u00a0otras opci\u00f3n es la boleter\u00eda del Teatro Argentino \u00abJulio C. Gioscio\u00bb en 27 entre\u00a024 y 26) <\/p>\n\n\n\n<p><\/p>\n","protected":false},"excerpt":{"rendered":"<p>El s\u00e1bado 10 de mayo, Raly Barrionuevo llega al Teatro Argentino de Mercedes para formar parte del\u00a0Festival Mestiza 2025. La &#8230; <a title=\"Raly Barrionuevo regresa a Mercedes para el Festival Mestiza\" class=\"read-more\" href=\"https:\/\/www.hoymercedes.com.ar\/principal\/2025\/04\/29\/raly-barrionuevo-regresa-a-mercedes-para-el-festival-mestiza\/\" aria-label=\"Leer m\u00e1s sobre Raly Barrionuevo regresa a Mercedes para el Festival Mestiza\">Leer m\u00e1s<\/a><\/p>\n","protected":false},"author":1,"featured_media":184292,"comment_status":"closed","ping_status":"open","sticky":false,"template":"","format":"standard","meta":{"_monsterinsights_skip_tracking":false,"_monsterinsights_sitenote_active":false,"_monsterinsights_sitenote_note":"","_monsterinsights_sitenote_category":0,"jetpack_post_was_ever_published":false,"_jetpack_newsletter_access":"","_jetpack_dont_email_post_to_subs":false,"_jetpack_newsletter_tier_id":0,"_jetpack_memberships_contains_paywalled_content":false,"_jetpack_memberships_contains_paid_content":false,"footnotes":"","jetpack_publicize_message":"","jetpack_publicize_feature_enabled":true,"jetpack_social_post_already_shared":true,"jetpack_social_options":{"image_generator_settings":{"template":"highway","default_image_id":0,"font":"","enabled":false},"version":2},"_wpas_customize_per_network":false},"categories":[104],"tags":[7805],"class_list":["post-184291","post","type-post","status-publish","format-standard","has-post-thumbnail","hentry","category-cultura","tag-cultura","generate-columns","tablet-grid-50","mobile-grid-100","grid-parent","grid-50"],"jetpack_publicize_connections":[],"jetpack_featured_media_url":"https:\/\/www.hoymercedes.com.ar\/principal\/wp-content\/uploads\/2025\/04\/image-19.png","wps_subtitle":"","jetpack_sharing_enabled":true,"_links":{"self":[{"href":"https:\/\/www.hoymercedes.com.ar\/principal\/wp-json\/wp\/v2\/posts\/184291","targetHints":{"allow":["GET"]}}],"collection":[{"href":"https:\/\/www.hoymercedes.com.ar\/principal\/wp-json\/wp\/v2\/posts"}],"about":[{"href":"https:\/\/www.hoymercedes.com.ar\/principal\/wp-json\/wp\/v2\/types\/post"}],"author":[{"embeddable":true,"href":"https:\/\/www.hoymercedes.com.ar\/principal\/wp-json\/wp\/v2\/users\/1"}],"replies":[{"embeddable":true,"href":"https:\/\/www.hoymercedes.com.ar\/principal\/wp-json\/wp\/v2\/comments?post=184291"}],"version-history":[{"count":1,"href":"https:\/\/www.hoymercedes.com.ar\/principal\/wp-json\/wp\/v2\/posts\/184291\/revisions"}],"predecessor-version":[{"id":184293,"href":"https:\/\/www.hoymercedes.com.ar\/principal\/wp-json\/wp\/v2\/posts\/184291\/revisions\/184293"}],"wp:featuredmedia":[{"embeddable":true,"href":"https:\/\/www.hoymercedes.com.ar\/principal\/wp-json\/wp\/v2\/media\/184292"}],"wp:attachment":[{"href":"https:\/\/www.hoymercedes.com.ar\/principal\/wp-json\/wp\/v2\/media?parent=184291"}],"wp:term":[{"taxonomy":"category","embeddable":true,"href":"https:\/\/www.hoymercedes.com.ar\/principal\/wp-json\/wp\/v2\/categories?post=184291"},{"taxonomy":"post_tag","embeddable":true,"href":"https:\/\/www.hoymercedes.com.ar\/principal\/wp-json\/wp\/v2\/tags?post=184291"}],"curies":[{"name":"wp","href":"https:\/\/api.w.org\/{rel}","templated":true}]}}