{"id":184298,"date":"2025-04-29T18:27:48","date_gmt":"2025-04-29T21:27:48","guid":{"rendered":"https:\/\/www.hoymercedes.com.ar\/principal\/?p=184298"},"modified":"2025-04-29T18:27:50","modified_gmt":"2025-04-29T21:27:50","slug":"suipachenches-en-la-feria-del-libro","status":"publish","type":"post","link":"https:\/\/www.hoymercedes.com.ar\/principal\/2025\/04\/29\/suipachenches-en-la-feria-del-libro\/","title":{"rendered":"Suipachenches en la Feria del Libro"},"content":{"rendered":"\n<figure class=\"wp-block-image size-large\"><img loading=\"lazy\" decoding=\"async\" width=\"1024\" height=\"682\" data-attachment-id=\"184299\" data-permalink=\"https:\/\/www.hoymercedes.com.ar\/principal\/2025\/04\/29\/suipachenches-en-la-feria-del-libro\/feria-lubro\/#main\" data-orig-file=\"https:\/\/www.hoymercedes.com.ar\/principal\/wp-content\/uploads\/2025\/04\/Feria-Lubro.jpg\" data-orig-size=\"1600,1066\" data-comments-opened=\"0\" data-image-meta=\"{&quot;aperture&quot;:&quot;0&quot;,&quot;credit&quot;:&quot;&quot;,&quot;camera&quot;:&quot;&quot;,&quot;caption&quot;:&quot;&quot;,&quot;created_timestamp&quot;:&quot;0&quot;,&quot;copyright&quot;:&quot;&quot;,&quot;focal_length&quot;:&quot;0&quot;,&quot;iso&quot;:&quot;0&quot;,&quot;shutter_speed&quot;:&quot;0&quot;,&quot;title&quot;:&quot;&quot;,&quot;orientation&quot;:&quot;0&quot;}\" data-image-title=\"Suipachanches en la Feria del Libro\" data-image-description=\"&lt;p&gt;Suipachanches en la Feria del Libro&lt;\/p&gt;\n\" data-image-caption=\"&lt;p&gt;Suipachanches en la Feria del Libro&lt;\/p&gt;\n\" data-large-file=\"https:\/\/www.hoymercedes.com.ar\/principal\/wp-content\/uploads\/2025\/04\/Feria-Lubro-1024x682.jpg\" src=\"https:\/\/www.hoymercedes.com.ar\/principal\/wp-content\/uploads\/2025\/04\/Feria-Lubro-1024x682.jpg\" alt=\"\" class=\"wp-image-184299\" srcset=\"https:\/\/www.hoymercedes.com.ar\/principal\/wp-content\/uploads\/2025\/04\/Feria-Lubro-1024x682.jpg 1024w, https:\/\/www.hoymercedes.com.ar\/principal\/wp-content\/uploads\/2025\/04\/Feria-Lubro-630x420.jpg 630w, https:\/\/www.hoymercedes.com.ar\/principal\/wp-content\/uploads\/2025\/04\/Feria-Lubro-150x100.jpg 150w, https:\/\/www.hoymercedes.com.ar\/principal\/wp-content\/uploads\/2025\/04\/Feria-Lubro-1536x1023.jpg 1536w, https:\/\/www.hoymercedes.com.ar\/principal\/wp-content\/uploads\/2025\/04\/Feria-Lubro-700x465.jpg 700w, https:\/\/www.hoymercedes.com.ar\/principal\/wp-content\/uploads\/2025\/04\/Feria-Lubro.jpg 1600w\" sizes=\"auto, (max-width: 1024px) 100vw, 1024px\" \/><\/figure>\n\n\n\n<p>La Feria del Libro con sello suipachense: se present\u00f3 el libro del Concurso Literario Luis Andr\u00e9s Darritchon<br>En el marco de la Feria del Libro, se present\u00f3 oficialmente el libro que re\u00fane los cuentos del Concurso Literario Luis Andr\u00e9s Darritchon, impulsado con motivo del 160\u00b0 aniversario de la ciudad de Suipacha.<br><br>El evento cont\u00f3 con la presencia de los autores y autoras de los cuentos incluidos en la publicaci\u00f3n, junto al Director de Cultura municipal y miembros del Consejo de la Cultura. El libro, editado por la editorial Mi\u00f1o y D\u00e1vila, fue entregado a quienes participaron con sus textos y formaron parte de esta valiosa iniciativa cultural.<\/p>\n\n\n\n<p>Como emotivo cierre de la jornada, la escritora y narradora Susana Calder\u00f3n interpret\u00f3 uno de los cuentos del propio Luis Andr\u00e9s Darritchon, rindiendo homenaje al autor que da nombre al certamen.<br><br>La publicaci\u00f3n fue posible gracias al financiamiento de la Municipalidad de Suipacha y los ejemplares ser\u00e1n distribuidos en bibliotecas y escuelas de la ciudad, como forma de fomentar la lectura, preservar la memoria local y promover el talento literario de la comunidad.<br><br>El evento cont\u00f3 con la presencia de los autores y autoras de los cuentos incluidos en la publicaci\u00f3n, junto al Director de Cultura municipal y miembros del Consejo de la Cultura. El libro, editado por la editorial Mi\u00f1o y D\u00e1vila, fue entregado a quienes participaron con sus textos y formaron parte de esta valiosa iniciativa cultural.<\/p>\n\n\n\n<p>Como emotivo cierre de la jornada, la escritora y narradora Susana Calder\u00f3n interpret\u00f3 uno de los cuentos del propio Luis Andr\u00e9s Darritchon, rindiendo homenaje al autor que da nombre al certamen.<br>La publicaci\u00f3n fue posible gracias al financiamiento de la Municipalidad de Suipacha y los ejemplares ser\u00e1n distribuidos en bibliotecas y escuelas de la ciudad, como forma de fomentar la lectura, preservar la memoria local y promover el talento literario de la comunidad.<\/p>\n","protected":false},"excerpt":{"rendered":"<p>La Feria del Libro con sello suipachense: se present\u00f3 el libro del Concurso Literario Luis Andr\u00e9s DarritchonEn el marco de &#8230; <a title=\"Suipachenches en la Feria del Libro\" class=\"read-more\" href=\"https:\/\/www.hoymercedes.com.ar\/principal\/2025\/04\/29\/suipachenches-en-la-feria-del-libro\/\" aria-label=\"Leer m\u00e1s sobre Suipachenches en la Feria del Libro\">Leer m\u00e1s<\/a><\/p>\n","protected":false},"author":1,"featured_media":184299,"comment_status":"closed","ping_status":"open","sticky":false,"template":"","format":"standard","meta":{"_monsterinsights_skip_tracking":false,"_monsterinsights_sitenote_active":false,"_monsterinsights_sitenote_note":"","_monsterinsights_sitenote_category":0,"jetpack_post_was_ever_published":false,"_jetpack_newsletter_access":"","_jetpack_dont_email_post_to_subs":false,"_jetpack_newsletter_tier_id":0,"_jetpack_memberships_contains_paywalled_content":false,"_jetpack_memberships_contains_paid_content":false,"footnotes":"","jetpack_publicize_message":"","jetpack_publicize_feature_enabled":true,"jetpack_social_post_already_shared":true,"jetpack_social_options":{"image_generator_settings":{"template":"highway","default_image_id":0,"font":"","enabled":false},"version":2},"_wpas_customize_per_network":false},"categories":[5501],"tags":[685,559],"class_list":["post-184298","post","type-post","status-publish","format-standard","has-post-thumbnail","hentry","category-region","tag-feria-del-libro","tag-suipacha","generate-columns","tablet-grid-50","mobile-grid-100","grid-parent","grid-50"],"jetpack_publicize_connections":[],"jetpack_featured_media_url":"https:\/\/www.hoymercedes.com.ar\/principal\/wp-content\/uploads\/2025\/04\/Feria-Lubro.jpg","wps_subtitle":"","jetpack_sharing_enabled":true,"_links":{"self":[{"href":"https:\/\/www.hoymercedes.com.ar\/principal\/wp-json\/wp\/v2\/posts\/184298","targetHints":{"allow":["GET"]}}],"collection":[{"href":"https:\/\/www.hoymercedes.com.ar\/principal\/wp-json\/wp\/v2\/posts"}],"about":[{"href":"https:\/\/www.hoymercedes.com.ar\/principal\/wp-json\/wp\/v2\/types\/post"}],"author":[{"embeddable":true,"href":"https:\/\/www.hoymercedes.com.ar\/principal\/wp-json\/wp\/v2\/users\/1"}],"replies":[{"embeddable":true,"href":"https:\/\/www.hoymercedes.com.ar\/principal\/wp-json\/wp\/v2\/comments?post=184298"}],"version-history":[{"count":1,"href":"https:\/\/www.hoymercedes.com.ar\/principal\/wp-json\/wp\/v2\/posts\/184298\/revisions"}],"predecessor-version":[{"id":184300,"href":"https:\/\/www.hoymercedes.com.ar\/principal\/wp-json\/wp\/v2\/posts\/184298\/revisions\/184300"}],"wp:featuredmedia":[{"embeddable":true,"href":"https:\/\/www.hoymercedes.com.ar\/principal\/wp-json\/wp\/v2\/media\/184299"}],"wp:attachment":[{"href":"https:\/\/www.hoymercedes.com.ar\/principal\/wp-json\/wp\/v2\/media?parent=184298"}],"wp:term":[{"taxonomy":"category","embeddable":true,"href":"https:\/\/www.hoymercedes.com.ar\/principal\/wp-json\/wp\/v2\/categories?post=184298"},{"taxonomy":"post_tag","embeddable":true,"href":"https:\/\/www.hoymercedes.com.ar\/principal\/wp-json\/wp\/v2\/tags?post=184298"}],"curies":[{"name":"wp","href":"https:\/\/api.w.org\/{rel}","templated":true}]}}