{"id":184316,"date":"2025-04-30T15:22:00","date_gmt":"2025-04-30T18:22:00","guid":{"rendered":"https:\/\/www.hoymercedes.com.ar\/principal\/?p=184316"},"modified":"2025-04-30T19:34:41","modified_gmt":"2025-04-30T22:34:41","slug":"paritaria-mercantil-aumento-no-remunerativo-en-tres-tramos","status":"publish","type":"post","link":"https:\/\/www.hoymercedes.com.ar\/principal\/2025\/04\/30\/paritaria-mercantil-aumento-no-remunerativo-en-tres-tramos\/","title":{"rendered":"Paritaria mercantil: aumento no remunerativo en tres tramos"},"content":{"rendered":"\n<p>La C\u00e1mara Argentina de Comercio y Servicios (CAC), la Confederaci\u00f3n Argentina de la Mediana Empresa (CAME), la Uni\u00f3n de Entidades Comerciales Argentinas (UDECA) y la Federaci\u00f3n Argentina de Empleados de Comercio y Servicios (FAECyS) suscribieron un nuevo acuerdo en el marco de la paritaria para la actividad mercantil.<\/p>\n\n\n\n<p>Las partes pactaron un incremento salarial del 5,4% sobre las escalas de las remuneraciones b\u00e1sicas del CCT N\u00b0 130\/75, a cuyo efecto se tomar\u00e1 como base de c\u00e1lculo los valores expresados para el mes de marzo de 2025, con m\u00e1s las sumas de car\u00e1cter no remunerativo vigentes a dicha fecha.<\/p>\n\n\n\n<p>La mencionada suba del 5,4% se abonar\u00e1 en su valor nominal y en tres tramos no acumulativos: 1,9% a partir de abril de 2025; 1,8% a partir de mayo de 2025, y 1,7% a partir de junio de 2025.<\/p>\n\n\n\n<p>Lo pactado tiene vigencia desde el 1\u00b0 de abril de 2025 y hasta el 31 de marzo de 2026, sin perjuicio de lo cual las partes se comprometieron a reunirse en el mes de julio de 2025 para analizar las variaciones econ\u00f3micas que pudieran haber ocurrido.<\/p>\n\n\n\n<p>Cabe destacar que las partes acordaron incorporar las sumas no remunerativas a los b\u00e1sicos de convenio de la siguiente forma: el incremento de abril de 2025 con los haberes de mayo de 2025; el incremento de mayo de 2025 con los haberes de junio de 2025; y, por \u00faltimo, el incremento de junio de 2025 con los haberes de julio de 2025.<\/p>\n\n\n\n<p>En el marco del entendimiento, tambi\u00e9n se defini\u00f3 el otorgamiento de una suma fija no remunerativa a abonarse en forma fraccionada y de la siguiente manera: $ 35.000 pagaderos durante abril de 2025; $ 40.000 pagaderos durante mayo de 2025, y $ 40.000 pagaderos durante el mes de junio de 2025. Estos \u00faltimos $ 40.000 se incorporar\u00e1n a los b\u00e1sicos en su valor nominal, en el mes de julio de 2025.<\/p>\n\n\n\n<p>Se aclara que los incrementos del acuerdo en cuesti\u00f3n no son vinculantes para los acuerdos salariales que pudieran suscribirse en el \u00e1mbito de la ciudad de R\u00edo Grande, provincia de Tierra del Fuego, sin perjuicio de que las sumas resultantes de los incrementos pactados constituyan el m\u00ednimo convencional vigente a partir de la homologaci\u00f3n.<\/p>\n\n\n\n<p>Vale mencionar que la presente revisi\u00f3n se da en el marco del compromiso de reuni\u00f3n pactada por las partes en el acuerdo del pasado 24 de enero del corriente ante las variaciones econ\u00f3micas registradas desde entonces, prevista en la cl\u00e1usula 4ta del mencionado entendimiento.<\/p>\n","protected":false},"excerpt":{"rendered":"<p>La C\u00e1mara Argentina de Comercio y Servicios (CAC), la Confederaci\u00f3n Argentina de la Mediana Empresa (CAME), la Uni\u00f3n de Entidades &#8230; <a title=\"Paritaria mercantil: aumento no remunerativo en tres tramos\" class=\"read-more\" href=\"https:\/\/www.hoymercedes.com.ar\/principal\/2025\/04\/30\/paritaria-mercantil-aumento-no-remunerativo-en-tres-tramos\/\" aria-label=\"Leer m\u00e1s sobre Paritaria mercantil: aumento no remunerativo en tres tramos\">Leer m\u00e1s<\/a><\/p>\n","protected":false},"author":1,"featured_media":176815,"comment_status":"closed","ping_status":"open","sticky":false,"template":"","format":"standard","meta":{"_monsterinsights_skip_tracking":false,"_monsterinsights_sitenote_active":false,"_monsterinsights_sitenote_note":"","_monsterinsights_sitenote_category":0,"jetpack_post_was_ever_published":false,"_jetpack_newsletter_access":"","_jetpack_dont_email_post_to_subs":false,"_jetpack_newsletter_tier_id":0,"_jetpack_memberships_contains_paywalled_content":false,"_jetpack_memberships_contains_paid_content":false,"footnotes":"","jetpack_publicize_message":"","jetpack_publicize_feature_enabled":true,"jetpack_social_post_already_shared":true,"jetpack_social_options":{"image_generator_settings":{"template":"highway","default_image_id":0,"font":"","enabled":false},"version":2},"_wpas_customize_per_network":false},"categories":[8],"tags":[],"class_list":["post-184316","post","type-post","status-publish","format-standard","has-post-thumbnail","hentry","category-sociedad","generate-columns","tablet-grid-50","mobile-grid-100","grid-parent","grid-50"],"jetpack_publicize_connections":[],"jetpack_featured_media_url":"https:\/\/www.hoymercedes.com.ar\/principal\/wp-content\/uploads\/2024\/06\/centro-comercios.jpg","wps_subtitle":"","jetpack_sharing_enabled":true,"_links":{"self":[{"href":"https:\/\/www.hoymercedes.com.ar\/principal\/wp-json\/wp\/v2\/posts\/184316","targetHints":{"allow":["GET"]}}],"collection":[{"href":"https:\/\/www.hoymercedes.com.ar\/principal\/wp-json\/wp\/v2\/posts"}],"about":[{"href":"https:\/\/www.hoymercedes.com.ar\/principal\/wp-json\/wp\/v2\/types\/post"}],"author":[{"embeddable":true,"href":"https:\/\/www.hoymercedes.com.ar\/principal\/wp-json\/wp\/v2\/users\/1"}],"replies":[{"embeddable":true,"href":"https:\/\/www.hoymercedes.com.ar\/principal\/wp-json\/wp\/v2\/comments?post=184316"}],"version-history":[{"count":1,"href":"https:\/\/www.hoymercedes.com.ar\/principal\/wp-json\/wp\/v2\/posts\/184316\/revisions"}],"predecessor-version":[{"id":184317,"href":"https:\/\/www.hoymercedes.com.ar\/principal\/wp-json\/wp\/v2\/posts\/184316\/revisions\/184317"}],"wp:featuredmedia":[{"embeddable":true,"href":"https:\/\/www.hoymercedes.com.ar\/principal\/wp-json\/wp\/v2\/media\/176815"}],"wp:attachment":[{"href":"https:\/\/www.hoymercedes.com.ar\/principal\/wp-json\/wp\/v2\/media?parent=184316"}],"wp:term":[{"taxonomy":"category","embeddable":true,"href":"https:\/\/www.hoymercedes.com.ar\/principal\/wp-json\/wp\/v2\/categories?post=184316"},{"taxonomy":"post_tag","embeddable":true,"href":"https:\/\/www.hoymercedes.com.ar\/principal\/wp-json\/wp\/v2\/tags?post=184316"}],"curies":[{"name":"wp","href":"https:\/\/api.w.org\/{rel}","templated":true}]}}