{"id":184338,"date":"2025-05-01T15:40:42","date_gmt":"2025-05-01T18:40:42","guid":{"rendered":"https:\/\/www.hoymercedes.com.ar\/principal\/?p=184338"},"modified":"2025-05-01T15:40:45","modified_gmt":"2025-05-01T18:40:45","slug":"tragico-siniestro-en-la-vieja-ruta-5-deja-motociclista-grave-herido-cerca-de-jauregui","status":"publish","type":"post","link":"https:\/\/www.hoymercedes.com.ar\/principal\/2025\/05\/01\/tragico-siniestro-en-la-vieja-ruta-5-deja-motociclista-grave-herido-cerca-de-jauregui\/","title":{"rendered":"Tr\u00e1gico siniestro en la vieja Ruta 5 deja motociclista grave herido cerca de J\u00e1uregui"},"content":{"rendered":"\n<figure class=\"wp-block-image size-full\"><img loading=\"lazy\" decoding=\"async\" width=\"927\" height=\"596\" data-attachment-id=\"184339\" data-permalink=\"https:\/\/www.hoymercedes.com.ar\/principal\/2025\/05\/01\/tragico-siniestro-en-la-vieja-ruta-5-deja-motociclista-grave-herido-cerca-de-jauregui\/siniestro-jauregui\/#main\" data-orig-file=\"https:\/\/www.hoymercedes.com.ar\/principal\/wp-content\/uploads\/2025\/05\/Siniestro-Jauregui.jpg\" data-orig-size=\"927,596\" data-comments-opened=\"0\" data-image-meta=\"{&quot;aperture&quot;:&quot;0&quot;,&quot;credit&quot;:&quot;&quot;,&quot;camera&quot;:&quot;&quot;,&quot;caption&quot;:&quot;&quot;,&quot;created_timestamp&quot;:&quot;0&quot;,&quot;copyright&quot;:&quot;&quot;,&quot;focal_length&quot;:&quot;0&quot;,&quot;iso&quot;:&quot;0&quot;,&quot;shutter_speed&quot;:&quot;0&quot;,&quot;title&quot;:&quot;&quot;,&quot;orientation&quot;:&quot;1&quot;}\" data-image-title=\"Siniestro-Jauregui\" data-image-description=\"&lt;p&gt;Siniestro j\u00e1uregui&lt;\/p&gt;\n\" data-image-caption=\"&lt;p&gt;Siniestro j\u00e1uregui&lt;\/p&gt;\n\" data-large-file=\"https:\/\/www.hoymercedes.com.ar\/principal\/wp-content\/uploads\/2025\/05\/Siniestro-Jauregui.jpg\" src=\"https:\/\/www.hoymercedes.com.ar\/principal\/wp-content\/uploads\/2025\/05\/Siniestro-Jauregui.jpg\" alt=\"\" class=\"wp-image-184339\" srcset=\"https:\/\/www.hoymercedes.com.ar\/principal\/wp-content\/uploads\/2025\/05\/Siniestro-Jauregui.jpg 927w, https:\/\/www.hoymercedes.com.ar\/principal\/wp-content\/uploads\/2025\/05\/Siniestro-Jauregui-630x405.jpg 630w, https:\/\/www.hoymercedes.com.ar\/principal\/wp-content\/uploads\/2025\/05\/Siniestro-Jauregui-150x96.jpg 150w\" sizes=\"auto, (max-width: 927px) 100vw, 927px\" \/><\/figure>\n\n\n\n<p>Un grave accidente de tr\u00e1nsito conmocion\u00f3 la tarde de ayer en la vieja ruta 5, en cercan\u00edas del acceso a la localidad de J\u00e1uregui, cuando una motocicleta y un autom\u00f3vil colisionaron frontalmente en una curva considerada peligrosa. El saldo del siniestro fue un joven motociclista con heridas de gravedad.<\/p>\n\n\n\n<p>El hecho ocurri\u00f3 alrededor de las 19:30 horas del mi\u00e9rcoles, justo cuando el sol comenzaba su descenso. Por causas que a\u00fan se investigan, una moto Gilera 150, conducida por un joven de 28 a\u00f1os, y un autom\u00f3vil Honda Accord, al mando de un hombre de 60 a\u00f1os, impactaron de frente en la mencionada curva, ubicada a pocos metros del puente que conecta el barrio Loretto con el acceso principal a J\u00e1uregui desde la Autopista 5.<\/p>\n\n\n\n<p>Fuentes del cuartel central de los Bomberos Voluntarios confirmaron que el motociclista sufri\u00f3 politraumatismos y fue trasladado de urgencia e inconsciente al Hospital Zonal General Nuestra Se\u00f1ora de Luj\u00e1n.<\/p>\n\n\n\n<p>Este lamentable suceso trae a la memoria otro grave accidente ocurrido en el mismo lugar en 2017, cuando un colectivo de la empresa Atl\u00e1ntida y un autom\u00f3vil colisionaron, resultando en el fallecimiento de tres j\u00f3venes oriundos de la ciudad de Mercedes que regresaban de bailar.<\/p>\n\n\n\n<p>La Fiscal\u00eda N\u00ba 9 ha tomado intervenci\u00f3n en el caso, iniciando una causa por \u00ablesiones culposas\u00bb para determinar las responsabilidades del siniestro.<\/p>\n\n\n\n<p><em>Con info de El Civismo. <\/em><\/p>\n","protected":false},"excerpt":{"rendered":"<p>Un grave accidente de tr\u00e1nsito conmocion\u00f3 la tarde de ayer en la vieja ruta 5, en cercan\u00edas del acceso a &#8230; <a title=\"Tr\u00e1gico siniestro en la vieja Ruta 5 deja motociclista grave herido cerca de J\u00e1uregui\" class=\"read-more\" href=\"https:\/\/www.hoymercedes.com.ar\/principal\/2025\/05\/01\/tragico-siniestro-en-la-vieja-ruta-5-deja-motociclista-grave-herido-cerca-de-jauregui\/\" aria-label=\"Leer m\u00e1s sobre Tr\u00e1gico siniestro en la vieja Ruta 5 deja motociclista grave herido cerca de J\u00e1uregui\">Leer m\u00e1s<\/a><\/p>\n","protected":false},"author":1,"featured_media":184339,"comment_status":"closed","ping_status":"open","sticky":false,"template":"","format":"standard","meta":{"_monsterinsights_skip_tracking":false,"_monsterinsights_sitenote_active":false,"_monsterinsights_sitenote_note":"","_monsterinsights_sitenote_category":0,"jetpack_post_was_ever_published":false,"_jetpack_newsletter_access":"","_jetpack_dont_email_post_to_subs":false,"_jetpack_newsletter_tier_id":0,"_jetpack_memberships_contains_paywalled_content":false,"_jetpack_memberships_contains_paid_content":false,"footnotes":"","jetpack_publicize_message":"","jetpack_publicize_feature_enabled":true,"jetpack_social_post_already_shared":true,"jetpack_social_options":{"image_generator_settings":{"template":"highway","default_image_id":0,"font":"","enabled":false},"version":2},"_wpas_customize_per_network":false},"categories":[16115],"tags":[6947,20415,10395],"class_list":["post-184338","post","type-post","status-publish","format-standard","has-post-thumbnail","hentry","category-seguridad","tag-jauregui","tag-ruta-5-vieja","tag-siniestro-vial","generate-columns","tablet-grid-50","mobile-grid-100","grid-parent","grid-50"],"jetpack_publicize_connections":[],"jetpack_featured_media_url":"https:\/\/www.hoymercedes.com.ar\/principal\/wp-content\/uploads\/2025\/05\/Siniestro-Jauregui.jpg","wps_subtitle":"","jetpack_sharing_enabled":true,"_links":{"self":[{"href":"https:\/\/www.hoymercedes.com.ar\/principal\/wp-json\/wp\/v2\/posts\/184338","targetHints":{"allow":["GET"]}}],"collection":[{"href":"https:\/\/www.hoymercedes.com.ar\/principal\/wp-json\/wp\/v2\/posts"}],"about":[{"href":"https:\/\/www.hoymercedes.com.ar\/principal\/wp-json\/wp\/v2\/types\/post"}],"author":[{"embeddable":true,"href":"https:\/\/www.hoymercedes.com.ar\/principal\/wp-json\/wp\/v2\/users\/1"}],"replies":[{"embeddable":true,"href":"https:\/\/www.hoymercedes.com.ar\/principal\/wp-json\/wp\/v2\/comments?post=184338"}],"version-history":[{"count":1,"href":"https:\/\/www.hoymercedes.com.ar\/principal\/wp-json\/wp\/v2\/posts\/184338\/revisions"}],"predecessor-version":[{"id":184340,"href":"https:\/\/www.hoymercedes.com.ar\/principal\/wp-json\/wp\/v2\/posts\/184338\/revisions\/184340"}],"wp:featuredmedia":[{"embeddable":true,"href":"https:\/\/www.hoymercedes.com.ar\/principal\/wp-json\/wp\/v2\/media\/184339"}],"wp:attachment":[{"href":"https:\/\/www.hoymercedes.com.ar\/principal\/wp-json\/wp\/v2\/media?parent=184338"}],"wp:term":[{"taxonomy":"category","embeddable":true,"href":"https:\/\/www.hoymercedes.com.ar\/principal\/wp-json\/wp\/v2\/categories?post=184338"},{"taxonomy":"post_tag","embeddable":true,"href":"https:\/\/www.hoymercedes.com.ar\/principal\/wp-json\/wp\/v2\/tags?post=184338"}],"curies":[{"name":"wp","href":"https:\/\/api.w.org\/{rel}","templated":true}]}}