{"id":184345,"date":"2025-05-02T18:00:00","date_gmt":"2025-05-02T21:00:00","guid":{"rendered":"https:\/\/www.hoymercedes.com.ar\/principal\/?p=184345"},"modified":"2025-05-01T18:03:38","modified_gmt":"2025-05-01T21:03:38","slug":"anses-anuncio-el-calendario-de-pagos-de-mayo-2","status":"publish","type":"post","link":"https:\/\/www.hoymercedes.com.ar\/principal\/2025\/05\/02\/anses-anuncio-el-calendario-de-pagos-de-mayo-2\/","title":{"rendered":"ANSES anunci\u00f3 el calendario de pagos de mayo"},"content":{"rendered":"\n<p>Desde el organismo nacional ANSES anunciaron el calendario de pagos de mayo para jubilados, pensionados y titulares de Pensiones No Contributivas (PNC), Asignaci\u00f3n Universal por Hijo, Asignaci\u00f3n por Embarazo, Asignaciones Familiares y Prestaci\u00f3n por Desempleo.<\/p>\n\n\n\n<p><strong>Jubilaciones y pensiones que no superen un haber m\u00ednimo<\/strong><\/p>\n\n\n\n<ul class=\"wp-block-list\">\n<li>DNI terminados en 0: 9 de mayo<\/li>\n\n\n\n<li>DNI terminados en 1: 12 de mayo<\/li>\n\n\n\n<li>DNI terminados en 2: 13 de mayo<\/li>\n\n\n\n<li>DNI terminados en 3: 14 de mayo<\/li>\n\n\n\n<li>DNI terminados en 4: 15 de mayo<\/li>\n\n\n\n<li>DNI terminados en 5: 16 de mayo<\/li>\n\n\n\n<li>DNI terminados en 6: 19 de mayo<\/li>\n\n\n\n<li>DNI terminados en 7: 20 de mayo<\/li>\n\n\n\n<li>DNI terminados en 8: 21 de mayo<\/li>\n\n\n\n<li>DNI terminados en 9: 22 de mayo<\/li>\n<\/ul>\n\n\n\n<p>Jubilaciones y pensiones que superen un haber m\u00ednimo<\/p>\n\n\n\n<ul class=\"wp-block-list\">\n<li>DNI terminados en 0 y 1: 23 de mayo<\/li>\n\n\n\n<li>DNI terminados en 2 y 3: 26 de mayo<\/li>\n\n\n\n<li>DNI terminados en 4 y 5: 27 de mayo<\/li>\n\n\n\n<li>DNI terminados en 6 y 7: 28 de mayo<\/li>\n\n\n\n<li>DNI terminados en 8 y 9: 29 de mayo<\/li>\n<\/ul>\n\n\n\n<p><strong>Asignaci\u00f3n Universal por Hijo y Asignaci\u00f3n Familiar por Hijo<\/strong><\/p>\n\n\n\n<ul class=\"wp-block-list\">\n<li>DNI terminados en 0: 9 de mayo<\/li>\n\n\n\n<li>DNI terminados en 1: 12 de mayo<\/li>\n\n\n\n<li>DNI terminados en 2: 13 de mayo<\/li>\n\n\n\n<li>DNI terminados en 3: 14 de mayo<\/li>\n\n\n\n<li>DNI terminados en 4: 15 de mayo<\/li>\n\n\n\n<li>DNI terminados en 5: 16 de mayo<\/li>\n\n\n\n<li>DNI terminados en 6: 19 de mayo<\/li>\n\n\n\n<li>DNI terminados en 7: 20 de mayo<\/li>\n\n\n\n<li>DNI terminados en 8: 21 de mayo<\/li>\n\n\n\n<li>DNI terminados en 9: 22 de mayo<\/li>\n<\/ul>\n\n\n\n<p><strong>Asignaci\u00f3n por Embarazo<\/strong><\/p>\n\n\n\n<ul class=\"wp-block-list\">\n<li>DNI terminados en 0: 12 de mayo<\/li>\n\n\n\n<li>DNI terminados en 1: 13 de mayo<\/li>\n\n\n\n<li>DNI terminados en 2: 14 de mayo<\/li>\n\n\n\n<li>DNI terminados en 3: 15 de mayo<\/li>\n\n\n\n<li>DNI terminados en 4: 16 de mayo<\/li>\n\n\n\n<li>DNI terminados en 5: 19 de mayo<\/li>\n\n\n\n<li>DNI terminados en 6: 20 de mayo<\/li>\n\n\n\n<li>DNI terminados en 7: 21 de mayo<\/li>\n\n\n\n<li>DNI terminados en 8: 22 de mayo<\/li>\n\n\n\n<li>DNI terminados en 9: 23 de mayo<\/li>\n<\/ul>\n\n\n\n<p><strong>Asignaci\u00f3n por Prenatal y Maternidad<\/strong><\/p>\n\n\n\n<ul class=\"wp-block-list\">\n<li>DNI terminados en 0 y 1: 14 de mayo<\/li>\n\n\n\n<li>DNI terminados en 2 y 3: 15 de mayo<\/li>\n\n\n\n<li>DNI terminados en 4 y 5: 16 de mayo<\/li>\n\n\n\n<li>DNI terminados en 6 y 7: 19 de mayo<\/li>\n\n\n\n<li>DNI terminados en 8 y 9: 20 de mayo<\/li>\n<\/ul>\n\n\n\n<p><strong>Asignaciones Pago \u00danico (Matrimonio, Nacimiento, Adopci\u00f3n)<\/strong><\/p>\n\n\n\n<ul class=\"wp-block-list\">\n<li>Todas las terminaciones de documento: 12 de mayo al 11 de junio<\/li>\n<\/ul>\n\n\n\n<p><strong>Pensiones No Contributivas<\/strong><\/p>\n\n\n\n<ul class=\"wp-block-list\">\n<li>DNI terminados en 0 y 1: 9 de mayo<\/li>\n\n\n\n<li>DNI terminados en 2 y 3: 12 de mayo<\/li>\n\n\n\n<li>DNI terminados en 4 y 5: 13 de mayo<\/li>\n\n\n\n<li>DNI terminados en 6 y 7: 14 de mayo<\/li>\n\n\n\n<li>DNI terminados en 8 y 9: 15 de mayo<\/li>\n<\/ul>\n\n\n\n<p><strong>Asignaciones Familiares de Pensiones No Contributivas<\/strong><\/p>\n\n\n\n<ul class=\"wp-block-list\">\n<li>Todas las terminaciones de documento: 9 de mayo al 11 de junio<\/li>\n<\/ul>\n\n\n\n<p><strong>Prestaci\u00f3n por Desempleo<\/strong><\/p>\n\n\n\n<ul class=\"wp-block-list\">\n<li>DNI terminados en 0 y 1: 23 de mayo<\/li>\n\n\n\n<li>DNI terminados en 2 y 3: 26 de mayo<\/li>\n\n\n\n<li>DNI terminados en 4 y 5: 27 de mayo<\/li>\n\n\n\n<li>DNI terminados en 6 y 7: 28 de mayo<\/li>\n\n\n\n<li>DNI terminados en 8 y 9: 29 de mayo<\/li>\n<\/ul>\n","protected":false},"excerpt":{"rendered":"<p>Desde el organismo nacional ANSES anunciaron el calendario de pagos de mayo para jubilados, pensionados y titulares de Pensiones No &#8230; <a title=\"ANSES anunci\u00f3 el calendario de pagos de mayo\" class=\"read-more\" href=\"https:\/\/www.hoymercedes.com.ar\/principal\/2025\/05\/02\/anses-anuncio-el-calendario-de-pagos-de-mayo-2\/\" aria-label=\"Leer m\u00e1s sobre ANSES anunci\u00f3 el calendario de pagos de mayo\">Leer m\u00e1s<\/a><\/p>\n","protected":false},"author":1,"featured_media":172443,"comment_status":"closed","ping_status":"open","sticky":false,"template":"","format":"standard","meta":{"_monsterinsights_skip_tracking":false,"_monsterinsights_sitenote_active":false,"_monsterinsights_sitenote_note":"","_monsterinsights_sitenote_category":0,"jetpack_post_was_ever_published":false,"_jetpack_newsletter_access":"","_jetpack_dont_email_post_to_subs":false,"_jetpack_newsletter_tier_id":0,"_jetpack_memberships_contains_paywalled_content":false,"_jetpack_memberships_contains_paid_content":false,"footnotes":"","jetpack_publicize_message":"","jetpack_publicize_feature_enabled":true,"jetpack_social_post_already_shared":true,"jetpack_social_options":{"image_generator_settings":{"template":"highway","default_image_id":0,"font":"","enabled":false},"version":2},"_wpas_customize_per_network":false},"categories":[8],"tags":[],"class_list":["post-184345","post","type-post","status-publish","format-standard","has-post-thumbnail","hentry","category-sociedad","generate-columns","tablet-grid-50","mobile-grid-100","grid-parent","grid-50"],"jetpack_publicize_connections":[],"jetpack_featured_media_url":"https:\/\/www.hoymercedes.com.ar\/principal\/wp-content\/uploads\/2024\/02\/anses-mercedes.jpg","wps_subtitle":"","jetpack_sharing_enabled":true,"_links":{"self":[{"href":"https:\/\/www.hoymercedes.com.ar\/principal\/wp-json\/wp\/v2\/posts\/184345","targetHints":{"allow":["GET"]}}],"collection":[{"href":"https:\/\/www.hoymercedes.com.ar\/principal\/wp-json\/wp\/v2\/posts"}],"about":[{"href":"https:\/\/www.hoymercedes.com.ar\/principal\/wp-json\/wp\/v2\/types\/post"}],"author":[{"embeddable":true,"href":"https:\/\/www.hoymercedes.com.ar\/principal\/wp-json\/wp\/v2\/users\/1"}],"replies":[{"embeddable":true,"href":"https:\/\/www.hoymercedes.com.ar\/principal\/wp-json\/wp\/v2\/comments?post=184345"}],"version-history":[{"count":1,"href":"https:\/\/www.hoymercedes.com.ar\/principal\/wp-json\/wp\/v2\/posts\/184345\/revisions"}],"predecessor-version":[{"id":184346,"href":"https:\/\/www.hoymercedes.com.ar\/principal\/wp-json\/wp\/v2\/posts\/184345\/revisions\/184346"}],"wp:featuredmedia":[{"embeddable":true,"href":"https:\/\/www.hoymercedes.com.ar\/principal\/wp-json\/wp\/v2\/media\/172443"}],"wp:attachment":[{"href":"https:\/\/www.hoymercedes.com.ar\/principal\/wp-json\/wp\/v2\/media?parent=184345"}],"wp:term":[{"taxonomy":"category","embeddable":true,"href":"https:\/\/www.hoymercedes.com.ar\/principal\/wp-json\/wp\/v2\/categories?post=184345"},{"taxonomy":"post_tag","embeddable":true,"href":"https:\/\/www.hoymercedes.com.ar\/principal\/wp-json\/wp\/v2\/tags?post=184345"}],"curies":[{"name":"wp","href":"https:\/\/api.w.org\/{rel}","templated":true}]}}