{"id":184355,"date":"2025-05-01T20:50:00","date_gmt":"2025-05-01T23:50:00","guid":{"rendered":"https:\/\/www.hoymercedes.com.ar\/principal\/?p=184355"},"modified":"2025-05-01T19:11:11","modified_gmt":"2025-05-01T22:11:11","slug":"observatorio-recibe-visitas-de-estudiantes","status":"publish","type":"post","link":"https:\/\/www.hoymercedes.com.ar\/principal\/2025\/05\/01\/observatorio-recibe-visitas-de-estudiantes\/","title":{"rendered":"Observatorio recibe visitas de estudiantes"},"content":{"rendered":"\n<p>El Observatorio Astron\u00f3mico Municipal Mercedes \u00abIng. \u00c1ngel Di Palma\u00bb es un atractivo para los vecinos de la regi\u00f3n e invita a las instituciones educativas a contactarlos para que los estudiantes puedan tener la experiencia de ver a trav\u00e9s del telescopio. Tal como lo hicieron los alumnos del 6\u00b0 a\u00f1o la Secundaria de San Antonio de Padua.  <\/p>\n\n\n\n<p>Recibidos por Miguel de Laurenti, responsable del Observatorio Municipal, y Juan Deriu, los estudiantes se hicieron presentes luego de concertar un encuentro para la tarde noche de la semana. All\u00ed fueron los estudiantes con sus familias y la Vicedirectora Daniel Dadea. <\/p>\n\n\n<div class=\"wp-block-image\">\n<figure class=\"alignleft size-full is-resized\"><img loading=\"lazy\" decoding=\"async\" width=\"512\" height=\"640\" data-attachment-id=\"184356\" data-permalink=\"https:\/\/www.hoymercedes.com.ar\/principal\/2025\/05\/01\/observatorio-recibe-visitas-de-estudiantes\/image-131\/#main\" data-orig-file=\"https:\/\/www.hoymercedes.com.ar\/principal\/wp-content\/uploads\/2025\/05\/image.png\" data-orig-size=\"512,640\" data-comments-opened=\"0\" data-image-meta=\"{&quot;aperture&quot;:&quot;0&quot;,&quot;credit&quot;:&quot;&quot;,&quot;camera&quot;:&quot;&quot;,&quot;caption&quot;:&quot;&quot;,&quot;created_timestamp&quot;:&quot;0&quot;,&quot;copyright&quot;:&quot;&quot;,&quot;focal_length&quot;:&quot;0&quot;,&quot;iso&quot;:&quot;0&quot;,&quot;shutter_speed&quot;:&quot;0&quot;,&quot;title&quot;:&quot;&quot;,&quot;orientation&quot;:&quot;0&quot;}\" data-image-title=\"image\" data-image-description=\"\" data-image-caption=\"\" data-large-file=\"https:\/\/www.hoymercedes.com.ar\/principal\/wp-content\/uploads\/2025\/05\/image.png\" src=\"https:\/\/www.hoymercedes.com.ar\/principal\/wp-content\/uploads\/2025\/05\/image.png\" alt=\"\" class=\"wp-image-184356\" style=\"width:279px;height:auto\" srcset=\"https:\/\/www.hoymercedes.com.ar\/principal\/wp-content\/uploads\/2025\/05\/image.png 512w, https:\/\/www.hoymercedes.com.ar\/principal\/wp-content\/uploads\/2025\/05\/image-496x620.png 496w, https:\/\/www.hoymercedes.com.ar\/principal\/wp-content\/uploads\/2025\/05\/image-120x150.png 120w\" sizes=\"auto, (max-width: 512px) 100vw, 512px\" \/><\/figure>\n<\/div>\n\n\n<p><\/p>\n\n\n\n<p>El Observatorio ofrece ciclos formativos, as\u00ed como la apertura para el p\u00fablico general las noches de los viernes. Este mes de mayo, abrir\u00e1n los viernes 2 y 9 de mayo donde se podr\u00e1 observar c\u00famulos globulares el primero de los d\u00edas y estrellas dobles el segundo del mes. <\/p>\n\n\n\n<p>En tanto, anticiparon que la segunda quincena del mes, el Observatorio Municipal permanecer\u00e1 cerrado por tareas de mantenimiento. <\/p>\n","protected":false},"excerpt":{"rendered":"<p>El Observatorio Astron\u00f3mico Municipal Mercedes \u00abIng. \u00c1ngel Di Palma\u00bb es un atractivo para los vecinos de la regi\u00f3n e invita &#8230; <a title=\"Observatorio recibe visitas de estudiantes\" class=\"read-more\" href=\"https:\/\/www.hoymercedes.com.ar\/principal\/2025\/05\/01\/observatorio-recibe-visitas-de-estudiantes\/\" aria-label=\"Leer m\u00e1s sobre Observatorio recibe visitas de estudiantes\">Leer m\u00e1s<\/a><\/p>\n","protected":false},"author":1,"featured_media":184358,"comment_status":"closed","ping_status":"open","sticky":false,"template":"","format":"standard","meta":{"_monsterinsights_skip_tracking":false,"_monsterinsights_sitenote_active":false,"_monsterinsights_sitenote_note":"","_monsterinsights_sitenote_category":0,"jetpack_post_was_ever_published":false,"_jetpack_newsletter_access":"","_jetpack_dont_email_post_to_subs":false,"_jetpack_newsletter_tier_id":0,"_jetpack_memberships_contains_paywalled_content":false,"_jetpack_memberships_contains_paid_content":false,"footnotes":"","jetpack_publicize_message":"","jetpack_publicize_feature_enabled":true,"jetpack_social_post_already_shared":true,"jetpack_social_options":{"image_generator_settings":{"template":"highway","default_image_id":0,"font":"","enabled":false},"version":2},"_wpas_customize_per_network":false},"categories":[8],"tags":[],"class_list":["post-184355","post","type-post","status-publish","format-standard","has-post-thumbnail","hentry","category-sociedad","generate-columns","tablet-grid-50","mobile-grid-100","grid-parent","grid-50"],"jetpack_publicize_connections":[],"jetpack_featured_media_url":"https:\/\/www.hoymercedes.com.ar\/principal\/wp-content\/uploads\/2025\/05\/Escuela-Observatorip.jpg","wps_subtitle":"","jetpack_sharing_enabled":true,"_links":{"self":[{"href":"https:\/\/www.hoymercedes.com.ar\/principal\/wp-json\/wp\/v2\/posts\/184355","targetHints":{"allow":["GET"]}}],"collection":[{"href":"https:\/\/www.hoymercedes.com.ar\/principal\/wp-json\/wp\/v2\/posts"}],"about":[{"href":"https:\/\/www.hoymercedes.com.ar\/principal\/wp-json\/wp\/v2\/types\/post"}],"author":[{"embeddable":true,"href":"https:\/\/www.hoymercedes.com.ar\/principal\/wp-json\/wp\/v2\/users\/1"}],"replies":[{"embeddable":true,"href":"https:\/\/www.hoymercedes.com.ar\/principal\/wp-json\/wp\/v2\/comments?post=184355"}],"version-history":[{"count":1,"href":"https:\/\/www.hoymercedes.com.ar\/principal\/wp-json\/wp\/v2\/posts\/184355\/revisions"}],"predecessor-version":[{"id":184357,"href":"https:\/\/www.hoymercedes.com.ar\/principal\/wp-json\/wp\/v2\/posts\/184355\/revisions\/184357"}],"wp:featuredmedia":[{"embeddable":true,"href":"https:\/\/www.hoymercedes.com.ar\/principal\/wp-json\/wp\/v2\/media\/184358"}],"wp:attachment":[{"href":"https:\/\/www.hoymercedes.com.ar\/principal\/wp-json\/wp\/v2\/media?parent=184355"}],"wp:term":[{"taxonomy":"category","embeddable":true,"href":"https:\/\/www.hoymercedes.com.ar\/principal\/wp-json\/wp\/v2\/categories?post=184355"},{"taxonomy":"post_tag","embeddable":true,"href":"https:\/\/www.hoymercedes.com.ar\/principal\/wp-json\/wp\/v2\/tags?post=184355"}],"curies":[{"name":"wp","href":"https:\/\/api.w.org\/{rel}","templated":true}]}}