{"id":184363,"date":"2025-05-01T23:54:41","date_gmt":"2025-05-02T02:54:41","guid":{"rendered":"https:\/\/www.hoymercedes.com.ar\/principal\/?p=184363"},"modified":"2025-05-01T23:54:43","modified_gmt":"2025-05-02T02:54:43","slug":"cgt-en-el-dia-del-trabajador-nada-que-festejar","status":"publish","type":"post","link":"https:\/\/www.hoymercedes.com.ar\/principal\/2025\/05\/01\/cgt-en-el-dia-del-trabajador-nada-que-festejar\/","title":{"rendered":"CGT en el d\u00eda del trabajador: \u00abNada que festejar\u00bb"},"content":{"rendered":"\n<p>Los argentinos y argentinas estamos padeciendo un gobierno estafador, mentiroso, entreguista y lleno de odio hacia las mujeres y los hombres que trabajan, lleno de rencor hacia nuestros jubilados y jubiladas, un gobierno que apunta a la destrucci\u00f3n de la Educaci\u00f3n y la Salud p\u00fablica, as\u00ed como al desguace de los organismos de Investigaci\u00f3n y Desarrollo Cient\u00edfico y Tecnol\u00f3gico, con un presidente que abandona la hist\u00f3rica causa por nuestras Malvinas, traicionando los intereses nacionales a favor del invasor brit\u00e1nico.<\/p>\n\n\n\n<p>Ya pasaron m\u00e1s de 500 d\u00edas desde que asumi\u00f3 Javier Milei, quien se encarg\u00f3 de aumentar la deuda; recortar a los jubilados y anularle la posibilidad de sus medicamentos; ser responsable de la p\u00e9rdida de m\u00e1s de 400 mil puestos de trabajo; generar una inflaci\u00f3n acumulada de 196%; generar una notable p\u00e9rdida del poder adquisitivo; la reducci\u00f3n de oferta laboral; la destrucci\u00f3n de la industria nacional; la contracci\u00f3n del turismo; as\u00ed como la paralizaci\u00f3n de la obra p\u00fablica; el congelamiento de las paritarias; los tarifazos; la crisis en peque\u00f1as y medianas empresas; el aumento de los precios de la canasta familiar y podemos seguir\u2026<\/p>\n\n\n\n<p>La \u201ccasta\u201d que Milei prometi\u00f3 acabar no es m\u00e1s ni menos que el pueblo argentino.<\/p>\n\n\n\n<p>Para llevar a cabo estas nefastas pol\u00edticas antinacionales y antipopulares, el gobierno forz\u00f3 la implementaci\u00f3n de costosos dispositivos de represi\u00f3n a toda leg\u00edtima protesta, violentando la Constituci\u00f3n Nacional, las Leyes y los Convenios Internacionales de Derechos Humanos.<\/p>\n\n\n\n<p>Al hacerlo, tambi\u00e9n desfigur\u00f3 la funci\u00f3n de las fuerzas de seguridad que en lugar de custodiar nuestras fronteras, nuestro mar, r\u00edos y aeropuertos, son usados como elementos represores del propio pueblo de donde proceden sus integrantes.<\/p>\n\n\n\n<p>En nuestra regi\u00f3n, desde que asumi\u00f3 Javier Milei, han sido despedidos m\u00e1s de 500 trabajadores y trabajadoras, m\u00e1s de 1 por d\u00eda. No menos de 1.000 personas que trabajaban \u201cen negro\u201d han sufrido tambi\u00e9n el despido. Cada puesto de trabajo que se pierde afecta a toda una familia.<\/p>\n\n\n\n<p>Este Primero de Mayo, NADA QUE FESTEJAR, pero s\u00ed honrar a las trabajadoras y los trabajadores que dieron con su lucha, la vida a los fines de lograr condiciones dignas de trabajos y derechos conquistados, que hoy nos quieren arrebatar.<\/p>\n\n\n\n<p><strong>Que este 30 de abril nos encuentre marchando en unidad, para darle voz y fuerza a cada uno de las y los trabajadores.<\/strong><\/p>\n\n\n\n<p><strong>\u201cRecuerden trabajadores, \u00a1\u00dananse! Sean hoy m\u00e1s hermanos que nunca. Sobre la hermandad de los que trabajan, ha de levantarse en esta hermosa Patria, la unidad de todos los argentinos.\u201d<\/strong><\/p>\n\n\n\n<p><strong>Juan Domingo Per\u00f3n.<\/strong><\/p>\n\n\n\n<p>CGT REGIONAL MERCEDES\/NAVARRO\/S.A. DE GILES<\/p>\n","protected":false},"excerpt":{"rendered":"<p>Los argentinos y argentinas estamos padeciendo un gobierno estafador, mentiroso, entreguista y lleno de odio hacia las mujeres y los &#8230; <a title=\"CGT en el d\u00eda del trabajador: \u00abNada que festejar\u00bb\" class=\"read-more\" href=\"https:\/\/www.hoymercedes.com.ar\/principal\/2025\/05\/01\/cgt-en-el-dia-del-trabajador-nada-que-festejar\/\" aria-label=\"Leer m\u00e1s sobre CGT en el d\u00eda del trabajador: \u00abNada que festejar\u00bb\">Leer m\u00e1s<\/a><\/p>\n","protected":false},"author":1,"featured_media":184364,"comment_status":"closed","ping_status":"open","sticky":false,"template":"","format":"standard","meta":{"_monsterinsights_skip_tracking":false,"_monsterinsights_sitenote_active":false,"_monsterinsights_sitenote_note":"","_monsterinsights_sitenote_category":0,"jetpack_post_was_ever_published":false,"_jetpack_newsletter_access":"","_jetpack_dont_email_post_to_subs":false,"_jetpack_newsletter_tier_id":0,"_jetpack_memberships_contains_paywalled_content":false,"_jetpack_memberships_contains_paid_content":false,"footnotes":"","jetpack_publicize_message":"","jetpack_publicize_feature_enabled":true,"jetpack_social_post_already_shared":true,"jetpack_social_options":{"image_generator_settings":{"template":"highway","default_image_id":0,"font":"","enabled":false},"version":2},"_wpas_customize_per_network":false},"categories":[8],"tags":[18954,20417],"class_list":["post-184363","post","type-post","status-publish","format-standard","has-post-thumbnail","hentry","category-sociedad","tag-cgt-mercedes","tag-dia-del-trabajador-mercedes","generate-columns","tablet-grid-50","mobile-grid-100","grid-parent","grid-50"],"jetpack_publicize_connections":[],"jetpack_featured_media_url":"https:\/\/www.hoymercedes.com.ar\/principal\/wp-content\/uploads\/2025\/05\/Captura-de-pantalla-2025-05-01-235325.png","wps_subtitle":"Sindicatos","jetpack_sharing_enabled":true,"_links":{"self":[{"href":"https:\/\/www.hoymercedes.com.ar\/principal\/wp-json\/wp\/v2\/posts\/184363","targetHints":{"allow":["GET"]}}],"collection":[{"href":"https:\/\/www.hoymercedes.com.ar\/principal\/wp-json\/wp\/v2\/posts"}],"about":[{"href":"https:\/\/www.hoymercedes.com.ar\/principal\/wp-json\/wp\/v2\/types\/post"}],"author":[{"embeddable":true,"href":"https:\/\/www.hoymercedes.com.ar\/principal\/wp-json\/wp\/v2\/users\/1"}],"replies":[{"embeddable":true,"href":"https:\/\/www.hoymercedes.com.ar\/principal\/wp-json\/wp\/v2\/comments?post=184363"}],"version-history":[{"count":2,"href":"https:\/\/www.hoymercedes.com.ar\/principal\/wp-json\/wp\/v2\/posts\/184363\/revisions"}],"predecessor-version":[{"id":184366,"href":"https:\/\/www.hoymercedes.com.ar\/principal\/wp-json\/wp\/v2\/posts\/184363\/revisions\/184366"}],"wp:featuredmedia":[{"embeddable":true,"href":"https:\/\/www.hoymercedes.com.ar\/principal\/wp-json\/wp\/v2\/media\/184364"}],"wp:attachment":[{"href":"https:\/\/www.hoymercedes.com.ar\/principal\/wp-json\/wp\/v2\/media?parent=184363"}],"wp:term":[{"taxonomy":"category","embeddable":true,"href":"https:\/\/www.hoymercedes.com.ar\/principal\/wp-json\/wp\/v2\/categories?post=184363"},{"taxonomy":"post_tag","embeddable":true,"href":"https:\/\/www.hoymercedes.com.ar\/principal\/wp-json\/wp\/v2\/tags?post=184363"}],"curies":[{"name":"wp","href":"https:\/\/api.w.org\/{rel}","templated":true}]}}