{"id":184387,"date":"2025-05-03T13:51:05","date_gmt":"2025-05-03T16:51:05","guid":{"rendered":"https:\/\/www.hoymercedes.com.ar\/principal\/?p=184387"},"modified":"2025-05-03T13:51:08","modified_gmt":"2025-05-03T16:51:08","slug":"choque-en-cadena-en-la-autopista-7-15-vehiculos-involucrados-y-8-heridos","status":"publish","type":"post","link":"https:\/\/www.hoymercedes.com.ar\/principal\/2025\/05\/03\/choque-en-cadena-en-la-autopista-7-15-vehiculos-involucrados-y-8-heridos\/","title":{"rendered":"Choque en cadena en la Autopista 7: 15 veh\u00edculos involucrados y 8 heridos"},"content":{"rendered":"\n<figure class=\"wp-block-image size-large\"><img loading=\"lazy\" decoding=\"async\" width=\"1024\" height=\"768\" data-attachment-id=\"184388\" data-permalink=\"https:\/\/www.hoymercedes.com.ar\/principal\/2025\/05\/03\/choque-en-cadena-en-la-autopista-7-15-vehiculos-involucrados-y-8-heridos\/r7-002\/#main\" data-orig-file=\"https:\/\/www.hoymercedes.com.ar\/principal\/wp-content\/uploads\/2025\/05\/R7-002.jpg\" data-orig-size=\"1600,1200\" data-comments-opened=\"0\" data-image-meta=\"{&quot;aperture&quot;:&quot;0&quot;,&quot;credit&quot;:&quot;&quot;,&quot;camera&quot;:&quot;&quot;,&quot;caption&quot;:&quot;&quot;,&quot;created_timestamp&quot;:&quot;0&quot;,&quot;copyright&quot;:&quot;&quot;,&quot;focal_length&quot;:&quot;0&quot;,&quot;iso&quot;:&quot;0&quot;,&quot;shutter_speed&quot;:&quot;0&quot;,&quot;title&quot;:&quot;&quot;,&quot;orientation&quot;:&quot;0&quot;}\" data-image-title=\"Choque en cadena ruta 7\" data-image-description=\"&lt;p&gt;Choque en cadena ruta 7&lt;\/p&gt;\n\" data-image-caption=\"&lt;p&gt;Choque en cadena ruta 7&lt;\/p&gt;\n\" data-large-file=\"https:\/\/www.hoymercedes.com.ar\/principal\/wp-content\/uploads\/2025\/05\/R7-002-1024x768.jpg\" src=\"https:\/\/www.hoymercedes.com.ar\/principal\/wp-content\/uploads\/2025\/05\/R7-002-1024x768.jpg\" alt=\"\" class=\"wp-image-184388\" srcset=\"https:\/\/www.hoymercedes.com.ar\/principal\/wp-content\/uploads\/2025\/05\/R7-002-1024x768.jpg 1024w, https:\/\/www.hoymercedes.com.ar\/principal\/wp-content\/uploads\/2025\/05\/R7-002-630x473.jpg 630w, https:\/\/www.hoymercedes.com.ar\/principal\/wp-content\/uploads\/2025\/05\/R7-002-150x113.jpg 150w, https:\/\/www.hoymercedes.com.ar\/principal\/wp-content\/uploads\/2025\/05\/R7-002-1536x1152.jpg 1536w, https:\/\/www.hoymercedes.com.ar\/principal\/wp-content\/uploads\/2025\/05\/R7-002.jpg 1600w\" sizes=\"auto, (max-width: 1024px) 100vw, 1024px\" \/><\/figure>\n\n\n\n<p>Un masivo accidente en cadena se registr\u00f3 esta ma\u00f1ana en la <strong>Autopista 7<\/strong>, camino a  Giles, a la altura del puente de la <strong>Ruta 192<\/strong>, dejando un saldo de <strong>15 veh\u00edculos afectados<\/strong> y al menos <strong>ocho personas heridas<\/strong>, seg\u00fan confirmaron fuentes oficiales. <\/p>\n\n\n\n<p>El siniestro ocurri\u00f3 en el carril con direcci\u00f3n a <strong>San Andr\u00e9s de Giles<\/strong>, en medio de una densa neblina que redujo la visibilidad en la zona. De acuerdo con los <strong>Bomberos Voluntarios<\/strong>, entre los veh\u00edculos involucrados hab\u00eda <strong>10 autom\u00f3viles, dos camiones y tres motocicletas<\/strong>.<\/p>\n\n\n\n<p>Ante la magnitud del choque m\u00faltiple, se despleg\u00f3 un <strong>amplio operativo de emergencia<\/strong> con equipos de rescate, ambulancias y personal m\u00e9dico. Los heridos fueron trasladados al <strong>Hospital Zonal General<\/strong> para recibir atenci\u00f3n, aunque por el momento no se reportan v\u00edctimas fatales.<\/p>\n\n\n\n<p>Las autoridades investigan las causas exactas del accidente, mientras se mantienen desv\u00edos temporales en la zona para facilitar las tareas de limpieza y peritaje. Se recomienda a los conductores tomar rutas alternativas y extremar precauciones debido a las condiciones clim\u00e1ticas adversas.<\/p>\n\n\n\n<figure class=\"wp-block-image size-full is-resized\"><img loading=\"lazy\" decoding=\"async\" width=\"768\" height=\"547\" data-attachment-id=\"184389\" data-permalink=\"https:\/\/www.hoymercedes.com.ar\/principal\/2025\/05\/03\/choque-en-cadena-en-la-autopista-7-15-vehiculos-involucrados-y-8-heridos\/r7-003\/#main\" data-orig-file=\"https:\/\/www.hoymercedes.com.ar\/principal\/wp-content\/uploads\/2025\/05\/R7-003.jpg\" data-orig-size=\"768,547\" data-comments-opened=\"0\" data-image-meta=\"{&quot;aperture&quot;:&quot;0&quot;,&quot;credit&quot;:&quot;&quot;,&quot;camera&quot;:&quot;&quot;,&quot;caption&quot;:&quot;&quot;,&quot;created_timestamp&quot;:&quot;0&quot;,&quot;copyright&quot;:&quot;&quot;,&quot;focal_length&quot;:&quot;0&quot;,&quot;iso&quot;:&quot;0&quot;,&quot;shutter_speed&quot;:&quot;0&quot;,&quot;title&quot;:&quot;&quot;,&quot;orientation&quot;:&quot;1&quot;}\" data-image-title=\"Choque en cadena ruta 7\" data-image-description=\"&lt;p&gt;Choque en cadena ruta 7&lt;\/p&gt;\n\" data-image-caption=\"&lt;p&gt;Choque en cadena ruta 7&lt;\/p&gt;\n\" data-large-file=\"https:\/\/www.hoymercedes.com.ar\/principal\/wp-content\/uploads\/2025\/05\/R7-003.jpg\" src=\"https:\/\/www.hoymercedes.com.ar\/principal\/wp-content\/uploads\/2025\/05\/R7-003.jpg\" alt=\"\" class=\"wp-image-184389\" style=\"width:960px;height:auto\" srcset=\"https:\/\/www.hoymercedes.com.ar\/principal\/wp-content\/uploads\/2025\/05\/R7-003.jpg 768w, https:\/\/www.hoymercedes.com.ar\/principal\/wp-content\/uploads\/2025\/05\/R7-003-630x449.jpg 630w, https:\/\/www.hoymercedes.com.ar\/principal\/wp-content\/uploads\/2025\/05\/R7-003-150x107.jpg 150w, https:\/\/www.hoymercedes.com.ar\/principal\/wp-content\/uploads\/2025\/05\/R7-003-120x85.jpg 120w\" sizes=\"auto, (max-width: 768px) 100vw, 768px\" \/><\/figure>\n\n\n\n<figure class=\"wp-block-image size-large\"><img loading=\"lazy\" decoding=\"async\" width=\"1024\" height=\"576\" data-attachment-id=\"184390\" data-permalink=\"https:\/\/www.hoymercedes.com.ar\/principal\/2025\/05\/03\/choque-en-cadena-en-la-autopista-7-15-vehiculos-involucrados-y-8-heridos\/r7-001\/#main\" data-orig-file=\"https:\/\/www.hoymercedes.com.ar\/principal\/wp-content\/uploads\/2025\/05\/R7-001.jpg\" data-orig-size=\"1600,900\" data-comments-opened=\"0\" data-image-meta=\"{&quot;aperture&quot;:&quot;0&quot;,&quot;credit&quot;:&quot;&quot;,&quot;camera&quot;:&quot;&quot;,&quot;caption&quot;:&quot;&quot;,&quot;created_timestamp&quot;:&quot;0&quot;,&quot;copyright&quot;:&quot;&quot;,&quot;focal_length&quot;:&quot;0&quot;,&quot;iso&quot;:&quot;0&quot;,&quot;shutter_speed&quot;:&quot;0&quot;,&quot;title&quot;:&quot;&quot;,&quot;orientation&quot;:&quot;0&quot;}\" data-image-title=\"Choque en cadena ruta 7\" data-image-description=\"&lt;p&gt;Choque en cadena ruta 7&lt;\/p&gt;\n\" data-image-caption=\"&lt;p&gt;Choque en cadena ruta 7&lt;\/p&gt;\n\" data-large-file=\"https:\/\/www.hoymercedes.com.ar\/principal\/wp-content\/uploads\/2025\/05\/R7-001-1024x576.jpg\" src=\"https:\/\/www.hoymercedes.com.ar\/principal\/wp-content\/uploads\/2025\/05\/R7-001-1024x576.jpg\" alt=\"\" class=\"wp-image-184390\" srcset=\"https:\/\/www.hoymercedes.com.ar\/principal\/wp-content\/uploads\/2025\/05\/R7-001-1024x576.jpg 1024w, https:\/\/www.hoymercedes.com.ar\/principal\/wp-content\/uploads\/2025\/05\/R7-001-630x354.jpg 630w, https:\/\/www.hoymercedes.com.ar\/principal\/wp-content\/uploads\/2025\/05\/R7-001-150x84.jpg 150w, https:\/\/www.hoymercedes.com.ar\/principal\/wp-content\/uploads\/2025\/05\/R7-001-1536x864.jpg 1536w, https:\/\/www.hoymercedes.com.ar\/principal\/wp-content\/uploads\/2025\/05\/R7-001.jpg 1600w\" sizes=\"auto, (max-width: 1024px) 100vw, 1024px\" \/><\/figure>\n","protected":false},"excerpt":{"rendered":"<p>Un masivo accidente en cadena se registr\u00f3 esta ma\u00f1ana en la Autopista 7, camino a Giles, a la altura del &#8230; <a title=\"Choque en cadena en la Autopista 7: 15 veh\u00edculos involucrados y 8 heridos\" class=\"read-more\" href=\"https:\/\/www.hoymercedes.com.ar\/principal\/2025\/05\/03\/choque-en-cadena-en-la-autopista-7-15-vehiculos-involucrados-y-8-heridos\/\" aria-label=\"Leer m\u00e1s sobre Choque en cadena en la Autopista 7: 15 veh\u00edculos involucrados y 8 heridos\">Leer m\u00e1s<\/a><\/p>\n","protected":false},"author":1,"featured_media":184388,"comment_status":"closed","ping_status":"open","sticky":false,"template":"","format":"standard","meta":{"_monsterinsights_skip_tracking":false,"_monsterinsights_sitenote_active":false,"_monsterinsights_sitenote_note":"","_monsterinsights_sitenote_category":0,"jetpack_post_was_ever_published":false,"_jetpack_newsletter_access":"","_jetpack_dont_email_post_to_subs":false,"_jetpack_newsletter_tier_id":0,"_jetpack_memberships_contains_paywalled_content":false,"_jetpack_memberships_contains_paid_content":false,"footnotes":"","jetpack_publicize_message":"","jetpack_publicize_feature_enabled":true,"jetpack_social_post_already_shared":true,"jetpack_social_options":{"image_generator_settings":{"template":"highway","default_image_id":0,"font":"","enabled":false},"version":2},"_wpas_customize_per_network":false},"categories":[8],"tags":[16457,10395],"class_list":["post-184387","post","type-post","status-publish","format-standard","has-post-thumbnail","hentry","category-sociedad","tag-ruta-7","tag-siniestro-vial","generate-columns","tablet-grid-50","mobile-grid-100","grid-parent","grid-50"],"jetpack_publicize_connections":[],"jetpack_featured_media_url":"https:\/\/www.hoymercedes.com.ar\/principal\/wp-content\/uploads\/2025\/05\/R7-002.jpg","wps_subtitle":"Rutas argentinas ","jetpack_sharing_enabled":true,"_links":{"self":[{"href":"https:\/\/www.hoymercedes.com.ar\/principal\/wp-json\/wp\/v2\/posts\/184387","targetHints":{"allow":["GET"]}}],"collection":[{"href":"https:\/\/www.hoymercedes.com.ar\/principal\/wp-json\/wp\/v2\/posts"}],"about":[{"href":"https:\/\/www.hoymercedes.com.ar\/principal\/wp-json\/wp\/v2\/types\/post"}],"author":[{"embeddable":true,"href":"https:\/\/www.hoymercedes.com.ar\/principal\/wp-json\/wp\/v2\/users\/1"}],"replies":[{"embeddable":true,"href":"https:\/\/www.hoymercedes.com.ar\/principal\/wp-json\/wp\/v2\/comments?post=184387"}],"version-history":[{"count":2,"href":"https:\/\/www.hoymercedes.com.ar\/principal\/wp-json\/wp\/v2\/posts\/184387\/revisions"}],"predecessor-version":[{"id":184392,"href":"https:\/\/www.hoymercedes.com.ar\/principal\/wp-json\/wp\/v2\/posts\/184387\/revisions\/184392"}],"wp:featuredmedia":[{"embeddable":true,"href":"https:\/\/www.hoymercedes.com.ar\/principal\/wp-json\/wp\/v2\/media\/184388"}],"wp:attachment":[{"href":"https:\/\/www.hoymercedes.com.ar\/principal\/wp-json\/wp\/v2\/media?parent=184387"}],"wp:term":[{"taxonomy":"category","embeddable":true,"href":"https:\/\/www.hoymercedes.com.ar\/principal\/wp-json\/wp\/v2\/categories?post=184387"},{"taxonomy":"post_tag","embeddable":true,"href":"https:\/\/www.hoymercedes.com.ar\/principal\/wp-json\/wp\/v2\/tags?post=184387"}],"curies":[{"name":"wp","href":"https:\/\/api.w.org\/{rel}","templated":true}]}}