{"id":184393,"date":"2025-05-03T17:47:48","date_gmt":"2025-05-03T20:47:48","guid":{"rendered":"https:\/\/www.hoymercedes.com.ar\/principal\/?p=184393"},"modified":"2025-05-03T17:47:53","modified_gmt":"2025-05-03T20:47:53","slug":"se-incendio-auto-en-ruta-nacional-n5","status":"publish","type":"post","link":"https:\/\/www.hoymercedes.com.ar\/principal\/2025\/05\/03\/se-incendio-auto-en-ruta-nacional-n5\/","title":{"rendered":"Se incendi\u00f3 auto en Ruta Nacional N\u00b05"},"content":{"rendered":"\n<figure class=\"wp-block-image size-large\"><img loading=\"lazy\" decoding=\"async\" width=\"1024\" height=\"1024\" data-attachment-id=\"184394\" data-permalink=\"https:\/\/www.hoymercedes.com.ar\/principal\/2025\/05\/03\/se-incendio-auto-en-ruta-nacional-n5\/autosuipacha-1\/#main\" data-orig-file=\"https:\/\/www.hoymercedes.com.ar\/principal\/wp-content\/uploads\/2025\/05\/AutoSuipacha-1.jpg\" data-orig-size=\"1440,1440\" data-comments-opened=\"0\" data-image-meta=\"{&quot;aperture&quot;:&quot;0&quot;,&quot;credit&quot;:&quot;&quot;,&quot;camera&quot;:&quot;&quot;,&quot;caption&quot;:&quot;&quot;,&quot;created_timestamp&quot;:&quot;0&quot;,&quot;copyright&quot;:&quot;&quot;,&quot;focal_length&quot;:&quot;0&quot;,&quot;iso&quot;:&quot;0&quot;,&quot;shutter_speed&quot;:&quot;0&quot;,&quot;title&quot;:&quot;&quot;,&quot;orientation&quot;:&quot;0&quot;}\" data-image-title=\"Los Bomberos Voluntarios de Suipacha intervinieron ante el incendio de un auto\" data-image-description=\"&lt;p&gt;Los Bomberos Voluntarios de Suipacha intervinieron ante el incendio de un auto&lt;\/p&gt;\n\" data-image-caption=\"&lt;p&gt;Los Bomberos Voluntarios de Suipacha intervinieron ante el incendio de un auto&lt;\/p&gt;\n\" data-large-file=\"https:\/\/www.hoymercedes.com.ar\/principal\/wp-content\/uploads\/2025\/05\/AutoSuipacha-1-1024x1024.jpg\" src=\"https:\/\/www.hoymercedes.com.ar\/principal\/wp-content\/uploads\/2025\/05\/AutoSuipacha-1-1024x1024.jpg\" alt=\"\" class=\"wp-image-184394\" srcset=\"https:\/\/www.hoymercedes.com.ar\/principal\/wp-content\/uploads\/2025\/05\/AutoSuipacha-1-1024x1024.jpg 1024w, https:\/\/www.hoymercedes.com.ar\/principal\/wp-content\/uploads\/2025\/05\/AutoSuipacha-1-620x620.jpg 620w, https:\/\/www.hoymercedes.com.ar\/principal\/wp-content\/uploads\/2025\/05\/AutoSuipacha-1-150x150.jpg 150w, https:\/\/www.hoymercedes.com.ar\/principal\/wp-content\/uploads\/2025\/05\/AutoSuipacha-1.jpg 1440w\" sizes=\"auto, (max-width: 1024px) 100vw, 1024px\" \/><\/figure>\n\n\n\n<p>Esta tarde, alrededor de las 14:45 horas, un autom\u00f3vil se incendi\u00f3 en la Ruta 5, a la altura del kil\u00f3metro 117,500, en jurisdicci\u00f3n de Suipacha. Afortunadamente, no se registraron personas heridas.<\/p>\n\n\n\n<p>El veh\u00edculo siniestrado, un Peugeot 408 gris (dominio NGJ651), era conducido por Cristian Altuna, residente en Capital Federal, quien circulaba en direcci\u00f3n Mercedes-Suipacha. Seg\u00fan relat\u00f3, al notar llamas emergiendo del habit\u00e1culo, decidi\u00f3 desviarse hacia la zona en construcci\u00f3n de la autov\u00eda para evitar mayores riesgos. Sin embargo, al detenerse, el fuego se extendi\u00f3 r\u00e1pidamente, consumiendo por completo la unidad.<\/p>\n\n\n\n<figure class=\"wp-block-image size-large\"><img loading=\"lazy\" decoding=\"async\" width=\"1024\" height=\"1024\" data-attachment-id=\"184395\" data-permalink=\"https:\/\/www.hoymercedes.com.ar\/principal\/2025\/05\/03\/se-incendio-auto-en-ruta-nacional-n5\/autosuipacha-2\/#main\" data-orig-file=\"https:\/\/www.hoymercedes.com.ar\/principal\/wp-content\/uploads\/2025\/05\/AutoSuipacha-2.jpg\" data-orig-size=\"1440,1440\" data-comments-opened=\"0\" data-image-meta=\"{&quot;aperture&quot;:&quot;0&quot;,&quot;credit&quot;:&quot;&quot;,&quot;camera&quot;:&quot;&quot;,&quot;caption&quot;:&quot;&quot;,&quot;created_timestamp&quot;:&quot;0&quot;,&quot;copyright&quot;:&quot;&quot;,&quot;focal_length&quot;:&quot;0&quot;,&quot;iso&quot;:&quot;0&quot;,&quot;shutter_speed&quot;:&quot;0&quot;,&quot;title&quot;:&quot;&quot;,&quot;orientation&quot;:&quot;0&quot;}\" data-image-title=\"AutoSuipacha-2\" data-image-description=\"&lt;p&gt;Los Bomberos Voluntarios de Suipacha intervinieron ante el incendio de un auto&lt;\/p&gt;\n\" data-image-caption=\"&lt;p&gt;Los Bomberos Voluntarios de Suipacha intervinieron ante el incendio de un auto&lt;\/p&gt;\n\" data-large-file=\"https:\/\/www.hoymercedes.com.ar\/principal\/wp-content\/uploads\/2025\/05\/AutoSuipacha-2-1024x1024.jpg\" src=\"https:\/\/www.hoymercedes.com.ar\/principal\/wp-content\/uploads\/2025\/05\/AutoSuipacha-2-1024x1024.jpg\" alt=\"\" class=\"wp-image-184395\" srcset=\"https:\/\/www.hoymercedes.com.ar\/principal\/wp-content\/uploads\/2025\/05\/AutoSuipacha-2-1024x1024.jpg 1024w, https:\/\/www.hoymercedes.com.ar\/principal\/wp-content\/uploads\/2025\/05\/AutoSuipacha-2-620x620.jpg 620w, https:\/\/www.hoymercedes.com.ar\/principal\/wp-content\/uploads\/2025\/05\/AutoSuipacha-2-150x150.jpg 150w, https:\/\/www.hoymercedes.com.ar\/principal\/wp-content\/uploads\/2025\/05\/AutoSuipacha-2.jpg 1440w\" sizes=\"auto, (max-width: 1024px) 100vw, 1024px\" \/><\/figure>\n\n\n\n<p>Jorge Lasala, especialista en accidentolog\u00eda de Suipacha, detall\u00f3 que las llamas comenzaron en el compartimiento motriz antes de propagarse a toda la carrocer\u00eda.<\/p>\n\n\n\n<p>En el operativo intervinieron los Bomberos Voluntarios de Suipacha, la Polic\u00eda Comunal y personal de Corredores Viales de Olivera, quienes trabajaron para controlar el siniestro y asegurar el \u00e1rea.<\/p>\n\n\n\n<p>Las causas del incendio se investigan, aunque se descarta por el momento la presencia de v\u00edctimas. Las autoridades recomiendan a los conductores verificar el estado mec\u00e1nico de sus veh\u00edculos ante posibles fallas que puedan derivar en incidentes similares.<\/p>\n\n\n\n<figure class=\"wp-block-image size-large\"><img loading=\"lazy\" decoding=\"async\" width=\"1024\" height=\"1024\" data-attachment-id=\"184396\" data-permalink=\"https:\/\/www.hoymercedes.com.ar\/principal\/2025\/05\/03\/se-incendio-auto-en-ruta-nacional-n5\/autosuipacha-3\/#main\" data-orig-file=\"https:\/\/www.hoymercedes.com.ar\/principal\/wp-content\/uploads\/2025\/05\/AutoSuipacha-3.jpg\" data-orig-size=\"1440,1440\" data-comments-opened=\"0\" data-image-meta=\"{&quot;aperture&quot;:&quot;0&quot;,&quot;credit&quot;:&quot;&quot;,&quot;camera&quot;:&quot;&quot;,&quot;caption&quot;:&quot;&quot;,&quot;created_timestamp&quot;:&quot;0&quot;,&quot;copyright&quot;:&quot;&quot;,&quot;focal_length&quot;:&quot;0&quot;,&quot;iso&quot;:&quot;0&quot;,&quot;shutter_speed&quot;:&quot;0&quot;,&quot;title&quot;:&quot;&quot;,&quot;orientation&quot;:&quot;0&quot;}\" data-image-title=\"Los Bomberos Voluntarios de Suipacha intervinieron ante el incendio de un auto\" data-image-description=\"&lt;p&gt;Los Bomberos Voluntarios de Suipacha intervinieron ante el incendio de un auto&lt;\/p&gt;\n\" data-image-caption=\"&lt;p&gt;Los Bomberos Voluntarios de Suipacha intervinieron ante el incendio de un auto&lt;\/p&gt;\n\" data-large-file=\"https:\/\/www.hoymercedes.com.ar\/principal\/wp-content\/uploads\/2025\/05\/AutoSuipacha-3-1024x1024.jpg\" src=\"https:\/\/www.hoymercedes.com.ar\/principal\/wp-content\/uploads\/2025\/05\/AutoSuipacha-3-1024x1024.jpg\" alt=\"\" class=\"wp-image-184396\" srcset=\"https:\/\/www.hoymercedes.com.ar\/principal\/wp-content\/uploads\/2025\/05\/AutoSuipacha-3-1024x1024.jpg 1024w, https:\/\/www.hoymercedes.com.ar\/principal\/wp-content\/uploads\/2025\/05\/AutoSuipacha-3-620x620.jpg 620w, https:\/\/www.hoymercedes.com.ar\/principal\/wp-content\/uploads\/2025\/05\/AutoSuipacha-3-150x150.jpg 150w, https:\/\/www.hoymercedes.com.ar\/principal\/wp-content\/uploads\/2025\/05\/AutoSuipacha-3.jpg 1440w\" sizes=\"auto, (max-width: 1024px) 100vw, 1024px\" \/><\/figure>\n","protected":false},"excerpt":{"rendered":"<p>Esta tarde, alrededor de las 14:45 horas, un autom\u00f3vil se incendi\u00f3 en la Ruta 5, a la altura del kil\u00f3metro &#8230; <a title=\"Se incendi\u00f3 auto en Ruta Nacional N\u00b05\" class=\"read-more\" href=\"https:\/\/www.hoymercedes.com.ar\/principal\/2025\/05\/03\/se-incendio-auto-en-ruta-nacional-n5\/\" aria-label=\"Leer m\u00e1s sobre Se incendi\u00f3 auto en Ruta Nacional N\u00b05\">Leer m\u00e1s<\/a><\/p>\n","protected":false},"author":1,"featured_media":184394,"comment_status":"closed","ping_status":"open","sticky":false,"template":"","format":"standard","meta":{"_monsterinsights_skip_tracking":false,"_monsterinsights_sitenote_active":false,"_monsterinsights_sitenote_note":"","_monsterinsights_sitenote_category":0,"jetpack_post_was_ever_published":false,"_jetpack_newsletter_access":"","_jetpack_dont_email_post_to_subs":false,"_jetpack_newsletter_tier_id":0,"_jetpack_memberships_contains_paywalled_content":false,"_jetpack_memberships_contains_paid_content":false,"footnotes":"","jetpack_publicize_message":"","jetpack_publicize_feature_enabled":true,"jetpack_social_post_already_shared":true,"jetpack_social_options":{"image_generator_settings":{"template":"highway","default_image_id":0,"font":"","enabled":false},"version":2},"_wpas_customize_per_network":false},"categories":[8],"tags":[538,10395,559],"class_list":["post-184393","post","type-post","status-publish","format-standard","has-post-thumbnail","hentry","category-sociedad","tag-ruta-5","tag-siniestro-vial","tag-suipacha","generate-columns","tablet-grid-50","mobile-grid-100","grid-parent","grid-50"],"jetpack_publicize_connections":[],"jetpack_featured_media_url":"https:\/\/www.hoymercedes.com.ar\/principal\/wp-content\/uploads\/2025\/05\/AutoSuipacha-1.jpg","wps_subtitle":"Siniestro vial","jetpack_sharing_enabled":true,"_links":{"self":[{"href":"https:\/\/www.hoymercedes.com.ar\/principal\/wp-json\/wp\/v2\/posts\/184393","targetHints":{"allow":["GET"]}}],"collection":[{"href":"https:\/\/www.hoymercedes.com.ar\/principal\/wp-json\/wp\/v2\/posts"}],"about":[{"href":"https:\/\/www.hoymercedes.com.ar\/principal\/wp-json\/wp\/v2\/types\/post"}],"author":[{"embeddable":true,"href":"https:\/\/www.hoymercedes.com.ar\/principal\/wp-json\/wp\/v2\/users\/1"}],"replies":[{"embeddable":true,"href":"https:\/\/www.hoymercedes.com.ar\/principal\/wp-json\/wp\/v2\/comments?post=184393"}],"version-history":[{"count":2,"href":"https:\/\/www.hoymercedes.com.ar\/principal\/wp-json\/wp\/v2\/posts\/184393\/revisions"}],"predecessor-version":[{"id":184398,"href":"https:\/\/www.hoymercedes.com.ar\/principal\/wp-json\/wp\/v2\/posts\/184393\/revisions\/184398"}],"wp:featuredmedia":[{"embeddable":true,"href":"https:\/\/www.hoymercedes.com.ar\/principal\/wp-json\/wp\/v2\/media\/184394"}],"wp:attachment":[{"href":"https:\/\/www.hoymercedes.com.ar\/principal\/wp-json\/wp\/v2\/media?parent=184393"}],"wp:term":[{"taxonomy":"category","embeddable":true,"href":"https:\/\/www.hoymercedes.com.ar\/principal\/wp-json\/wp\/v2\/categories?post=184393"},{"taxonomy":"post_tag","embeddable":true,"href":"https:\/\/www.hoymercedes.com.ar\/principal\/wp-json\/wp\/v2\/tags?post=184393"}],"curies":[{"name":"wp","href":"https:\/\/api.w.org\/{rel}","templated":true}]}}