{"id":184402,"date":"2025-05-04T20:36:42","date_gmt":"2025-05-04T23:36:42","guid":{"rendered":"https:\/\/www.hoymercedes.com.ar\/principal\/?p=184402"},"modified":"2025-05-04T20:36:45","modified_gmt":"2025-05-04T23:36:45","slug":"uta-confirma-paro-de-colectivos-para-este-martes-tras-fracaso-de-negociaciones","status":"publish","type":"post","link":"https:\/\/www.hoymercedes.com.ar\/principal\/2025\/05\/04\/uta-confirma-paro-de-colectivos-para-este-martes-tras-fracaso-de-negociaciones\/","title":{"rendered":"UTA confirma paro de colectivos para este martes tras fracaso de negociaciones"},"content":{"rendered":"\n<p>A\u00fan no se sabe si afectar\u00e1 al 57 Atl\u00e1ntida , tan utilizado por los mercedinos, llevando a estar atentos dado que la mencionada empresa ingresa a la zona AMBA. <\/p>\n\n\n\n<p>La Uni\u00f3n Tranviarios Automotor (UTA) ratific\u00f3 un paro de colectivos para este <strong>martes 6 de mayo<\/strong> luego de que no se llegara a un acuerdo con las empresas de transporte. La medida afectar\u00e1 a miles de usuarios en el \u00c1rea Metropolitana de Buenos Aires (AMBA). <\/p>\n\n\n\n<p>Los delegados del gremio exigieron acciones urgentes ante la \u00abp\u00e9rdida de poder adquisitivo\u00bb y defendieron el salario como \u00abdignidad de las familias\u00bb.<\/p>\n\n\n\n<p><strong>Cambio en Transporte<\/strong><br>En medio del conflicto, el Gobierno confirm\u00f3 la salida del secretario de Transporte, <strong>Franco Mogetta<\/strong>, quien ser\u00eda reemplazado por <strong>Luis Pierrini<\/strong>, empresario mendocino cercano al ministro Luis Caputo. Mogetta dejar\u00eda el cargo para competir como candidato libertario en C\u00f3rdoba.<\/p>\n\n\n\n<p>Caputo respald\u00f3 la decisi\u00f3n en redes: <em>\u00abFranco hizo un gran trabajo, pero seguir\u00e1 en el equipo. Su salida se debe a su posible candidatura\u00bb<\/em>.<\/p>\n\n\n\n<p>El paro sigue en pie mientras no haya avances en las negociaciones.<\/p>\n","protected":false},"excerpt":{"rendered":"<p>A\u00fan no se sabe si afectar\u00e1 al 57 Atl\u00e1ntida , tan utilizado por los mercedinos, llevando a estar atentos dado &#8230; <a title=\"UTA confirma paro de colectivos para este martes tras fracaso de negociaciones\" class=\"read-more\" href=\"https:\/\/www.hoymercedes.com.ar\/principal\/2025\/05\/04\/uta-confirma-paro-de-colectivos-para-este-martes-tras-fracaso-de-negociaciones\/\" aria-label=\"Leer m\u00e1s sobre UTA confirma paro de colectivos para este martes tras fracaso de negociaciones\">Leer m\u00e1s<\/a><\/p>\n","protected":false},"author":1,"featured_media":178282,"comment_status":"closed","ping_status":"open","sticky":false,"template":"","format":"standard","meta":{"_monsterinsights_skip_tracking":false,"_monsterinsights_sitenote_active":false,"_monsterinsights_sitenote_note":"","_monsterinsights_sitenote_category":0,"jetpack_post_was_ever_published":false,"_jetpack_newsletter_access":"","_jetpack_dont_email_post_to_subs":false,"_jetpack_newsletter_tier_id":0,"_jetpack_memberships_contains_paywalled_content":false,"_jetpack_memberships_contains_paid_content":false,"footnotes":"","jetpack_publicize_message":"","jetpack_publicize_feature_enabled":true,"jetpack_social_post_already_shared":true,"jetpack_social_options":{"image_generator_settings":{"template":"highway","default_image_id":0,"font":"","enabled":false},"version":2},"_wpas_customize_per_network":false},"categories":[8],"tags":[20419,7120],"class_list":["post-184402","post","type-post","status-publish","format-standard","has-post-thumbnail","hentry","category-sociedad","tag-atlantida-57-2","tag-paro-de-colectivos","generate-columns","tablet-grid-50","mobile-grid-100","grid-parent","grid-50"],"jetpack_publicize_connections":[],"jetpack_featured_media_url":"https:\/\/www.hoymercedes.com.ar\/principal\/wp-content\/uploads\/2024\/08\/57-Atlantida.jpg","wps_subtitle":"Reclamos","jetpack_sharing_enabled":true,"_links":{"self":[{"href":"https:\/\/www.hoymercedes.com.ar\/principal\/wp-json\/wp\/v2\/posts\/184402","targetHints":{"allow":["GET"]}}],"collection":[{"href":"https:\/\/www.hoymercedes.com.ar\/principal\/wp-json\/wp\/v2\/posts"}],"about":[{"href":"https:\/\/www.hoymercedes.com.ar\/principal\/wp-json\/wp\/v2\/types\/post"}],"author":[{"embeddable":true,"href":"https:\/\/www.hoymercedes.com.ar\/principal\/wp-json\/wp\/v2\/users\/1"}],"replies":[{"embeddable":true,"href":"https:\/\/www.hoymercedes.com.ar\/principal\/wp-json\/wp\/v2\/comments?post=184402"}],"version-history":[{"count":2,"href":"https:\/\/www.hoymercedes.com.ar\/principal\/wp-json\/wp\/v2\/posts\/184402\/revisions"}],"predecessor-version":[{"id":184404,"href":"https:\/\/www.hoymercedes.com.ar\/principal\/wp-json\/wp\/v2\/posts\/184402\/revisions\/184404"}],"wp:featuredmedia":[{"embeddable":true,"href":"https:\/\/www.hoymercedes.com.ar\/principal\/wp-json\/wp\/v2\/media\/178282"}],"wp:attachment":[{"href":"https:\/\/www.hoymercedes.com.ar\/principal\/wp-json\/wp\/v2\/media?parent=184402"}],"wp:term":[{"taxonomy":"category","embeddable":true,"href":"https:\/\/www.hoymercedes.com.ar\/principal\/wp-json\/wp\/v2\/categories?post=184402"},{"taxonomy":"post_tag","embeddable":true,"href":"https:\/\/www.hoymercedes.com.ar\/principal\/wp-json\/wp\/v2\/tags?post=184402"}],"curies":[{"name":"wp","href":"https:\/\/api.w.org\/{rel}","templated":true}]}}