{"id":184443,"date":"2025-05-06T12:04:55","date_gmt":"2025-05-06T15:04:55","guid":{"rendered":"https:\/\/www.hoymercedes.com.ar\/principal\/?p=184443"},"modified":"2025-05-06T12:05:21","modified_gmt":"2025-05-06T15:05:21","slug":"un-aprehendido-tras-provocar-un-siniestro-vial-y-darse-a-la-fuga","status":"publish","type":"post","link":"https:\/\/www.hoymercedes.com.ar\/principal\/2025\/05\/06\/un-aprehendido-tras-provocar-un-siniestro-vial-y-darse-a-la-fuga\/","title":{"rendered":"Un aprehendido tras provocar un siniestro vial y darse a la fuga"},"content":{"rendered":"\n<p>En la jornada del s\u00e1bado 3 del corriente, en horas de la tarde, una mujer y su hija menor de edad circulaban en una motocicleta marca Honda XR Rally, por calle 16 en direcci\u00f3n a avenida 1 de la localidad de Mercedes. En tanto, por avenida 1 en sentido a calle 16 lo hac\u00eda un autom\u00f3vil marca Ford Galaxy. <\/p>\n\n\n\n<p>El conductor del veh\u00edculo de mayor porte, conduciendo de manera imprudente y antirreglamentaria &#8211; ya que no contaba con licencia de conducir ni seguro obligatorio y con un veh\u00edculo con impedimento de circular &#8211; a una velocidad violatoria de la m\u00e1xima permitida y sin el debido cuidado y prevenci\u00f3n necesario para tener el debido control del rodado embisti\u00f3 a la motocicleta. Tras ello, y sin asistir a las damnificadas se dio a la fuga.<\/p>\n\n\n\n<p>Las v\u00edctimas fueron despedidas del motoveh\u00edculo cayendo sobre la cinta asf\u00e1ltica, lo que les provoc\u00f3 lesiones de car\u00e1cter leve.<br>Por el hecho tom\u00f3 intervenci\u00f3n la Unidad Funcional de Instrucci\u00f3n N\u00b0 6 &#8211; a cargo del dr. Luis Carcagno &#8211; del Departamento Judicial Mercedes e imparti\u00f3 las directivas del caso.<br>Mediante las c\u00e1maras de seguridad de la ciudad, personal policial logr\u00f3 seguir el recorrido del imputado y lograr su aprehensi\u00f3n.<\/p>\n\n\n\n<p>El imputado (un sujeto de 33 a\u00f1os con domicilio en la ciudad de Mercedes) compareci\u00f3 ante el agente fiscal en el marco de la audiencia de declaraci\u00f3n en los t\u00e9rminos del art. 308 del C\u00f3digo Procesal Penal en la jornada de este lunes 5 del corriente. Fue por el delito de \u201cLesiones culposas\u201d.<\/p>\n\n\n\n<p>Vale destacar que, si bien la v\u00edctima no inst\u00f3 la acci\u00f3n por las lesiones, la Fiscal\u00eda prosigui\u00f3 con la acci\u00f3n penal puesto que entendi\u00f3 que existen razones de seguridad e inter\u00e9s p\u00fablico<\/p>\n\n\n\n<p>Fuente: \u00c1rea Comunicacional &#8211; Ministerio P\u00fablico Fiscal Departamental Mercedes<\/p>\n","protected":false},"excerpt":{"rendered":"<p>En la jornada del s\u00e1bado 3 del corriente, en horas de la tarde, una mujer y su hija menor de &#8230; <a title=\"Un aprehendido tras provocar un siniestro vial y darse a la fuga\" class=\"read-more\" href=\"https:\/\/www.hoymercedes.com.ar\/principal\/2025\/05\/06\/un-aprehendido-tras-provocar-un-siniestro-vial-y-darse-a-la-fuga\/\" aria-label=\"Leer m\u00e1s sobre Un aprehendido tras provocar un siniestro vial y darse a la fuga\">Leer m\u00e1s<\/a><\/p>\n","protected":false},"author":1,"featured_media":184444,"comment_status":"closed","ping_status":"open","sticky":false,"template":"","format":"standard","meta":{"_monsterinsights_skip_tracking":false,"_monsterinsights_sitenote_active":false,"_monsterinsights_sitenote_note":"","_monsterinsights_sitenote_category":0,"jetpack_post_was_ever_published":false,"_jetpack_newsletter_access":"","_jetpack_dont_email_post_to_subs":false,"_jetpack_newsletter_tier_id":0,"_jetpack_memberships_contains_paywalled_content":false,"_jetpack_memberships_contains_paid_content":false,"footnotes":"","jetpack_publicize_message":"","jetpack_publicize_feature_enabled":true,"jetpack_social_post_already_shared":true,"jetpack_social_options":{"image_generator_settings":{"template":"highway","default_image_id":0,"font":"","enabled":false},"version":2},"_wpas_customize_per_network":false},"categories":[8],"tags":[],"class_list":["post-184443","post","type-post","status-publish","format-standard","has-post-thumbnail","hentry","category-sociedad","generate-columns","tablet-grid-50","mobile-grid-100","grid-parent","grid-50"],"jetpack_publicize_connections":[],"jetpack_featured_media_url":"https:\/\/www.hoymercedes.com.ar\/principal\/wp-content\/uploads\/2025\/05\/1746424754681.jpg","wps_subtitle":"","jetpack_sharing_enabled":true,"_links":{"self":[{"href":"https:\/\/www.hoymercedes.com.ar\/principal\/wp-json\/wp\/v2\/posts\/184443","targetHints":{"allow":["GET"]}}],"collection":[{"href":"https:\/\/www.hoymercedes.com.ar\/principal\/wp-json\/wp\/v2\/posts"}],"about":[{"href":"https:\/\/www.hoymercedes.com.ar\/principal\/wp-json\/wp\/v2\/types\/post"}],"author":[{"embeddable":true,"href":"https:\/\/www.hoymercedes.com.ar\/principal\/wp-json\/wp\/v2\/users\/1"}],"replies":[{"embeddable":true,"href":"https:\/\/www.hoymercedes.com.ar\/principal\/wp-json\/wp\/v2\/comments?post=184443"}],"version-history":[{"count":1,"href":"https:\/\/www.hoymercedes.com.ar\/principal\/wp-json\/wp\/v2\/posts\/184443\/revisions"}],"predecessor-version":[{"id":184445,"href":"https:\/\/www.hoymercedes.com.ar\/principal\/wp-json\/wp\/v2\/posts\/184443\/revisions\/184445"}],"wp:featuredmedia":[{"embeddable":true,"href":"https:\/\/www.hoymercedes.com.ar\/principal\/wp-json\/wp\/v2\/media\/184444"}],"wp:attachment":[{"href":"https:\/\/www.hoymercedes.com.ar\/principal\/wp-json\/wp\/v2\/media?parent=184443"}],"wp:term":[{"taxonomy":"category","embeddable":true,"href":"https:\/\/www.hoymercedes.com.ar\/principal\/wp-json\/wp\/v2\/categories?post=184443"},{"taxonomy":"post_tag","embeddable":true,"href":"https:\/\/www.hoymercedes.com.ar\/principal\/wp-json\/wp\/v2\/tags?post=184443"}],"curies":[{"name":"wp","href":"https:\/\/api.w.org\/{rel}","templated":true}]}}