{"id":184452,"date":"2025-05-07T07:40:00","date_gmt":"2025-05-07T10:40:00","guid":{"rendered":"https:\/\/www.hoymercedes.com.ar\/principal\/?p=184452"},"modified":"2025-05-07T00:54:38","modified_gmt":"2025-05-07T03:54:38","slug":"este-finde-se-vivira-la-25-fiesta-nacional-de-la-torta-trita","status":"publish","type":"post","link":"https:\/\/www.hoymercedes.com.ar\/principal\/2025\/05\/07\/este-finde-se-vivira-la-25-fiesta-nacional-de-la-torta-trita\/","title":{"rendered":"Este finde se vivir\u00e1 la 25\u00b0 Fiesta Nacional de la Torta Trita"},"content":{"rendered":"\n<figure class=\"wp-block-image size-large\"><img loading=\"lazy\" decoding=\"async\" width=\"1024\" height=\"682\" data-attachment-id=\"184453\" data-permalink=\"https:\/\/www.hoymercedes.com.ar\/principal\/2025\/05\/07\/este-finde-se-vivira-la-25-fiesta-nacional-de-la-torta-trita\/d-3\/#main\" data-orig-file=\"https:\/\/www.hoymercedes.com.ar\/principal\/wp-content\/uploads\/2025\/05\/D.jpg\" data-orig-size=\"1319,879\" data-comments-opened=\"0\" data-image-meta=\"{&quot;aperture&quot;:&quot;0&quot;,&quot;credit&quot;:&quot;SEBASTIANAMBROSSIO&quot;,&quot;camera&quot;:&quot;&quot;,&quot;caption&quot;:&quot;&quot;,&quot;created_timestamp&quot;:&quot;0&quot;,&quot;copyright&quot;:&quot;SebastianAmbrossio&quot;,&quot;focal_length&quot;:&quot;0&quot;,&quot;iso&quot;:&quot;0&quot;,&quot;shutter_speed&quot;:&quot;0&quot;,&quot;title&quot;:&quot;&quot;,&quot;orientation&quot;:&quot;0&quot;}\" data-image-title=\"Fiesta Nacional de la Torta Frita Mercedes\" data-image-description=\"&lt;p&gt;Fiesta Nacional de la Torta Frita Mercedes &lt;\/p&gt;\n\" data-image-caption=\"&lt;p&gt;Fiesta Nacional de la Torta Frita Mercedes &lt;\/p&gt;\n\" data-large-file=\"https:\/\/www.hoymercedes.com.ar\/principal\/wp-content\/uploads\/2025\/05\/D-1024x682.jpg\" src=\"https:\/\/www.hoymercedes.com.ar\/principal\/wp-content\/uploads\/2025\/05\/D-1024x682.jpg\" alt=\"\" class=\"wp-image-184453\" srcset=\"https:\/\/www.hoymercedes.com.ar\/principal\/wp-content\/uploads\/2025\/05\/D-1024x682.jpg 1024w, https:\/\/www.hoymercedes.com.ar\/principal\/wp-content\/uploads\/2025\/05\/D-630x420.jpg 630w, https:\/\/www.hoymercedes.com.ar\/principal\/wp-content\/uploads\/2025\/05\/D-150x100.jpg 150w, https:\/\/www.hoymercedes.com.ar\/principal\/wp-content\/uploads\/2025\/05\/D-700x465.jpg 700w, https:\/\/www.hoymercedes.com.ar\/principal\/wp-content\/uploads\/2025\/05\/D.jpg 1319w\" sizes=\"auto, (max-width: 1024px) 100vw, 1024px\" \/><\/figure>\n\n\n\n<p>Cumpliendo 25 a\u00f1os se celebrar\u00e1 una nueva edici\u00f3n de la&nbsp;<strong>Fiesta Nacional de la Torta Frita<\/strong>&nbsp;en Mercedes. Ser\u00e1 el pr\u00f3ximo 10 y 11 de mayo. Habr\u00e1 shows musicales, gastronom\u00eda, paseos de artesanos, sector entretenimiento, competencia de torteras y el gran atractivo: la cocci\u00f3n de la Torta Frita m\u00e1s grande del mundo.<\/p>\n\n\n\n<p><strong>Fiesta<\/strong><\/p>\n\n\n\n<p>La propuesta cuenta con todos los atractivos para el disfrute familiar y el encuentro de amigos y amigas. M\u00fasica en vivo, baile, delicias caseras, sectores infantiles, artesan\u00edas, representaciones empresariales e institucionales y la degustaci\u00f3n de las mejores tortas fritas para acompa\u00f1ar el mate.<\/p>\n\n\n\n<p><strong>Torta Frita<\/strong><\/p>\n\n\n\n<p>Cada d\u00eda se cocina la torta frita m\u00e1s grande del mundo, con 12 amasadoras, sart\u00e9n gigante, m\u00e1s de 120k de harina y 2000kg de grasa pura a fuego de le\u00f1a para que luego, una vez elaborada, sea compartida entre las y los asistentes, superando los 4m de di\u00e1metro.<\/p>\n\n\n\n<figure class=\"wp-block-image size-large\"><img loading=\"lazy\" decoding=\"async\" width=\"1024\" height=\"682\" data-attachment-id=\"184454\" data-permalink=\"https:\/\/www.hoymercedes.com.ar\/principal\/2025\/05\/07\/este-finde-se-vivira-la-25-fiesta-nacional-de-la-torta-trita\/b1\/#main\" data-orig-file=\"https:\/\/www.hoymercedes.com.ar\/principal\/wp-content\/uploads\/2025\/05\/b1.jpg\" data-orig-size=\"1319,879\" data-comments-opened=\"0\" data-image-meta=\"{&quot;aperture&quot;:&quot;0&quot;,&quot;credit&quot;:&quot;&quot;,&quot;camera&quot;:&quot;&quot;,&quot;caption&quot;:&quot;&quot;,&quot;created_timestamp&quot;:&quot;0&quot;,&quot;copyright&quot;:&quot;&quot;,&quot;focal_length&quot;:&quot;0&quot;,&quot;iso&quot;:&quot;0&quot;,&quot;shutter_speed&quot;:&quot;0&quot;,&quot;title&quot;:&quot;&quot;,&quot;orientation&quot;:&quot;0&quot;}\" data-image-title=\"Fiesta Nacional de la Torta Frita Mercedes\" data-image-description=\"&lt;p&gt;Fiesta Nacional de la Torta Frita Mercedes &lt;\/p&gt;\n\" data-image-caption=\"&lt;p&gt;Fiesta Nacional de la Torta Frita Mercedes &lt;\/p&gt;\n\" data-large-file=\"https:\/\/www.hoymercedes.com.ar\/principal\/wp-content\/uploads\/2025\/05\/b1-1024x682.jpg\" src=\"https:\/\/www.hoymercedes.com.ar\/principal\/wp-content\/uploads\/2025\/05\/b1-1024x682.jpg\" alt=\"\" class=\"wp-image-184454\" srcset=\"https:\/\/www.hoymercedes.com.ar\/principal\/wp-content\/uploads\/2025\/05\/b1-1024x682.jpg 1024w, https:\/\/www.hoymercedes.com.ar\/principal\/wp-content\/uploads\/2025\/05\/b1-630x420.jpg 630w, https:\/\/www.hoymercedes.com.ar\/principal\/wp-content\/uploads\/2025\/05\/b1-150x100.jpg 150w, https:\/\/www.hoymercedes.com.ar\/principal\/wp-content\/uploads\/2025\/05\/b1-700x465.jpg 700w, https:\/\/www.hoymercedes.com.ar\/principal\/wp-content\/uploads\/2025\/05\/b1.jpg 1319w\" sizes=\"auto, (max-width: 1024px) 100vw, 1024px\" \/><\/figure>\n\n\n\n<p><strong>Predio<\/strong><\/p>\n\n\n\n<p>La propuesta cultural y gastron\u00f3mica se realiza en el Parque Municipal Independencia, un predio de 54 hect\u00e1reas, de bello contexto natural donde se puede llevar a las mascotas, reposeras, equipo de mate, adem\u00e1s de encontrarse con la infraestructura necesaria para el bienestar de quienes asisten.<\/p>\n\n\n\n<p>Las puertas se abren cada d\u00eda a las 10am, para que la jornada pueda disfrutarse en plenitud, no s\u00f3lo con las propuestas programadas, sino tambi\u00e9n del aire libre y un contexto de relax.<\/p>\n\n\n\n<p><strong>Entrada<\/strong><\/p>\n\n\n\n<p>Tienen un valor muy accesible siendo la general: $4000, Jubilados: $2000, anticipadas: $2000 (hasta el 30 de abril) mientras que menores de 12 a\u00f1os y personas con discapacidad no abonan ingreso.<\/p>\n\n\n\n<figure class=\"wp-block-image size-large\"><img loading=\"lazy\" decoding=\"async\" width=\"1024\" height=\"682\" data-attachment-id=\"184455\" data-permalink=\"https:\/\/www.hoymercedes.com.ar\/principal\/2025\/05\/07\/este-finde-se-vivira-la-25-fiesta-nacional-de-la-torta-trita\/f\/#main\" data-orig-file=\"https:\/\/www.hoymercedes.com.ar\/principal\/wp-content\/uploads\/2025\/05\/F.jpg\" data-orig-size=\"1319,879\" data-comments-opened=\"0\" data-image-meta=\"{&quot;aperture&quot;:&quot;0&quot;,&quot;credit&quot;:&quot;SEBASTIANAMBROSSIO&quot;,&quot;camera&quot;:&quot;&quot;,&quot;caption&quot;:&quot;&quot;,&quot;created_timestamp&quot;:&quot;0&quot;,&quot;copyright&quot;:&quot;SebastianAmbrossio&quot;,&quot;focal_length&quot;:&quot;0&quot;,&quot;iso&quot;:&quot;0&quot;,&quot;shutter_speed&quot;:&quot;0&quot;,&quot;title&quot;:&quot;&quot;,&quot;orientation&quot;:&quot;0&quot;}\" data-image-title=\"Fiesta Nacional de la Torta Frita Mercedes\" data-image-description=\"&lt;p&gt;Fiesta Nacional de la Torta Frita Mercedes &lt;\/p&gt;\n\" data-image-caption=\"&lt;p&gt;Fiesta Nacional de la Torta Frita Mercedes &lt;\/p&gt;\n\" data-large-file=\"https:\/\/www.hoymercedes.com.ar\/principal\/wp-content\/uploads\/2025\/05\/F-1024x682.jpg\" src=\"https:\/\/www.hoymercedes.com.ar\/principal\/wp-content\/uploads\/2025\/05\/F-1024x682.jpg\" alt=\"\" class=\"wp-image-184455\" srcset=\"https:\/\/www.hoymercedes.com.ar\/principal\/wp-content\/uploads\/2025\/05\/F-1024x682.jpg 1024w, https:\/\/www.hoymercedes.com.ar\/principal\/wp-content\/uploads\/2025\/05\/F-630x420.jpg 630w, https:\/\/www.hoymercedes.com.ar\/principal\/wp-content\/uploads\/2025\/05\/F-150x100.jpg 150w, https:\/\/www.hoymercedes.com.ar\/principal\/wp-content\/uploads\/2025\/05\/F-700x465.jpg 700w, https:\/\/www.hoymercedes.com.ar\/principal\/wp-content\/uploads\/2025\/05\/F.jpg 1319w\" sizes=\"auto, (max-width: 1024px) 100vw, 1024px\" \/><\/figure>\n\n\n\n<p><strong>Crecimiento<\/strong><\/p>\n\n\n\n<p>El crecimiento que ha tenido la fiesta hizo que hace dos a\u00f1os sea declarada \u201cnacional\u201d, destacando el prestigio que ha ganado esta propuesta que inici\u00f3 y continua siendo en homenaje a los veteranos de Malvinas, poniendo en valor nuestro arraigo, tradici\u00f3n y cultura nacional.<\/p>\n","protected":false},"excerpt":{"rendered":"<p>Cumpliendo 25 a\u00f1os se celebrar\u00e1 una nueva edici\u00f3n de la&nbsp;Fiesta Nacional de la Torta Frita&nbsp;en Mercedes. Ser\u00e1 el pr\u00f3ximo 10 &#8230; <a title=\"Este finde se vivir\u00e1 la 25\u00b0 Fiesta Nacional de la Torta Trita\" class=\"read-more\" href=\"https:\/\/www.hoymercedes.com.ar\/principal\/2025\/05\/07\/este-finde-se-vivira-la-25-fiesta-nacional-de-la-torta-trita\/\" aria-label=\"Leer m\u00e1s sobre Este finde se vivir\u00e1 la 25\u00b0 Fiesta Nacional de la Torta Trita\">Leer m\u00e1s<\/a><\/p>\n","protected":false},"author":1,"featured_media":184453,"comment_status":"closed","ping_status":"open","sticky":false,"template":"","format":"standard","meta":{"_monsterinsights_skip_tracking":false,"_monsterinsights_sitenote_active":false,"_monsterinsights_sitenote_note":"","_monsterinsights_sitenote_category":0,"jetpack_post_was_ever_published":false,"_jetpack_newsletter_access":"","_jetpack_dont_email_post_to_subs":false,"_jetpack_newsletter_tier_id":0,"_jetpack_memberships_contains_paywalled_content":false,"_jetpack_memberships_contains_paid_content":false,"footnotes":"","jetpack_publicize_message":"","jetpack_publicize_feature_enabled":true,"jetpack_social_post_already_shared":true,"jetpack_social_options":{"image_generator_settings":{"template":"highway","default_image_id":0,"font":"","enabled":false},"version":2},"_wpas_customize_per_network":false},"categories":[8],"tags":[],"class_list":["post-184452","post","type-post","status-publish","format-standard","has-post-thumbnail","hentry","category-sociedad","generate-columns","tablet-grid-50","mobile-grid-100","grid-parent","grid-50"],"jetpack_publicize_connections":[],"jetpack_featured_media_url":"https:\/\/www.hoymercedes.com.ar\/principal\/wp-content\/uploads\/2025\/05\/D.jpg","wps_subtitle":"","jetpack_sharing_enabled":true,"_links":{"self":[{"href":"https:\/\/www.hoymercedes.com.ar\/principal\/wp-json\/wp\/v2\/posts\/184452","targetHints":{"allow":["GET"]}}],"collection":[{"href":"https:\/\/www.hoymercedes.com.ar\/principal\/wp-json\/wp\/v2\/posts"}],"about":[{"href":"https:\/\/www.hoymercedes.com.ar\/principal\/wp-json\/wp\/v2\/types\/post"}],"author":[{"embeddable":true,"href":"https:\/\/www.hoymercedes.com.ar\/principal\/wp-json\/wp\/v2\/users\/1"}],"replies":[{"embeddable":true,"href":"https:\/\/www.hoymercedes.com.ar\/principal\/wp-json\/wp\/v2\/comments?post=184452"}],"version-history":[{"count":1,"href":"https:\/\/www.hoymercedes.com.ar\/principal\/wp-json\/wp\/v2\/posts\/184452\/revisions"}],"predecessor-version":[{"id":184456,"href":"https:\/\/www.hoymercedes.com.ar\/principal\/wp-json\/wp\/v2\/posts\/184452\/revisions\/184456"}],"wp:featuredmedia":[{"embeddable":true,"href":"https:\/\/www.hoymercedes.com.ar\/principal\/wp-json\/wp\/v2\/media\/184453"}],"wp:attachment":[{"href":"https:\/\/www.hoymercedes.com.ar\/principal\/wp-json\/wp\/v2\/media?parent=184452"}],"wp:term":[{"taxonomy":"category","embeddable":true,"href":"https:\/\/www.hoymercedes.com.ar\/principal\/wp-json\/wp\/v2\/categories?post=184452"},{"taxonomy":"post_tag","embeddable":true,"href":"https:\/\/www.hoymercedes.com.ar\/principal\/wp-json\/wp\/v2\/tags?post=184452"}],"curies":[{"name":"wp","href":"https:\/\/api.w.org\/{rel}","templated":true}]}}