{"id":184491,"date":"2025-05-08T20:36:51","date_gmt":"2025-05-08T23:36:51","guid":{"rendered":"https:\/\/www.hoymercedes.com.ar\/principal\/?p=184491"},"modified":"2025-05-08T20:36:53","modified_gmt":"2025-05-08T23:36:53","slug":"catedral-tambien-celebro-al-nuevo-papa","status":"publish","type":"post","link":"https:\/\/www.hoymercedes.com.ar\/principal\/2025\/05\/08\/catedral-tambien-celebro-al-nuevo-papa\/","title":{"rendered":"Catedral tambi\u00e9n celebr\u00f3 al nuevo Papa"},"content":{"rendered":"\n<figure class=\"wp-block-embed is-type-video is-provider-youtube wp-block-embed-youtube wp-embed-aspect-16-9 wp-has-aspect-ratio\"><div class=\"wp-block-embed__wrapper\">\n<iframe loading=\"lazy\" title=\"Sonaron las campanas de Catedral ante el anuncio del nuevo Papa.\" width=\"1200\" height=\"675\" src=\"https:\/\/www.youtube.com\/embed\/SaseVeckA5I?feature=oembed\" frameborder=\"0\" allow=\"accelerometer; autoplay; clipboard-write; encrypted-media; gyroscope; picture-in-picture; web-share\" referrerpolicy=\"strict-origin-when-cross-origin\" allowfullscreen><\/iframe>\n<\/div><\/figure>\n\n\n\n<p><strong>Catedral Bas\u00edlica<\/strong> de nuestra ciudad hizo sonar sus campa\u00f1as durante varios minutos no bien se conoci\u00f3 la \u00abfumata banca\u00bb y el famoso <strong>\u00abHabemus Papam\u00bb. <\/strong><\/p>\n\n\n\n<p>En una jornada marcada por la expectaci\u00f3n y la tradici\u00f3n, la Iglesia Cat\u00f3lica ha anunciado al sucesor de San Pedro. Tras un c\u00f3nclave que mantuvo al mundo en vilo, la fumata blanca surgi\u00f3 de la Capilla Sixtina, se\u00f1alando la elecci\u00f3n del nuevo Papa.<\/p>\n\n\n\n<p>Con la tradicional f\u00f3rmula \u00abHabemus Papam\u00bb, el cardenal protodi\u00e1cono anunci\u00f3 desde el balc\u00f3n de la Bas\u00edlica de San Pedro el nombre del elegido: el cardenal <strong>Robert Prevost,<\/strong> quien ha tomado el nombre de Le\u00f3n IV.<\/p>\n\n\n\n<p>La noticia ha sido recibida con una mezcla de sorpresa y esperanza por fieles y l\u00edderes de todo el mundo. <strong>Robert Prevost<\/strong> llega al pontificado en un momento crucial, con desaf\u00edos globales que demandan liderazgo espiritual y moral. Su trayectoria y visi\u00f3n ser\u00e1n fundamentales para guiar a la Iglesia en los a\u00f1os venideros.<\/p>\n\n\n\n<p>La ceremonia de entronizaci\u00f3n marcar\u00e1 el inicio formal de su pontificado, un nuevo cap\u00edtulo en la historia de la Iglesia Cat\u00f3lica. El mundo observa con atenci\u00f3n, anticipando las primeras palabras y las prioridades que marcar\u00e1n su liderazgo.<\/p>\n","protected":false},"excerpt":{"rendered":"<p>Catedral Bas\u00edlica de nuestra ciudad hizo sonar sus campa\u00f1as durante varios minutos no bien se conoci\u00f3 la \u00abfumata banca\u00bb y &#8230; <a title=\"Catedral tambi\u00e9n celebr\u00f3 al nuevo Papa\" class=\"read-more\" href=\"https:\/\/www.hoymercedes.com.ar\/principal\/2025\/05\/08\/catedral-tambien-celebro-al-nuevo-papa\/\" aria-label=\"Leer m\u00e1s sobre Catedral tambi\u00e9n celebr\u00f3 al nuevo Papa\">Leer m\u00e1s<\/a><\/p>\n","protected":false},"author":1,"featured_media":184493,"comment_status":"closed","ping_status":"open","sticky":false,"template":"","format":"standard","meta":{"_monsterinsights_skip_tracking":false,"_monsterinsights_sitenote_active":false,"_monsterinsights_sitenote_note":"","_monsterinsights_sitenote_category":0,"jetpack_post_was_ever_published":false,"_jetpack_newsletter_access":"","_jetpack_dont_email_post_to_subs":false,"_jetpack_newsletter_tier_id":0,"_jetpack_memberships_contains_paywalled_content":false,"_jetpack_memberships_contains_paid_content":false,"footnotes":"","jetpack_publicize_message":"","jetpack_publicize_feature_enabled":true,"jetpack_social_post_already_shared":true,"jetpack_social_options":{"image_generator_settings":{"template":"highway","default_image_id":0,"font":"","enabled":false},"version":2},"_wpas_customize_per_network":false},"categories":[8],"tags":[20423,20424],"class_list":["post-184491","post","type-post","status-publish","format-standard","has-post-thumbnail","hentry","category-sociedad","tag-catedral-basilica-mercedes","tag-nuevo-papa","generate-columns","tablet-grid-50","mobile-grid-100","grid-parent","grid-50"],"jetpack_publicize_connections":[],"jetpack_featured_media_url":"https:\/\/www.hoymercedes.com.ar\/principal\/wp-content\/uploads\/2025\/05\/CatedralBasilica.jpg","wps_subtitle":"Religi\u00f3n ","jetpack_sharing_enabled":true,"_links":{"self":[{"href":"https:\/\/www.hoymercedes.com.ar\/principal\/wp-json\/wp\/v2\/posts\/184491","targetHints":{"allow":["GET"]}}],"collection":[{"href":"https:\/\/www.hoymercedes.com.ar\/principal\/wp-json\/wp\/v2\/posts"}],"about":[{"href":"https:\/\/www.hoymercedes.com.ar\/principal\/wp-json\/wp\/v2\/types\/post"}],"author":[{"embeddable":true,"href":"https:\/\/www.hoymercedes.com.ar\/principal\/wp-json\/wp\/v2\/users\/1"}],"replies":[{"embeddable":true,"href":"https:\/\/www.hoymercedes.com.ar\/principal\/wp-json\/wp\/v2\/comments?post=184491"}],"version-history":[{"count":2,"href":"https:\/\/www.hoymercedes.com.ar\/principal\/wp-json\/wp\/v2\/posts\/184491\/revisions"}],"predecessor-version":[{"id":184495,"href":"https:\/\/www.hoymercedes.com.ar\/principal\/wp-json\/wp\/v2\/posts\/184491\/revisions\/184495"}],"wp:featuredmedia":[{"embeddable":true,"href":"https:\/\/www.hoymercedes.com.ar\/principal\/wp-json\/wp\/v2\/media\/184493"}],"wp:attachment":[{"href":"https:\/\/www.hoymercedes.com.ar\/principal\/wp-json\/wp\/v2\/media?parent=184491"}],"wp:term":[{"taxonomy":"category","embeddable":true,"href":"https:\/\/www.hoymercedes.com.ar\/principal\/wp-json\/wp\/v2\/categories?post=184491"},{"taxonomy":"post_tag","embeddable":true,"href":"https:\/\/www.hoymercedes.com.ar\/principal\/wp-json\/wp\/v2\/tags?post=184491"}],"curies":[{"name":"wp","href":"https:\/\/api.w.org\/{rel}","templated":true}]}}