{"id":184544,"date":"2025-05-12T10:20:27","date_gmt":"2025-05-12T13:20:27","guid":{"rendered":"https:\/\/www.hoymercedes.com.ar\/principal\/?p=184544"},"modified":"2025-05-12T10:20:30","modified_gmt":"2025-05-12T13:20:30","slug":"la-runner-del-cef-193-alejandra-garcia-corrio-100-km","status":"publish","type":"post","link":"https:\/\/www.hoymercedes.com.ar\/principal\/2025\/05\/12\/la-runner-del-cef-193-alejandra-garcia-corrio-100-km\/","title":{"rendered":"La runner del CEF 193 Alejandra Garc\u00eda corri\u00f3 100 km"},"content":{"rendered":"\n<figure class=\"wp-block-image size-full\"><img loading=\"lazy\" decoding=\"async\" width=\"928\" height=\"719\" data-attachment-id=\"184545\" data-permalink=\"https:\/\/www.hoymercedes.com.ar\/principal\/2025\/05\/12\/la-runner-del-cef-193-alejandra-garcia-corrio-100-km\/runner-mercedina\/#main\" data-orig-file=\"https:\/\/www.hoymercedes.com.ar\/principal\/wp-content\/uploads\/2025\/05\/runner-mercedina.jpeg\" data-orig-size=\"928,719\" data-comments-opened=\"0\" data-image-meta=\"{&quot;aperture&quot;:&quot;0&quot;,&quot;credit&quot;:&quot;&quot;,&quot;camera&quot;:&quot;&quot;,&quot;caption&quot;:&quot;&quot;,&quot;created_timestamp&quot;:&quot;0&quot;,&quot;copyright&quot;:&quot;&quot;,&quot;focal_length&quot;:&quot;0&quot;,&quot;iso&quot;:&quot;0&quot;,&quot;shutter_speed&quot;:&quot;0&quot;,&quot;title&quot;:&quot;&quot;,&quot;orientation&quot;:&quot;0&quot;}\" data-image-title=\"CEF 193 Alejandra Garc\u00eda\" data-image-description=\"&lt;p&gt; CEF 193 Alejandra Garc\u00eda&lt;\/p&gt;\n\" data-image-caption=\"&lt;p&gt; CEF 193 Alejandra Garc\u00eda&lt;\/p&gt;\n\" data-large-file=\"https:\/\/www.hoymercedes.com.ar\/principal\/wp-content\/uploads\/2025\/05\/runner-mercedina.jpeg\" src=\"https:\/\/www.hoymercedes.com.ar\/principal\/wp-content\/uploads\/2025\/05\/runner-mercedina.jpeg\" alt=\"CEF 193 Alejandra Garc\u00eda\" class=\"wp-image-184545\" srcset=\"https:\/\/www.hoymercedes.com.ar\/principal\/wp-content\/uploads\/2025\/05\/runner-mercedina.jpeg 928w, https:\/\/www.hoymercedes.com.ar\/principal\/wp-content\/uploads\/2025\/05\/runner-mercedina-630x488.jpeg 630w, https:\/\/www.hoymercedes.com.ar\/principal\/wp-content\/uploads\/2025\/05\/runner-mercedina-150x116.jpeg 150w\" sizes=\"auto, (max-width: 928px) 100vw, 928px\" \/><figcaption class=\"wp-element-caption\"> CEF 193 Alejandra Garc\u00eda<\/figcaption><\/figure>\n\n\n\n<p>La atleta que forma parte del equipo de Los coyotes del CEF 193 de la localidad de Gowland recorri\u00f3 100 kil\u00f3metros en una carrera dur\u00edsima como es el \u201cBackyard Ultra Carhu\u00e9\u201d.<br><br>Alejandra Garc\u00eda corredora del CEF alcanz\u00f3 un nuevo desaf\u00edo corri\u00f3 100 kil\u00f3metros en esta nueva carrera, que tiene una especial participaci\u00f3n de los atletas.<br><br>Cada vuelta inicia exactamente 1 hora (60 minutos) despu\u00e9s de la vuelta precedente. La distancia de 4 millas y 880 pies de largo (6.7056 km).<br><br>60 minutos para completar la distancia. Una carrera \u00fanica que pone a prueba la resistencia f\u00edsica y mental: vueltas de 6.7 km hasta que quede un solo corredor en pie.<br>M\u00e1s de 60 competidores (una de las m\u00e1s numerosas) le dieron vida a esta competencia organizada por Pablo Dalinger, en la que hubo muchos debutantes.<br><br>El ganador fue Agust\u00edn Casajus, el campe\u00f3n argentino de la especialidad que corri\u00f3 25 horas y recorri\u00f3 167.5 kil\u00f3metros.<\/p>\n","protected":false},"excerpt":{"rendered":"<p>La atleta que forma parte del equipo de Los coyotes del CEF 193 de la localidad de Gowland recorri\u00f3 100 &#8230; <a title=\"La runner del CEF 193 Alejandra Garc\u00eda corri\u00f3 100 km\" class=\"read-more\" href=\"https:\/\/www.hoymercedes.com.ar\/principal\/2025\/05\/12\/la-runner-del-cef-193-alejandra-garcia-corrio-100-km\/\" aria-label=\"Leer m\u00e1s sobre La runner del CEF 193 Alejandra Garc\u00eda corri\u00f3 100 km\">Leer m\u00e1s<\/a><\/p>\n","protected":false},"author":1,"featured_media":184545,"comment_status":"closed","ping_status":"open","sticky":false,"template":"","format":"standard","meta":{"_monsterinsights_skip_tracking":false,"_monsterinsights_sitenote_active":false,"_monsterinsights_sitenote_note":"","_monsterinsights_sitenote_category":0,"jetpack_post_was_ever_published":false,"_jetpack_newsletter_access":"","_jetpack_dont_email_post_to_subs":false,"_jetpack_newsletter_tier_id":0,"_jetpack_memberships_contains_paywalled_content":false,"_jetpack_memberships_contains_paid_content":false,"footnotes":"","jetpack_publicize_message":"","jetpack_publicize_feature_enabled":true,"jetpack_social_post_already_shared":true,"jetpack_social_options":{"image_generator_settings":{"template":"highway","default_image_id":0,"font":"","enabled":false},"version":2},"_wpas_customize_per_network":false},"categories":[21],"tags":[8923,20427],"class_list":["post-184544","post","type-post","status-publish","format-standard","has-post-thumbnail","hentry","category-deportes","tag-cef-193","tag-runner-mercedina","generate-columns","tablet-grid-50","mobile-grid-100","grid-parent","grid-50"],"jetpack_publicize_connections":[],"jetpack_featured_media_url":"https:\/\/www.hoymercedes.com.ar\/principal\/wp-content\/uploads\/2025\/05\/runner-mercedina.jpeg","wps_subtitle":"","jetpack_sharing_enabled":true,"_links":{"self":[{"href":"https:\/\/www.hoymercedes.com.ar\/principal\/wp-json\/wp\/v2\/posts\/184544","targetHints":{"allow":["GET"]}}],"collection":[{"href":"https:\/\/www.hoymercedes.com.ar\/principal\/wp-json\/wp\/v2\/posts"}],"about":[{"href":"https:\/\/www.hoymercedes.com.ar\/principal\/wp-json\/wp\/v2\/types\/post"}],"author":[{"embeddable":true,"href":"https:\/\/www.hoymercedes.com.ar\/principal\/wp-json\/wp\/v2\/users\/1"}],"replies":[{"embeddable":true,"href":"https:\/\/www.hoymercedes.com.ar\/principal\/wp-json\/wp\/v2\/comments?post=184544"}],"version-history":[{"count":1,"href":"https:\/\/www.hoymercedes.com.ar\/principal\/wp-json\/wp\/v2\/posts\/184544\/revisions"}],"predecessor-version":[{"id":184546,"href":"https:\/\/www.hoymercedes.com.ar\/principal\/wp-json\/wp\/v2\/posts\/184544\/revisions\/184546"}],"wp:featuredmedia":[{"embeddable":true,"href":"https:\/\/www.hoymercedes.com.ar\/principal\/wp-json\/wp\/v2\/media\/184545"}],"wp:attachment":[{"href":"https:\/\/www.hoymercedes.com.ar\/principal\/wp-json\/wp\/v2\/media?parent=184544"}],"wp:term":[{"taxonomy":"category","embeddable":true,"href":"https:\/\/www.hoymercedes.com.ar\/principal\/wp-json\/wp\/v2\/categories?post=184544"},{"taxonomy":"post_tag","embeddable":true,"href":"https:\/\/www.hoymercedes.com.ar\/principal\/wp-json\/wp\/v2\/tags?post=184544"}],"curies":[{"name":"wp","href":"https:\/\/api.w.org\/{rel}","templated":true}]}}