{"id":184570,"date":"2025-05-16T10:08:00","date_gmt":"2025-05-16T13:08:00","guid":{"rendered":"https:\/\/www.hoymercedes.com.ar\/principal\/?p=184570"},"modified":"2025-05-15T18:50:17","modified_gmt":"2025-05-15T21:50:17","slug":"teatro-talia-domingo-de-profesion-maternal","status":"publish","type":"post","link":"https:\/\/www.hoymercedes.com.ar\/principal\/2025\/05\/16\/teatro-talia-domingo-de-profesion-maternal\/","title":{"rendered":"Teatro Tal\u00eda: domingo \u00abde profesi\u00f3n maternal\u00bb"},"content":{"rendered":"\n<p>El venidero domingo 18 de mayo, en la Sala del Teatro Tal\u00eda (calle 20, entre 29 y 31), se presentar\u00e1 la pieza teatral escrita por Griselda Gambaro, \u00abDe Profesi\u00f3n Maternal\u00bb. En esta oportunidad, suben al escenario el elenco de Luj\u00e1n Los Otros Group con la direcci\u00f3n de Luis Vallejo. <\/p>\n\n\n\n<p>Las entradas a la venta, tienen un valor de $ 8000 (general) y jubilados y estudiantes $ 6000. La reservas se pueden hacer a los tel\u00e9fonos 2324 585300 o al 2324 641621.<\/p>\n\n\n\n<figure class=\"wp-block-image size-large\"><img loading=\"lazy\" decoding=\"async\" width=\"1024\" height=\"549\" data-attachment-id=\"184571\" data-permalink=\"https:\/\/www.hoymercedes.com.ar\/principal\/2025\/05\/16\/teatro-talia-domingo-de-profesion-maternal\/img-20250513-wa0005\/#main\" data-orig-file=\"https:\/\/www.hoymercedes.com.ar\/principal\/wp-content\/uploads\/2025\/05\/IMG-20250513-WA0005.jpg\" data-orig-size=\"1440,772\" data-comments-opened=\"0\" data-image-meta=\"{&quot;aperture&quot;:&quot;0&quot;,&quot;credit&quot;:&quot;&quot;,&quot;camera&quot;:&quot;&quot;,&quot;caption&quot;:&quot;&quot;,&quot;created_timestamp&quot;:&quot;0&quot;,&quot;copyright&quot;:&quot;&quot;,&quot;focal_length&quot;:&quot;0&quot;,&quot;iso&quot;:&quot;0&quot;,&quot;shutter_speed&quot;:&quot;0&quot;,&quot;title&quot;:&quot;&quot;,&quot;orientation&quot;:&quot;0&quot;}\" data-image-title=\"IMG-20250513-WA0005\" data-image-description=\"\" data-image-caption=\"\" data-large-file=\"https:\/\/www.hoymercedes.com.ar\/principal\/wp-content\/uploads\/2025\/05\/IMG-20250513-WA0005-1024x549.jpg\" src=\"https:\/\/www.hoymercedes.com.ar\/principal\/wp-content\/uploads\/2025\/05\/IMG-20250513-WA0005-1024x549.jpg\" alt=\"\" class=\"wp-image-184571\" srcset=\"https:\/\/www.hoymercedes.com.ar\/principal\/wp-content\/uploads\/2025\/05\/IMG-20250513-WA0005-1024x549.jpg 1024w, https:\/\/www.hoymercedes.com.ar\/principal\/wp-content\/uploads\/2025\/05\/IMG-20250513-WA0005-630x338.jpg 630w, https:\/\/www.hoymercedes.com.ar\/principal\/wp-content\/uploads\/2025\/05\/IMG-20250513-WA0005-150x80.jpg 150w, https:\/\/www.hoymercedes.com.ar\/principal\/wp-content\/uploads\/2025\/05\/IMG-20250513-WA0005.jpg 1440w\" sizes=\"auto, (max-width: 1024px) 100vw, 1024px\" \/><\/figure>\n\n\n\n<p>Una pieza dram\u00e1tica que aborda la tem\u00e1tica del abandono y la imposibilidad, autoimpuesta, de amar y ser amado. Una madre fr\u00eda y totalmente ausente, una hija que esconde un profundo dolor. Un reencuentro, miles de expectativas y de preguntas. Una busqueda desesperada por comprender el pasado, oscuro y desconcertante.<\/p>\n\n\n\n<p>Sinopsis: \u00ab<em>De Profesional maternal<\/em>\u00bb narra la historia de una mujer, Matilde, quien luego de haber abandonado a su hija Leticia, decide escribirle una carta para poder conocerla. Leticia se presenta en la casa de su madre, y en el encuentro, conoce a Eugenia, la pareja de \u00e9sta. Dentro de este tri\u00e1ngulo se desarrolla un encuentro tenso, lleno de rencor, dolor y furia. En la obra, como en la vida, casi siempre el temor y la ansiedad impiden cualquier comunicaci\u00f3n real. Adem\u00e1s, tambi\u00e9n, se desarman los estereotipos con que se juzgan familias y convivencia. Lo \u00fanico que asegura la constituci\u00f3n de una familia es que haya amor en los v\u00ednculos \u00bfQu\u00e9 otra cosa se necesita?<\/p>\n","protected":false},"excerpt":{"rendered":"<p>El venidero domingo 18 de mayo, en la Sala del Teatro Tal\u00eda (calle 20, entre 29 y 31), se presentar\u00e1 &#8230; <a title=\"Teatro Tal\u00eda: domingo \u00abde profesi\u00f3n maternal\u00bb\" class=\"read-more\" href=\"https:\/\/www.hoymercedes.com.ar\/principal\/2025\/05\/16\/teatro-talia-domingo-de-profesion-maternal\/\" aria-label=\"Leer m\u00e1s sobre Teatro Tal\u00eda: domingo \u00abde profesi\u00f3n maternal\u00bb\">Leer m\u00e1s<\/a><\/p>\n","protected":false},"author":1,"featured_media":184571,"comment_status":"closed","ping_status":"open","sticky":false,"template":"","format":"standard","meta":{"_monsterinsights_skip_tracking":false,"_monsterinsights_sitenote_active":false,"_monsterinsights_sitenote_note":"","_monsterinsights_sitenote_category":0,"jetpack_post_was_ever_published":false,"_jetpack_newsletter_access":"","_jetpack_dont_email_post_to_subs":false,"_jetpack_newsletter_tier_id":0,"_jetpack_memberships_contains_paywalled_content":false,"_jetpack_memberships_contains_paid_content":false,"footnotes":"","jetpack_publicize_message":"","jetpack_publicize_feature_enabled":true,"jetpack_social_post_already_shared":true,"jetpack_social_options":{"image_generator_settings":{"template":"highway","default_image_id":0,"font":"","enabled":false},"version":2},"_wpas_customize_per_network":false},"categories":[8],"tags":[],"class_list":["post-184570","post","type-post","status-publish","format-standard","has-post-thumbnail","hentry","category-sociedad","generate-columns","tablet-grid-50","mobile-grid-100","grid-parent","grid-50"],"jetpack_publicize_connections":[],"jetpack_featured_media_url":"https:\/\/www.hoymercedes.com.ar\/principal\/wp-content\/uploads\/2025\/05\/IMG-20250513-WA0005.jpg","wps_subtitle":"","jetpack_sharing_enabled":true,"_links":{"self":[{"href":"https:\/\/www.hoymercedes.com.ar\/principal\/wp-json\/wp\/v2\/posts\/184570","targetHints":{"allow":["GET"]}}],"collection":[{"href":"https:\/\/www.hoymercedes.com.ar\/principal\/wp-json\/wp\/v2\/posts"}],"about":[{"href":"https:\/\/www.hoymercedes.com.ar\/principal\/wp-json\/wp\/v2\/types\/post"}],"author":[{"embeddable":true,"href":"https:\/\/www.hoymercedes.com.ar\/principal\/wp-json\/wp\/v2\/users\/1"}],"replies":[{"embeddable":true,"href":"https:\/\/www.hoymercedes.com.ar\/principal\/wp-json\/wp\/v2\/comments?post=184570"}],"version-history":[{"count":2,"href":"https:\/\/www.hoymercedes.com.ar\/principal\/wp-json\/wp\/v2\/posts\/184570\/revisions"}],"predecessor-version":[{"id":184612,"href":"https:\/\/www.hoymercedes.com.ar\/principal\/wp-json\/wp\/v2\/posts\/184570\/revisions\/184612"}],"wp:featuredmedia":[{"embeddable":true,"href":"https:\/\/www.hoymercedes.com.ar\/principal\/wp-json\/wp\/v2\/media\/184571"}],"wp:attachment":[{"href":"https:\/\/www.hoymercedes.com.ar\/principal\/wp-json\/wp\/v2\/media?parent=184570"}],"wp:term":[{"taxonomy":"category","embeddable":true,"href":"https:\/\/www.hoymercedes.com.ar\/principal\/wp-json\/wp\/v2\/categories?post=184570"},{"taxonomy":"post_tag","embeddable":true,"href":"https:\/\/www.hoymercedes.com.ar\/principal\/wp-json\/wp\/v2\/tags?post=184570"}],"curies":[{"name":"wp","href":"https:\/\/api.w.org\/{rel}","templated":true}]}}