{"id":184573,"date":"2025-05-13T16:51:56","date_gmt":"2025-05-13T19:51:56","guid":{"rendered":"https:\/\/www.hoymercedes.com.ar\/principal\/?p=184573"},"modified":"2025-05-13T16:52:28","modified_gmt":"2025-05-13T19:52:28","slug":"federico-sirch-asume-como-nuevo-presidente-de-la-cem","status":"publish","type":"post","link":"https:\/\/www.hoymercedes.com.ar\/principal\/2025\/05\/13\/federico-sirch-asume-como-nuevo-presidente-de-la-cem\/","title":{"rendered":"Federico Sirch asume como nuevo presidente de la CEM"},"content":{"rendered":"\n<p>En la noche del lunes se desarroll\u00f3 la Asamblea General Ordinaria de socios de la C\u00e1mara Econ\u00f3mica Mercedina, en la que se aprob\u00f3 la memoria, el balance y la renovaci\u00f3n total de autoridades. Sin embargo, el tema principal fue la designaci\u00f3n de nuevas autoridades y comisi\u00f3n directiva.<\/p>\n\n\n<div class=\"wp-block-image\">\n<figure class=\"aligncenter size-large\"><img loading=\"lazy\" decoding=\"async\" width=\"1021\" height=\"1024\" data-attachment-id=\"184575\" data-permalink=\"https:\/\/www.hoymercedes.com.ar\/principal\/2025\/05\/13\/federico-sirch-asume-como-nuevo-presidente-de-la-cem\/img-20250513-wa0013\/#main\" data-orig-file=\"https:\/\/www.hoymercedes.com.ar\/principal\/wp-content\/uploads\/2025\/05\/IMG-20250513-WA0013.jpg\" data-orig-size=\"1200,1203\" data-comments-opened=\"0\" data-image-meta=\"{&quot;aperture&quot;:&quot;0&quot;,&quot;credit&quot;:&quot;&quot;,&quot;camera&quot;:&quot;&quot;,&quot;caption&quot;:&quot;&quot;,&quot;created_timestamp&quot;:&quot;0&quot;,&quot;copyright&quot;:&quot;&quot;,&quot;focal_length&quot;:&quot;0&quot;,&quot;iso&quot;:&quot;0&quot;,&quot;shutter_speed&quot;:&quot;0&quot;,&quot;title&quot;:&quot;&quot;,&quot;orientation&quot;:&quot;0&quot;}\" data-image-title=\"IMG-20250513-WA0013\" data-image-description=\"\" data-image-caption=\"\" data-large-file=\"https:\/\/www.hoymercedes.com.ar\/principal\/wp-content\/uploads\/2025\/05\/IMG-20250513-WA0013-1021x1024.jpg\" src=\"https:\/\/www.hoymercedes.com.ar\/principal\/wp-content\/uploads\/2025\/05\/IMG-20250513-WA0013-1021x1024.jpg\" alt=\"\" class=\"wp-image-184575\" srcset=\"https:\/\/www.hoymercedes.com.ar\/principal\/wp-content\/uploads\/2025\/05\/IMG-20250513-WA0013-1021x1024.jpg 1021w, https:\/\/www.hoymercedes.com.ar\/principal\/wp-content\/uploads\/2025\/05\/IMG-20250513-WA0013-618x620.jpg 618w, https:\/\/www.hoymercedes.com.ar\/principal\/wp-content\/uploads\/2025\/05\/IMG-20250513-WA0013-150x150.jpg 150w, https:\/\/www.hoymercedes.com.ar\/principal\/wp-content\/uploads\/2025\/05\/IMG-20250513-WA0013.jpg 1200w\" sizes=\"auto, (max-width: 1021px) 100vw, 1021px\" \/><\/figure>\n<\/div>\n\n\n<p>En la reuni\u00f3n se decidi\u00f3 que Federico Sirch fuese el nuevo presidente de la instituci\u00f3n, quien encabezar\u00e1 la Comisi\u00f3n Directiva por los pr\u00f3ximos dos a\u00f1os. El resto de los cargo se dar\u00e1n a conocer oficialmente en los pr\u00f3ximos d\u00edas. <\/p>\n\n\n\n<p>Sin embargo, la lista presentada bajo el nombre \u201cUnidad\u201d fue aprobada en el marco de una asamblea con buena participaci\u00f3n de socios, reflejando el respaldo a una propuesta que combina experiencia y renovaci\u00f3n dentro de la entidad que nuclea a comerciantes, empresarios y emprendedores de la ciudad.<\/p>\n\n\n\n<p>Sirch estar\u00e1 acompa\u00f1ado en el cuerpo directivo por un equipo que incluye a referentes de distintos sectores de la actividad econ\u00f3mica local. Entre los vocales titulares y suplentes se encuentran Pablo Perazzo, Lisandro Pin, Paula Arretche, Sergio Aladro, Ricardo Rodr\u00edguez, Natalia Facciolo, C\u00e9sar Sanmart\u00edn, Carlos Garanzini, Mario Dimaro, Hugo Pescio, Marcos Oliveira Moyano, \u00c1ngel Salvetti, Hern\u00e1n Ignacio Oxacelay, Andrea Perruolo, Mar\u00eda Celina Ponton, Sergio Badano, Mar\u00eda Florencia Pittaro y Nadia Peinado.<\/p>\n\n\n\n<figure class=\"wp-block-image size-large\"><img loading=\"lazy\" decoding=\"async\" width=\"1024\" height=\"596\" data-attachment-id=\"184576\" data-permalink=\"https:\/\/www.hoymercedes.com.ar\/principal\/2025\/05\/13\/federico-sirch-asume-como-nuevo-presidente-de-la-cem\/img-20250513-wa0014\/#main\" data-orig-file=\"https:\/\/www.hoymercedes.com.ar\/principal\/wp-content\/uploads\/2025\/05\/IMG-20250513-WA0014.jpg\" data-orig-size=\"1200,699\" data-comments-opened=\"0\" data-image-meta=\"{&quot;aperture&quot;:&quot;0&quot;,&quot;credit&quot;:&quot;&quot;,&quot;camera&quot;:&quot;&quot;,&quot;caption&quot;:&quot;&quot;,&quot;created_timestamp&quot;:&quot;0&quot;,&quot;copyright&quot;:&quot;&quot;,&quot;focal_length&quot;:&quot;0&quot;,&quot;iso&quot;:&quot;0&quot;,&quot;shutter_speed&quot;:&quot;0&quot;,&quot;title&quot;:&quot;&quot;,&quot;orientation&quot;:&quot;0&quot;}\" data-image-title=\"IMG-20250513-WA0014\" data-image-description=\"\" data-image-caption=\"\" data-large-file=\"https:\/\/www.hoymercedes.com.ar\/principal\/wp-content\/uploads\/2025\/05\/IMG-20250513-WA0014-1024x596.jpg\" src=\"https:\/\/www.hoymercedes.com.ar\/principal\/wp-content\/uploads\/2025\/05\/IMG-20250513-WA0014-1024x596.jpg\" alt=\"\" class=\"wp-image-184576\" srcset=\"https:\/\/www.hoymercedes.com.ar\/principal\/wp-content\/uploads\/2025\/05\/IMG-20250513-WA0014-1024x596.jpg 1024w, https:\/\/www.hoymercedes.com.ar\/principal\/wp-content\/uploads\/2025\/05\/IMG-20250513-WA0014-630x367.jpg 630w, https:\/\/www.hoymercedes.com.ar\/principal\/wp-content\/uploads\/2025\/05\/IMG-20250513-WA0014-150x87.jpg 150w, https:\/\/www.hoymercedes.com.ar\/principal\/wp-content\/uploads\/2025\/05\/IMG-20250513-WA0014.jpg 1200w\" sizes=\"auto, (max-width: 1024px) 100vw, 1024px\" \/><\/figure>\n\n\n\n<p>Durante la asamblea se valor\u00f3 el trabajo realizado en los \u00faltimos a\u00f1os y se destac\u00f3 la importancia de seguir fortaleciendo el v\u00ednculo con los distintos sectores que integran la c\u00e1mara: industria, comercio, servicios, turismo y emprendimientos.<\/p>\n\n\n\n<p>El flamante presidente Federico Sirch expres\u00f3 su compromiso con el desarrollo de nuevas herramientas de capacitaci\u00f3n, el fortalecimiento de los v\u00ednculos institucionales y la incorporaci\u00f3n de nuevas tecnolog\u00edas para acompa\u00f1ar a las empresas locales frente a los desaf\u00edos actuales.<\/p>\n\n\n\n<p>Fuente: Prensa CEM<\/p>\n","protected":false},"excerpt":{"rendered":"<p>En la noche del lunes se desarroll\u00f3 la Asamblea General Ordinaria de socios de la C\u00e1mara Econ\u00f3mica Mercedina, en la &#8230; <a title=\"Federico Sirch asume como nuevo presidente de la CEM\" class=\"read-more\" href=\"https:\/\/www.hoymercedes.com.ar\/principal\/2025\/05\/13\/federico-sirch-asume-como-nuevo-presidente-de-la-cem\/\" aria-label=\"Leer m\u00e1s sobre Federico Sirch asume como nuevo presidente de la CEM\">Leer m\u00e1s<\/a><\/p>\n","protected":false},"author":1,"featured_media":184575,"comment_status":"closed","ping_status":"open","sticky":false,"template":"","format":"standard","meta":{"_monsterinsights_skip_tracking":false,"_monsterinsights_sitenote_active":false,"_monsterinsights_sitenote_note":"","_monsterinsights_sitenote_category":0,"jetpack_post_was_ever_published":false,"_jetpack_newsletter_access":"","_jetpack_dont_email_post_to_subs":false,"_jetpack_newsletter_tier_id":0,"_jetpack_memberships_contains_paywalled_content":false,"_jetpack_memberships_contains_paid_content":false,"footnotes":"","jetpack_publicize_message":"","jetpack_publicize_feature_enabled":true,"jetpack_social_post_already_shared":true,"jetpack_social_options":{"image_generator_settings":{"template":"highway","default_image_id":0,"font":"","enabled":false},"version":2},"_wpas_customize_per_network":false},"categories":[8],"tags":[],"class_list":["post-184573","post","type-post","status-publish","format-standard","has-post-thumbnail","hentry","category-sociedad","generate-columns","tablet-grid-50","mobile-grid-100","grid-parent","grid-50"],"jetpack_publicize_connections":[],"jetpack_featured_media_url":"https:\/\/www.hoymercedes.com.ar\/principal\/wp-content\/uploads\/2025\/05\/IMG-20250513-WA0013.jpg","wps_subtitle":"","jetpack_sharing_enabled":true,"_links":{"self":[{"href":"https:\/\/www.hoymercedes.com.ar\/principal\/wp-json\/wp\/v2\/posts\/184573","targetHints":{"allow":["GET"]}}],"collection":[{"href":"https:\/\/www.hoymercedes.com.ar\/principal\/wp-json\/wp\/v2\/posts"}],"about":[{"href":"https:\/\/www.hoymercedes.com.ar\/principal\/wp-json\/wp\/v2\/types\/post"}],"author":[{"embeddable":true,"href":"https:\/\/www.hoymercedes.com.ar\/principal\/wp-json\/wp\/v2\/users\/1"}],"replies":[{"embeddable":true,"href":"https:\/\/www.hoymercedes.com.ar\/principal\/wp-json\/wp\/v2\/comments?post=184573"}],"version-history":[{"count":2,"href":"https:\/\/www.hoymercedes.com.ar\/principal\/wp-json\/wp\/v2\/posts\/184573\/revisions"}],"predecessor-version":[{"id":184577,"href":"https:\/\/www.hoymercedes.com.ar\/principal\/wp-json\/wp\/v2\/posts\/184573\/revisions\/184577"}],"wp:featuredmedia":[{"embeddable":true,"href":"https:\/\/www.hoymercedes.com.ar\/principal\/wp-json\/wp\/v2\/media\/184575"}],"wp:attachment":[{"href":"https:\/\/www.hoymercedes.com.ar\/principal\/wp-json\/wp\/v2\/media?parent=184573"}],"wp:term":[{"taxonomy":"category","embeddable":true,"href":"https:\/\/www.hoymercedes.com.ar\/principal\/wp-json\/wp\/v2\/categories?post=184573"},{"taxonomy":"post_tag","embeddable":true,"href":"https:\/\/www.hoymercedes.com.ar\/principal\/wp-json\/wp\/v2\/tags?post=184573"}],"curies":[{"name":"wp","href":"https:\/\/api.w.org\/{rel}","templated":true}]}}