{"id":184584,"date":"2025-05-14T20:23:43","date_gmt":"2025-05-14T23:23:43","guid":{"rendered":"https:\/\/www.hoymercedes.com.ar\/principal\/?p=184584"},"modified":"2025-05-14T20:23:44","modified_gmt":"2025-05-14T23:23:44","slug":"cayo-joven-por-robo-en-open-door-hallan-arsenal-y-actua-la-justicia-mercedina","status":"publish","type":"post","link":"https:\/\/www.hoymercedes.com.ar\/principal\/2025\/05\/14\/cayo-joven-por-robo-en-open-door-hallan-arsenal-y-actua-la-justicia-mercedina\/","title":{"rendered":"Cay\u00f3 Joven por Robo en Open Door: Hallan Arsenal y Act\u00faa la Justicia Mercedina"},"content":{"rendered":"\n<figure class=\"wp-block-image size-full is-resized\"><img loading=\"lazy\" decoding=\"async\" width=\"850\" height=\"587\" data-attachment-id=\"184585\" data-permalink=\"https:\/\/www.hoymercedes.com.ar\/principal\/2025\/05\/14\/cayo-joven-por-robo-en-open-door-hallan-arsenal-y-actua-la-justicia-mercedina\/attachment\/69782\/#main\" data-orig-file=\"https:\/\/www.hoymercedes.com.ar\/principal\/wp-content\/uploads\/2025\/05\/69782.jpg\" data-orig-size=\"850,587\" data-comments-opened=\"0\" data-image-meta=\"{&quot;aperture&quot;:&quot;0&quot;,&quot;credit&quot;:&quot;&quot;,&quot;camera&quot;:&quot;&quot;,&quot;caption&quot;:&quot;&quot;,&quot;created_timestamp&quot;:&quot;0&quot;,&quot;copyright&quot;:&quot;&quot;,&quot;focal_length&quot;:&quot;0&quot;,&quot;iso&quot;:&quot;0&quot;,&quot;shutter_speed&quot;:&quot;0&quot;,&quot;title&quot;:&quot;&quot;,&quot;orientation&quot;:&quot;0&quot;}\" data-image-title=\"Cay\u00f3 Joven por Robo en Open Door: Hallan Arsenal y Act\u00faa la Justicia Mercedina\" data-image-description=\"\" data-image-caption=\"\" data-large-file=\"https:\/\/www.hoymercedes.com.ar\/principal\/wp-content\/uploads\/2025\/05\/69782.jpg\" src=\"https:\/\/www.hoymercedes.com.ar\/principal\/wp-content\/uploads\/2025\/05\/69782.jpg\" alt=\"\" class=\"wp-image-184585\" style=\"width:960px;height:auto\" srcset=\"https:\/\/www.hoymercedes.com.ar\/principal\/wp-content\/uploads\/2025\/05\/69782.jpg 850w, https:\/\/www.hoymercedes.com.ar\/principal\/wp-content\/uploads\/2025\/05\/69782-630x435.jpg 630w, https:\/\/www.hoymercedes.com.ar\/principal\/wp-content\/uploads\/2025\/05\/69782-150x104.jpg 150w\" sizes=\"auto, (max-width: 850px) 100vw, 850px\" \/><\/figure>\n\n\n\n<p>Un joven de 21 a\u00f1os fue aprehendido en Capilla del Se\u00f1or por un robo agravado en una vivienda rural de Open Door en noviembre pasado. Un allanamiento en su domicilio, ordenado por la justicia de Mercedes, revel\u00f3 un importante arsenal, municiones y pertenencias de la v\u00edctima.<\/p>\n\n\n\n<p>El hombre fue detenido por la DDI Luj\u00e1n, secuestr\u00e1ndose diversas armas de fuego de guerra, municiones de varios calibres, celulares y los auriculares robados. <\/p>\n\n\n\n<p>La investigaci\u00f3n, a cargo de la Fiscal\u00eda N\u00b0 10 de Mercedes, le imput\u00f3 \u00abEncubrimiento\u00bb, mientras que la Fiscal\u00eda de Exaltaci\u00f3n de la Cruz lo acusa de \u00abTenencia ilegal de armas de fuego de guerra\u00bb. <\/p>\n\n\n\n<p>Se investiga su posible participaci\u00f3n en otros robos en la zona. El joven fue trasladado para declarar en sede judicial mercedina.<\/p>\n","protected":false},"excerpt":{"rendered":"<p>Un joven de 21 a\u00f1os fue aprehendido en Capilla del Se\u00f1or por un robo agravado en una vivienda rural de &#8230; <a title=\"Cay\u00f3 Joven por Robo en Open Door: Hallan Arsenal y Act\u00faa la Justicia Mercedina\" class=\"read-more\" href=\"https:\/\/www.hoymercedes.com.ar\/principal\/2025\/05\/14\/cayo-joven-por-robo-en-open-door-hallan-arsenal-y-actua-la-justicia-mercedina\/\" aria-label=\"Leer m\u00e1s sobre Cay\u00f3 Joven por Robo en Open Door: Hallan Arsenal y Act\u00faa la Justicia Mercedina\">Leer m\u00e1s<\/a><\/p>\n","protected":false},"author":1,"featured_media":184585,"comment_status":"closed","ping_status":"open","sticky":false,"template":"","format":"standard","meta":{"_monsterinsights_skip_tracking":false,"_monsterinsights_sitenote_active":false,"_monsterinsights_sitenote_note":"","_monsterinsights_sitenote_category":0,"jetpack_post_was_ever_published":false,"_jetpack_newsletter_access":"","_jetpack_dont_email_post_to_subs":false,"_jetpack_newsletter_tier_id":0,"_jetpack_memberships_contains_paywalled_content":false,"_jetpack_memberships_contains_paid_content":false,"footnotes":"","jetpack_publicize_message":"","jetpack_publicize_feature_enabled":true,"jetpack_social_post_already_shared":true,"jetpack_social_options":{"image_generator_settings":{"template":"highway","default_image_id":0,"font":"","enabled":false},"version":2},"_wpas_customize_per_network":false},"categories":[85],"tags":[20429,86],"class_list":["post-184584","post","type-post","status-publish","format-standard","has-post-thumbnail","hentry","category-policial","tag-detenido-por-justicia-mercedina","tag-lujan","generate-columns","tablet-grid-50","mobile-grid-100","grid-parent","grid-50"],"jetpack_publicize_connections":[],"jetpack_featured_media_url":"https:\/\/www.hoymercedes.com.ar\/principal\/wp-content\/uploads\/2025\/05\/69782.jpg","wps_subtitle":"","jetpack_sharing_enabled":true,"_links":{"self":[{"href":"https:\/\/www.hoymercedes.com.ar\/principal\/wp-json\/wp\/v2\/posts\/184584","targetHints":{"allow":["GET"]}}],"collection":[{"href":"https:\/\/www.hoymercedes.com.ar\/principal\/wp-json\/wp\/v2\/posts"}],"about":[{"href":"https:\/\/www.hoymercedes.com.ar\/principal\/wp-json\/wp\/v2\/types\/post"}],"author":[{"embeddable":true,"href":"https:\/\/www.hoymercedes.com.ar\/principal\/wp-json\/wp\/v2\/users\/1"}],"replies":[{"embeddable":true,"href":"https:\/\/www.hoymercedes.com.ar\/principal\/wp-json\/wp\/v2\/comments?post=184584"}],"version-history":[{"count":1,"href":"https:\/\/www.hoymercedes.com.ar\/principal\/wp-json\/wp\/v2\/posts\/184584\/revisions"}],"predecessor-version":[{"id":184586,"href":"https:\/\/www.hoymercedes.com.ar\/principal\/wp-json\/wp\/v2\/posts\/184584\/revisions\/184586"}],"wp:featuredmedia":[{"embeddable":true,"href":"https:\/\/www.hoymercedes.com.ar\/principal\/wp-json\/wp\/v2\/media\/184585"}],"wp:attachment":[{"href":"https:\/\/www.hoymercedes.com.ar\/principal\/wp-json\/wp\/v2\/media?parent=184584"}],"wp:term":[{"taxonomy":"category","embeddable":true,"href":"https:\/\/www.hoymercedes.com.ar\/principal\/wp-json\/wp\/v2\/categories?post=184584"},{"taxonomy":"post_tag","embeddable":true,"href":"https:\/\/www.hoymercedes.com.ar\/principal\/wp-json\/wp\/v2\/tags?post=184584"}],"curies":[{"name":"wp","href":"https:\/\/api.w.org\/{rel}","templated":true}]}}