{"id":184625,"date":"2025-05-15T19:14:32","date_gmt":"2025-05-15T22:14:32","guid":{"rendered":"https:\/\/www.hoymercedes.com.ar\/principal\/?p=184625"},"modified":"2025-05-15T19:18:31","modified_gmt":"2025-05-15T22:18:31","slug":"184625","status":"publish","type":"post","link":"https:\/\/www.hoymercedes.com.ar\/principal\/2025\/05\/15\/184625\/","title":{"rendered":"Cae pr\u00f3fuga acusada de venta de drogas con  investigaci\u00f3n de la Delegaci\u00f3n Mercedes en Jos\u00e9 C. Paz"},"content":{"rendered":"\n<p>Tras una intensa investigaci\u00f3n que involucr\u00f3 a la <strong>Delegaci\u00f3n de Drogas Il\u00edcitas Mercedes<\/strong> y la Subsecretar\u00eda de Seguridad de Luj\u00e1n, fue detenida una mujer de 29, pr\u00f3fuga acusada de sembrar el caos con la venta de drogas en barrios lujanenses. El operativo fue en el barrio Favaloro de Jos\u00e9 C. Paz.<\/p>\n\n\n\n<p>La detenci\u00f3n, ocurrida en la madrugada del lunes, fue el resultado de un seguimiento encubierto que culmin\u00f3 cuando la mujer solicit\u00f3 un veh\u00edculo mediante una aplicaci\u00f3n. Al ser interceptada, la mujer intent\u00f3 una desesperada fuga, arroj\u00e1ndose de un autom\u00f3vil en movimiento y sufriendo heridas.<\/p>\n\n\n\n<p>La femenina era buscada desde mayo de 2024 y est\u00e1 sindicada como responsable de m\u00faltiples hechos violentos en Luj\u00e1n, incluyendo disparos contra viviendas e incluso se investiga su posible vinculaci\u00f3n con el ataque a un polic\u00eda federal.<\/p>\n\n\n\n<p>La investigaci\u00f3n que condujo a su captura se bas\u00f3 en el trabajo previo de la Delegaci\u00f3n Mercedes, que en mayo del a\u00f1o pasado hab\u00eda allanado un domicilio donde operaba la mencionada junto a un c\u00f3mplice, quien s\u00ed fue detenido en ese momento. En aquel operativo se secuestraron pruebas cruciales que permitieron sostener la orden de detenci\u00f3n contra la ahora aprehendida, emitida por la justicia de Mercedes.<\/p>\n\n\n\n<p>Las autoridades conf\u00edan en que la detenci\u00f3n  permitir\u00e1 esclarecer los recientes actos de violencia ligados al narcomenudeo en Luj\u00e1n y avanzar en la desarticulaci\u00f3n de su red.<\/p>\n","protected":false},"excerpt":{"rendered":"<p>Tras una intensa investigaci\u00f3n que involucr\u00f3 a la Delegaci\u00f3n de Drogas Il\u00edcitas Mercedes y la Subsecretar\u00eda de Seguridad de Luj\u00e1n, &#8230; <a title=\"Cae pr\u00f3fuga acusada de venta de drogas con  investigaci\u00f3n de la Delegaci\u00f3n Mercedes en Jos\u00e9 C. Paz\" class=\"read-more\" href=\"https:\/\/www.hoymercedes.com.ar\/principal\/2025\/05\/15\/184625\/\" aria-label=\"Leer m\u00e1s sobre Cae pr\u00f3fuga acusada de venta de drogas con  investigaci\u00f3n de la Delegaci\u00f3n Mercedes en Jos\u00e9 C. Paz\">Leer m\u00e1s<\/a><\/p>\n","protected":false},"author":1,"featured_media":184626,"comment_status":"closed","ping_status":"open","sticky":false,"template":"","format":"standard","meta":{"_monsterinsights_skip_tracking":false,"_monsterinsights_sitenote_active":false,"_monsterinsights_sitenote_note":"","_monsterinsights_sitenote_category":0,"jetpack_post_was_ever_published":false,"_jetpack_newsletter_access":"","_jetpack_dont_email_post_to_subs":false,"_jetpack_newsletter_tier_id":0,"_jetpack_memberships_contains_paywalled_content":false,"_jetpack_memberships_contains_paid_content":false,"footnotes":"","jetpack_publicize_message":"","jetpack_publicize_feature_enabled":true,"jetpack_social_post_already_shared":true,"jetpack_social_options":{"image_generator_settings":{"template":"highway","default_image_id":0,"font":"","enabled":false},"version":2},"_wpas_customize_per_network":false},"categories":[8],"tags":[],"class_list":["post-184625","post","type-post","status-publish","format-standard","has-post-thumbnail","hentry","category-sociedad","generate-columns","tablet-grid-50","mobile-grid-100","grid-parent","grid-50"],"jetpack_publicize_connections":[],"jetpack_featured_media_url":"https:\/\/www.hoymercedes.com.ar\/principal\/wp-content\/uploads\/2025\/05\/Dorgas-Ilicitas-Lujan-Mercedes.jpg","wps_subtitle":"","jetpack_sharing_enabled":true,"_links":{"self":[{"href":"https:\/\/www.hoymercedes.com.ar\/principal\/wp-json\/wp\/v2\/posts\/184625","targetHints":{"allow":["GET"]}}],"collection":[{"href":"https:\/\/www.hoymercedes.com.ar\/principal\/wp-json\/wp\/v2\/posts"}],"about":[{"href":"https:\/\/www.hoymercedes.com.ar\/principal\/wp-json\/wp\/v2\/types\/post"}],"author":[{"embeddable":true,"href":"https:\/\/www.hoymercedes.com.ar\/principal\/wp-json\/wp\/v2\/users\/1"}],"replies":[{"embeddable":true,"href":"https:\/\/www.hoymercedes.com.ar\/principal\/wp-json\/wp\/v2\/comments?post=184625"}],"version-history":[{"count":2,"href":"https:\/\/www.hoymercedes.com.ar\/principal\/wp-json\/wp\/v2\/posts\/184625\/revisions"}],"predecessor-version":[{"id":184629,"href":"https:\/\/www.hoymercedes.com.ar\/principal\/wp-json\/wp\/v2\/posts\/184625\/revisions\/184629"}],"wp:featuredmedia":[{"embeddable":true,"href":"https:\/\/www.hoymercedes.com.ar\/principal\/wp-json\/wp\/v2\/media\/184626"}],"wp:attachment":[{"href":"https:\/\/www.hoymercedes.com.ar\/principal\/wp-json\/wp\/v2\/media?parent=184625"}],"wp:term":[{"taxonomy":"category","embeddable":true,"href":"https:\/\/www.hoymercedes.com.ar\/principal\/wp-json\/wp\/v2\/categories?post=184625"},{"taxonomy":"post_tag","embeddable":true,"href":"https:\/\/www.hoymercedes.com.ar\/principal\/wp-json\/wp\/v2\/tags?post=184625"}],"curies":[{"name":"wp","href":"https:\/\/api.w.org\/{rel}","templated":true}]}}