{"id":184630,"date":"2025-05-15T21:14:51","date_gmt":"2025-05-16T00:14:51","guid":{"rendered":"https:\/\/www.hoymercedes.com.ar\/principal\/?p=184630"},"modified":"2025-05-15T21:14:53","modified_gmt":"2025-05-16T00:14:53","slug":"el-dubarry-sigue-sumando-acciones-para-el-cuidado-de-la-salud","status":"publish","type":"post","link":"https:\/\/www.hoymercedes.com.ar\/principal\/2025\/05\/15\/el-dubarry-sigue-sumando-acciones-para-el-cuidado-de-la-salud\/","title":{"rendered":"El Dubarry sigue sumando acciones para el cuidado de la salud"},"content":{"rendered":"\n<figure class=\"wp-block-image size-large\"><img loading=\"lazy\" decoding=\"async\" width=\"1024\" height=\"1024\" data-attachment-id=\"184631\" data-permalink=\"https:\/\/www.hoymercedes.com.ar\/principal\/2025\/05\/15\/el-dubarry-sigue-sumando-acciones-para-el-cuidado-de-la-salud\/comite-infectologia\/#main\" data-orig-file=\"https:\/\/www.hoymercedes.com.ar\/principal\/wp-content\/uploads\/2025\/05\/Comite-Infectologia.jpg\" data-orig-size=\"2048,2048\" data-comments-opened=\"0\" data-image-meta=\"{&quot;aperture&quot;:&quot;0&quot;,&quot;credit&quot;:&quot;&quot;,&quot;camera&quot;:&quot;&quot;,&quot;caption&quot;:&quot;&quot;,&quot;created_timestamp&quot;:&quot;0&quot;,&quot;copyright&quot;:&quot;&quot;,&quot;focal_length&quot;:&quot;0&quot;,&quot;iso&quot;:&quot;0&quot;,&quot;shutter_speed&quot;:&quot;0&quot;,&quot;title&quot;:&quot;&quot;,&quot;orientation&quot;:&quot;0&quot;}\" data-image-title=\"Comite-Infectologia\" data-image-description=\"&lt;p&gt;El Dubarry sigue sumando acciones para el cuidado de la salud&lt;\/p&gt;\n\" data-image-caption=\"&lt;p&gt;El Dubarry sigue sumando acciones para el cuidado de la salud&lt;\/p&gt;\n\" data-large-file=\"https:\/\/www.hoymercedes.com.ar\/principal\/wp-content\/uploads\/2025\/05\/Comite-Infectologia-1024x1024.jpg\" src=\"https:\/\/www.hoymercedes.com.ar\/principal\/wp-content\/uploads\/2025\/05\/Comite-Infectologia-1024x1024.jpg\" alt=\"El Dubarry sigue sumando acciones para el cuidado de la salud\" class=\"wp-image-184631\" srcset=\"https:\/\/www.hoymercedes.com.ar\/principal\/wp-content\/uploads\/2025\/05\/Comite-Infectologia-1024x1024.jpg 1024w, https:\/\/www.hoymercedes.com.ar\/principal\/wp-content\/uploads\/2025\/05\/Comite-Infectologia-620x620.jpg 620w, https:\/\/www.hoymercedes.com.ar\/principal\/wp-content\/uploads\/2025\/05\/Comite-Infectologia-150x150.jpg 150w, https:\/\/www.hoymercedes.com.ar\/principal\/wp-content\/uploads\/2025\/05\/Comite-Infectologia-1536x1536.jpg 1536w, https:\/\/www.hoymercedes.com.ar\/principal\/wp-content\/uploads\/2025\/05\/Comite-Infectologia.jpg 2048w\" sizes=\"auto, (max-width: 1024px) 100vw, 1024px\" \/><\/figure>\n\n\n\n<p>El hospital de nuestra ciudad es un espacio que cuida la salud de los mercedinos. Ha desarrollado m\u00faltiples disciplinas cient\u00edficas y acad\u00e9micas como en este caso, donde anunciaron que cre\u00f3 el \u201cComit\u00e9 de Infectolog\u00eda\u201d, presidido por el Dr. Nicol\u00e1s Badano.<\/p>\n\n\n\n<p>La acci\u00f3n es sumamente importante dado que las instituciones de salud no s\u00f3lo act\u00faan curaciones, sino tambi\u00e9n en prevenci\u00f3n, formaci\u00f3n e intercambios acad\u00e9micos muy enriquecedores para toda la comunidad.<\/p>\n\n\n\n<p>El comit\u00e9 tiene al mencionado Dr. Badano, infect\u00f3logo referente del Hospital y el Dr Zunino Sebasti\u00e1n, Jefe del servicio de virolog\u00eda, entre otros.<\/p>\n\n\n\n<figure class=\"wp-block-image size-large\"><img loading=\"lazy\" decoding=\"async\" width=\"1024\" height=\"1024\" data-attachment-id=\"184632\" data-permalink=\"https:\/\/www.hoymercedes.com.ar\/principal\/2025\/05\/15\/el-dubarry-sigue-sumando-acciones-para-el-cuidado-de-la-salud\/comite-infectologia-2\/#main\" data-orig-file=\"https:\/\/www.hoymercedes.com.ar\/principal\/wp-content\/uploads\/2025\/05\/Comite-Infectologia.2.jpg\" data-orig-size=\"2048,2048\" data-comments-opened=\"0\" data-image-meta=\"{&quot;aperture&quot;:&quot;0&quot;,&quot;credit&quot;:&quot;&quot;,&quot;camera&quot;:&quot;&quot;,&quot;caption&quot;:&quot;&quot;,&quot;created_timestamp&quot;:&quot;0&quot;,&quot;copyright&quot;:&quot;&quot;,&quot;focal_length&quot;:&quot;0&quot;,&quot;iso&quot;:&quot;0&quot;,&quot;shutter_speed&quot;:&quot;0&quot;,&quot;title&quot;:&quot;&quot;,&quot;orientation&quot;:&quot;0&quot;}\" data-image-title=\"Comite-Infectologia.2\" data-image-description=\"\" data-image-caption=\"\" data-large-file=\"https:\/\/www.hoymercedes.com.ar\/principal\/wp-content\/uploads\/2025\/05\/Comite-Infectologia.2-1024x1024.jpg\" src=\"https:\/\/www.hoymercedes.com.ar\/principal\/wp-content\/uploads\/2025\/05\/Comite-Infectologia.2-1024x1024.jpg\" alt=\"\" class=\"wp-image-184632\" srcset=\"https:\/\/www.hoymercedes.com.ar\/principal\/wp-content\/uploads\/2025\/05\/Comite-Infectologia.2-1024x1024.jpg 1024w, https:\/\/www.hoymercedes.com.ar\/principal\/wp-content\/uploads\/2025\/05\/Comite-Infectologia.2-620x620.jpg 620w, https:\/\/www.hoymercedes.com.ar\/principal\/wp-content\/uploads\/2025\/05\/Comite-Infectologia.2-150x150.jpg 150w, https:\/\/www.hoymercedes.com.ar\/principal\/wp-content\/uploads\/2025\/05\/Comite-Infectologia.2-1536x1536.jpg 1536w, https:\/\/www.hoymercedes.com.ar\/principal\/wp-content\/uploads\/2025\/05\/Comite-Infectologia.2.jpg 2048w\" sizes=\"auto, (max-width: 1024px) 100vw, 1024px\" \/><\/figure>\n\n\n\n<p>El comit\u00e9 de Calidad e Higiene y comit\u00e9 de Bio\u00e9tica<\/p>\n\n\n\n<p>La conformaci\u00f3n de dichos comit\u00e9s, forman parte del proceso de transformaci\u00f3n del <a href=\"https:\/\/www.facebook.com\/hospitaldubarry?__cft__%5b0%5d=AZUSmEgFjAuCqD74AoxBs2yLamnoB88tkh2No6S0dzSwvIDKyme-0Zc7YCThL45OW8YmW_YGC3AkggkcwUiH054dWywYdkdWBZrDF_auCVkdZtdvuTdw6KzdrUZzoqSChhlPUQ5EGAZczLjGPo0g4uM1Le-FHkTRFoBXQIN3UA_pJjtGzYxNGZp5CYHUz6w8svj3oeQVFK9vlBrO0csUmG6MReLpA7irbFAguHvw9uSH6w&amp;__tn__=-%5dK-R\" target=\"_blank\" rel=\"noopener\">Hospital Blas Dubarry<\/a> como Hospital Escuela.<\/p>\n","protected":false},"excerpt":{"rendered":"<p>El hospital de nuestra ciudad es un espacio que cuida la salud de los mercedinos. Ha desarrollado m\u00faltiples disciplinas cient\u00edficas &#8230; <a title=\"El Dubarry sigue sumando acciones para el cuidado de la salud\" class=\"read-more\" href=\"https:\/\/www.hoymercedes.com.ar\/principal\/2025\/05\/15\/el-dubarry-sigue-sumando-acciones-para-el-cuidado-de-la-salud\/\" aria-label=\"Leer m\u00e1s sobre El Dubarry sigue sumando acciones para el cuidado de la salud\">Leer m\u00e1s<\/a><\/p>\n","protected":false},"author":1,"featured_media":184631,"comment_status":"closed","ping_status":"open","sticky":false,"template":"","format":"standard","meta":{"_monsterinsights_skip_tracking":false,"_monsterinsights_sitenote_active":false,"_monsterinsights_sitenote_note":"","_monsterinsights_sitenote_category":0,"jetpack_post_was_ever_published":false,"_jetpack_newsletter_access":"","_jetpack_dont_email_post_to_subs":false,"_jetpack_newsletter_tier_id":0,"_jetpack_memberships_contains_paywalled_content":false,"_jetpack_memberships_contains_paid_content":false,"footnotes":"","jetpack_publicize_message":"","jetpack_publicize_feature_enabled":true,"jetpack_social_post_already_shared":true,"jetpack_social_options":{"image_generator_settings":{"template":"highway","default_image_id":0,"font":"","enabled":false},"version":2},"_wpas_customize_per_network":false},"categories":[8],"tags":[20434,20433,220,140],"class_list":["post-184630","post","type-post","status-publish","format-standard","has-post-thumbnail","hentry","category-sociedad","tag-bio-etica","tag-comite-de-infectologia","tag-dubarry","tag-hospital-dubarry","generate-columns","tablet-grid-50","mobile-grid-100","grid-parent","grid-50"],"jetpack_publicize_connections":[],"jetpack_featured_media_url":"https:\/\/www.hoymercedes.com.ar\/principal\/wp-content\/uploads\/2025\/05\/Comite-Infectologia.jpg","wps_subtitle":"","jetpack_sharing_enabled":true,"_links":{"self":[{"href":"https:\/\/www.hoymercedes.com.ar\/principal\/wp-json\/wp\/v2\/posts\/184630","targetHints":{"allow":["GET"]}}],"collection":[{"href":"https:\/\/www.hoymercedes.com.ar\/principal\/wp-json\/wp\/v2\/posts"}],"about":[{"href":"https:\/\/www.hoymercedes.com.ar\/principal\/wp-json\/wp\/v2\/types\/post"}],"author":[{"embeddable":true,"href":"https:\/\/www.hoymercedes.com.ar\/principal\/wp-json\/wp\/v2\/users\/1"}],"replies":[{"embeddable":true,"href":"https:\/\/www.hoymercedes.com.ar\/principal\/wp-json\/wp\/v2\/comments?post=184630"}],"version-history":[{"count":1,"href":"https:\/\/www.hoymercedes.com.ar\/principal\/wp-json\/wp\/v2\/posts\/184630\/revisions"}],"predecessor-version":[{"id":184633,"href":"https:\/\/www.hoymercedes.com.ar\/principal\/wp-json\/wp\/v2\/posts\/184630\/revisions\/184633"}],"wp:featuredmedia":[{"embeddable":true,"href":"https:\/\/www.hoymercedes.com.ar\/principal\/wp-json\/wp\/v2\/media\/184631"}],"wp:attachment":[{"href":"https:\/\/www.hoymercedes.com.ar\/principal\/wp-json\/wp\/v2\/media?parent=184630"}],"wp:term":[{"taxonomy":"category","embeddable":true,"href":"https:\/\/www.hoymercedes.com.ar\/principal\/wp-json\/wp\/v2\/categories?post=184630"},{"taxonomy":"post_tag","embeddable":true,"href":"https:\/\/www.hoymercedes.com.ar\/principal\/wp-json\/wp\/v2\/tags?post=184630"}],"curies":[{"name":"wp","href":"https:\/\/api.w.org\/{rel}","templated":true}]}}