{"id":184634,"date":"2025-05-15T21:23:08","date_gmt":"2025-05-16T00:23:08","guid":{"rendered":"https:\/\/www.hoymercedes.com.ar\/principal\/?p=184634"},"modified":"2025-05-15T21:23:10","modified_gmt":"2025-05-16T00:23:10","slug":"ajb-lanza-campana-solidaria-permanente","status":"publish","type":"post","link":"https:\/\/www.hoymercedes.com.ar\/principal\/2025\/05\/15\/ajb-lanza-campana-solidaria-permanente\/","title":{"rendered":"AJB lanza campa\u00f1a solidaria permanente"},"content":{"rendered":"\n<figure class=\"wp-block-image size-large\"><img loading=\"lazy\" decoding=\"async\" width=\"1024\" height=\"754\" data-attachment-id=\"184635\" data-permalink=\"https:\/\/www.hoymercedes.com.ar\/principal\/2025\/05\/15\/ajb-lanza-campana-solidaria-permanente\/ajb-abrigo\/#main\" data-orig-file=\"https:\/\/www.hoymercedes.com.ar\/principal\/wp-content\/uploads\/2025\/05\/AJB-Abrigo.jpg\" data-orig-size=\"1440,1061\" data-comments-opened=\"0\" data-image-meta=\"{&quot;aperture&quot;:&quot;0&quot;,&quot;credit&quot;:&quot;&quot;,&quot;camera&quot;:&quot;&quot;,&quot;caption&quot;:&quot;&quot;,&quot;created_timestamp&quot;:&quot;0&quot;,&quot;copyright&quot;:&quot;&quot;,&quot;focal_length&quot;:&quot;0&quot;,&quot;iso&quot;:&quot;0&quot;,&quot;shutter_speed&quot;:&quot;0&quot;,&quot;title&quot;:&quot;&quot;,&quot;orientation&quot;:&quot;0&quot;}\" data-image-title=\"AJB Mercedes lanza campa\u00f1a solidaria permanente para ayudar a quienes m\u00e1s lo necesitan\" data-image-description=\"&lt;p&gt;AJB Mercedes lanza campa\u00f1a solidaria permanente para ayudar a quienes m\u00e1s lo necesitan&lt;\/p&gt;\n\" data-image-caption=\"&lt;p&gt;AJB Mercedes lanza campa\u00f1a solidaria permanente para ayudar a quienes m\u00e1s lo necesitan&lt;\/p&gt;\n\" data-large-file=\"https:\/\/www.hoymercedes.com.ar\/principal\/wp-content\/uploads\/2025\/05\/AJB-Abrigo-1024x754.jpg\" src=\"https:\/\/www.hoymercedes.com.ar\/principal\/wp-content\/uploads\/2025\/05\/AJB-Abrigo-1024x754.jpg\" alt=\"\" class=\"wp-image-184635\" srcset=\"https:\/\/www.hoymercedes.com.ar\/principal\/wp-content\/uploads\/2025\/05\/AJB-Abrigo-1024x754.jpg 1024w, https:\/\/www.hoymercedes.com.ar\/principal\/wp-content\/uploads\/2025\/05\/AJB-Abrigo-630x464.jpg 630w, https:\/\/www.hoymercedes.com.ar\/principal\/wp-content\/uploads\/2025\/05\/AJB-Abrigo-150x111.jpg 150w, https:\/\/www.hoymercedes.com.ar\/principal\/wp-content\/uploads\/2025\/05\/AJB-Abrigo.jpg 1440w\" sizes=\"auto, (max-width: 1024px) 100vw, 1024px\" \/><\/figure>\n\n\n\n<p>La Asociaci\u00f3n Judicial Bonaerense (AJB) de Mercedes ha puesto en marcha una campa\u00f1a solidaria permanente con el objetivo de recolectar ropa de abrigo, mantas, calzado y ropa de cama en buen estado para personas en situaci\u00f3n de vulnerabilidad.<\/p>\n\n\n\n<p>Los interesados en colaborar pueden acercar sus donaciones a la sede gremial, ubicada en Calle 22 N\u00ba 784, de lunes a viernes entre las 8 y las 14 horas.<\/p>\n\n\n\n<p>Adem\u00e1s, la campa\u00f1a tambi\u00e9n recibir\u00e1 leche en polvo y guardapolvos, los cuales ser\u00e1n destinados a escuelas del norte del pa\u00eds.<\/p>\n\n\n\n<p>Todo lo recaudado ser\u00e1 distribuido en merenderos, comedores comunitarios y establecimientos educativos de zonas vulnerables. Desde la AJB Mercedes invitan a la comunidad a sumarse a esta iniciativa solidaria, recordando que \u00abayudar siempre abriga\u00bb.<\/p>\n","protected":false},"excerpt":{"rendered":"<p>La Asociaci\u00f3n Judicial Bonaerense (AJB) de Mercedes ha puesto en marcha una campa\u00f1a solidaria permanente con el objetivo de recolectar &#8230; <a title=\"AJB lanza campa\u00f1a solidaria permanente\" class=\"read-more\" href=\"https:\/\/www.hoymercedes.com.ar\/principal\/2025\/05\/15\/ajb-lanza-campana-solidaria-permanente\/\" aria-label=\"Leer m\u00e1s sobre AJB lanza campa\u00f1a solidaria permanente\">Leer m\u00e1s<\/a><\/p>\n","protected":false},"author":1,"featured_media":184635,"comment_status":"closed","ping_status":"open","sticky":false,"template":"","format":"standard","meta":{"_monsterinsights_skip_tracking":false,"_monsterinsights_sitenote_active":false,"_monsterinsights_sitenote_note":"","_monsterinsights_sitenote_category":0,"jetpack_post_was_ever_published":false,"_jetpack_newsletter_access":"","_jetpack_dont_email_post_to_subs":false,"_jetpack_newsletter_tier_id":0,"_jetpack_memberships_contains_paywalled_content":false,"_jetpack_memberships_contains_paid_content":false,"footnotes":"","jetpack_publicize_message":"","jetpack_publicize_feature_enabled":true,"jetpack_social_post_already_shared":true,"jetpack_social_options":{"image_generator_settings":{"template":"highway","default_image_id":0,"font":"","enabled":false},"version":2},"_wpas_customize_per_network":false},"categories":[8],"tags":[292,2675,20435],"class_list":["post-184634","post","type-post","status-publish","format-standard","has-post-thumbnail","hentry","category-sociedad","tag-ajb-mercedes","tag-asociacion-judicial-bonaerense","tag-campana-ajb-mercedes","generate-columns","tablet-grid-50","mobile-grid-100","grid-parent","grid-50"],"jetpack_publicize_connections":[],"jetpack_featured_media_url":"https:\/\/www.hoymercedes.com.ar\/principal\/wp-content\/uploads\/2025\/05\/AJB-Abrigo.jpg","wps_subtitle":"","jetpack_sharing_enabled":true,"_links":{"self":[{"href":"https:\/\/www.hoymercedes.com.ar\/principal\/wp-json\/wp\/v2\/posts\/184634","targetHints":{"allow":["GET"]}}],"collection":[{"href":"https:\/\/www.hoymercedes.com.ar\/principal\/wp-json\/wp\/v2\/posts"}],"about":[{"href":"https:\/\/www.hoymercedes.com.ar\/principal\/wp-json\/wp\/v2\/types\/post"}],"author":[{"embeddable":true,"href":"https:\/\/www.hoymercedes.com.ar\/principal\/wp-json\/wp\/v2\/users\/1"}],"replies":[{"embeddable":true,"href":"https:\/\/www.hoymercedes.com.ar\/principal\/wp-json\/wp\/v2\/comments?post=184634"}],"version-history":[{"count":1,"href":"https:\/\/www.hoymercedes.com.ar\/principal\/wp-json\/wp\/v2\/posts\/184634\/revisions"}],"predecessor-version":[{"id":184636,"href":"https:\/\/www.hoymercedes.com.ar\/principal\/wp-json\/wp\/v2\/posts\/184634\/revisions\/184636"}],"wp:featuredmedia":[{"embeddable":true,"href":"https:\/\/www.hoymercedes.com.ar\/principal\/wp-json\/wp\/v2\/media\/184635"}],"wp:attachment":[{"href":"https:\/\/www.hoymercedes.com.ar\/principal\/wp-json\/wp\/v2\/media?parent=184634"}],"wp:term":[{"taxonomy":"category","embeddable":true,"href":"https:\/\/www.hoymercedes.com.ar\/principal\/wp-json\/wp\/v2\/categories?post=184634"},{"taxonomy":"post_tag","embeddable":true,"href":"https:\/\/www.hoymercedes.com.ar\/principal\/wp-json\/wp\/v2\/tags?post=184634"}],"curies":[{"name":"wp","href":"https:\/\/api.w.org\/{rel}","templated":true}]}}