{"id":184647,"date":"2025-05-17T00:05:26","date_gmt":"2025-05-17T03:05:26","guid":{"rendered":"https:\/\/www.hoymercedes.com.ar\/principal\/?p=184647"},"modified":"2025-05-17T00:05:29","modified_gmt":"2025-05-17T03:05:29","slug":"alerta-roja-en-la-provincia-por-el-fenomeno-climatico","status":"publish","type":"post","link":"https:\/\/www.hoymercedes.com.ar\/principal\/2025\/05\/17\/alerta-roja-en-la-provincia-por-el-fenomeno-climatico\/","title":{"rendered":"Alerta Roja en la Provincia por el fen\u00f3meno clim\u00e1tico"},"content":{"rendered":"\n<p>El fen\u00f3meno clim\u00e1tico ha generado un enorme da\u00f1o en gran cantidad de localidades: Z\u00e1rate, Esteban de Etcheverria, Campana entre las m\u00e1s afectadas. Carmen de Areco con 270mm. Mercedes sigue teniendo el comit\u00e9 de emergencia en alerta las 24hs.<\/p>\n\n\n\n<p>La situaci\u00f3n lleg\u00f3 a que haya varias rutas cortadas, entre ellas:<\/p>\n\n\n\n<p>La Ruta 41, Villa L\u00eda a San Antonio de Areco<\/p>\n\n\n\n<p>La Ruta 51, entre Arrecifes y Carmen de Areco<\/p>\n\n\n\n<p>La Ruta 191, entre Arrecifes y Salto<\/p>\n\n\n\n<p>La Ruta 31, entre Salto y Rojas<\/p>\n\n\n\n<p>Para lo que resta de este viernes y hasta las 6am del s\u00e1bado el alerta rojo contin\u00faa vigente.<\/p>\n\n\n\n<div class=\"alertas-comparativas-container\">\n  <h2 class=\"alertas-comparativas-title\">Comparaci\u00f3n: Alerta Amarilla vs. Alerta Roja en Argentina<\/h2>\n  <p class=\"alertas-comparativas-desc\">Basado en el Sistema de Alerta Temprana (SAT) del Servicio Meteorol\u00f3gico Nacional (SMN)<\/p>\n  \n  <div class=\"alertas-comparativas-grid\">\n    <!-- Columna 1: Aspectos -->\n    <div class=\"alertas-aspecto alertas-header\">Aspecto<\/div>\n    <div class=\"alertas-amarilla alertas-header\">Alerta Amarilla<\/div>\n    <div class=\"alertas-roja alertas-header\">Alerta Roja<\/div>\n    \n    <!-- Filas de contenido -->\n    <div class=\"alertas-aspecto\">Definici\u00f3n<\/div>\n    <div class=\"alertas-amarilla\"><strong>Riesgo moderado.<\/strong> El fen\u00f3meno meteorol\u00f3gico es peligroso para la sociedad.<\/div>\n    <div class=\"alertas-roja\"><strong>Riesgo alto.<\/strong> El fen\u00f3meno es excepcionalmente intenso y puede causar da\u00f1os graves.<\/div>\n    \n    <div class=\"alertas-aspecto\">Recomendaciones<\/div>\n    <div class=\"alertas-amarilla\">\n      <ul>\n        <li>Mantenerse informado.<\/li>\n        <li>Prepararse para cortes de servicios (luz, agua).<\/li>\n        <li>Evitar actividades al aire libre.<\/li>\n        <li>Asegurar objetos sueltos (vientos).<\/li>\n        <li>Precauci\u00f3n al manejar (lluvias\/niebla).<\/li>\n      <\/ul>\n    <\/div>\n    <div class=\"alertas-roja\">\n      <ul>\n        <li><strong>M\u00e1xima precauci\u00f3n.<\/strong><\/li>\n        <li>Evitar <strong>todo<\/strong> desplazamiento innecesario.<\/li>\n        <li>Refugiarse en lugar seguro.<\/li>\n        <li>Cortar gas\/electricidad si hay riesgo.<\/li>\n        <li>Solo seguir indicaciones oficiales.<\/li>\n      <\/ul>\n    <\/div>\n    \n    <div class=\"alertas-aspecto\">Ejemplos<\/div>\n    <div class=\"alertas-amarilla\">\n      <ul>\n        <li>Tormentas fuertes<\/li>\n        <li>Vientos intensos<\/li>\n        <li>Ola de calor moderada<\/li>\n      <\/ul>\n    <\/div>\n    <div class=\"alertas-roja\">\n      <ul>\n        <li>Tormentas severas con granizo<\/li>\n        <li>Inundaciones repentinas<\/li>\n        <li>Vientos huracanados (>90 km\/h)<\/li>\n      <\/ul>\n    <\/div>\n  <\/div>\n  \n  <div class=\"alertas-nota\">\n    <p>\u26a0\ufe0f <strong>Recomendaciones generales:<\/strong> Verificar fuentes oficiales (SMN, Defensa Civil), tener un kit de emergencia (agua, linterna, documentos) y evitar circular por zonas inundadas.<\/p>\n  <\/div>\n<\/div>\n\n<style>\n.alertas-comparativas-container {\n  font-family: 'Segoe UI', Tahoma, Geneva, Verdana, sans-serif;\n  max-width: 100%;\n  margin: 20px auto;\n  border-radius: 10px;\n  overflow: hidden;\n  box-shadow: 0 4px 12px rgba(0,0,0,0.1);\n}\n\n.alertas-comparativas-title {\n  background: #333;\n  color: white;\n  padding: 15px;\n  margin: 0;\n  font-size: 1.4em;\n  text-align: center;\n}\n\n.alertas-comparativas-desc {\n  background: #f0f0f0;\n  margin: 0;\n  padding: 10px;\n  text-align: center;\n  font-size: 0.9em;\n  color: #555;\n}\n\n.alertas-comparativas-grid {\n  display: grid;\n  grid-template-columns: 1fr 1fr 1fr;\n  gap: 1px;\n  background: #ddd;\n}\n\n.alertas-header {\n  font-weight: bold;\n  text-align: center;\n  padding: 12px;\n}\n\n.alertas-aspecto {\n  background: #f8f8f8;\n  padding: 12px;\n  font-weight: bold;\n  border-right: 1px solid #ddd;\n}\n\n.alertas-amarilla {\n  background: #fffde7;\n  padding: 12px;\n  border-right: 1px solid #ddd;\n}\n\n.alertas-roja {\n  background: #ffebee;\n  padding: 12px;\n}\n\n.alertas-amarilla ul, \n.alertas-roja ul {\n  margin: 0;\n  padding-left: 20px;\n}\n\n.alertas-amarilla li, \n.alertas-roja li {\n  margin-bottom: 8px;\n}\n\n.alertas-nota {\n  background: #e3f2fd;\n  padding: 15px;\n  font-size: 0.9em;\n  border-top: 2px solid #bbdefb;\n}\n\n\/* Colores de alerta *\/\n.alertas-header.alertas-amarilla {\n  background: #fff9c4;\n  color: #f57f17;\n}\n\n.alertas-header.alertas-roja {\n  background: #ffcdd2;\n  color: #c62828;\n}\n\n\/* Responsive *\/\n@media (max-width: 768px) {\n  .alertas-comparativas-grid {\n    grid-template-columns: 1fr;\n  }\n  .alertas-aspecto, \n  .alertas-amarilla, \n  .alertas-roja {\n    grid-column: 1;\n  }\n  .alertas-header {\n    display: none;\n  }\n}\n<\/style>\n","protected":false},"excerpt":{"rendered":"<p>El fen\u00f3meno clim\u00e1tico ha generado un enorme da\u00f1o en gran cantidad de localidades: Z\u00e1rate, Esteban de Etcheverria, Campana entre las &#8230; <a title=\"Alerta Roja en la Provincia por el fen\u00f3meno clim\u00e1tico\" class=\"read-more\" href=\"https:\/\/www.hoymercedes.com.ar\/principal\/2025\/05\/17\/alerta-roja-en-la-provincia-por-el-fenomeno-climatico\/\" aria-label=\"Leer m\u00e1s sobre Alerta Roja en la Provincia por el fen\u00f3meno clim\u00e1tico\">Leer m\u00e1s<\/a><\/p>\n","protected":false},"author":1,"featured_media":184648,"comment_status":"closed","ping_status":"open","sticky":false,"template":"","format":"standard","meta":{"_monsterinsights_skip_tracking":false,"_monsterinsights_sitenote_active":false,"_monsterinsights_sitenote_note":"","_monsterinsights_sitenote_category":0,"jetpack_post_was_ever_published":false,"_jetpack_newsletter_access":"","_jetpack_dont_email_post_to_subs":false,"_jetpack_newsletter_tier_id":0,"_jetpack_memberships_contains_paywalled_content":false,"_jetpack_memberships_contains_paid_content":false,"footnotes":"","jetpack_publicize_message":"","jetpack_publicize_feature_enabled":true,"jetpack_social_post_already_shared":true,"jetpack_social_options":{"image_generator_settings":{"template":"highway","default_image_id":0,"font":"","enabled":false},"version":2},"_wpas_customize_per_network":false},"categories":[8],"tags":[20437],"class_list":["post-184647","post","type-post","status-publish","format-standard","has-post-thumbnail","hentry","category-sociedad","tag-alerta-roja-pba","generate-columns","tablet-grid-50","mobile-grid-100","grid-parent","grid-50"],"jetpack_publicize_connections":[],"jetpack_featured_media_url":"https:\/\/www.hoymercedes.com.ar\/principal\/wp-content\/uploads\/2025\/05\/AlertaRoja.jpeg","wps_subtitle":"","jetpack_sharing_enabled":true,"_links":{"self":[{"href":"https:\/\/www.hoymercedes.com.ar\/principal\/wp-json\/wp\/v2\/posts\/184647","targetHints":{"allow":["GET"]}}],"collection":[{"href":"https:\/\/www.hoymercedes.com.ar\/principal\/wp-json\/wp\/v2\/posts"}],"about":[{"href":"https:\/\/www.hoymercedes.com.ar\/principal\/wp-json\/wp\/v2\/types\/post"}],"author":[{"embeddable":true,"href":"https:\/\/www.hoymercedes.com.ar\/principal\/wp-json\/wp\/v2\/users\/1"}],"replies":[{"embeddable":true,"href":"https:\/\/www.hoymercedes.com.ar\/principal\/wp-json\/wp\/v2\/comments?post=184647"}],"version-history":[{"count":1,"href":"https:\/\/www.hoymercedes.com.ar\/principal\/wp-json\/wp\/v2\/posts\/184647\/revisions"}],"predecessor-version":[{"id":184649,"href":"https:\/\/www.hoymercedes.com.ar\/principal\/wp-json\/wp\/v2\/posts\/184647\/revisions\/184649"}],"wp:featuredmedia":[{"embeddable":true,"href":"https:\/\/www.hoymercedes.com.ar\/principal\/wp-json\/wp\/v2\/media\/184648"}],"wp:attachment":[{"href":"https:\/\/www.hoymercedes.com.ar\/principal\/wp-json\/wp\/v2\/media?parent=184647"}],"wp:term":[{"taxonomy":"category","embeddable":true,"href":"https:\/\/www.hoymercedes.com.ar\/principal\/wp-json\/wp\/v2\/categories?post=184647"},{"taxonomy":"post_tag","embeddable":true,"href":"https:\/\/www.hoymercedes.com.ar\/principal\/wp-json\/wp\/v2\/tags?post=184647"}],"curies":[{"name":"wp","href":"https:\/\/api.w.org\/{rel}","templated":true}]}}