{"id":184650,"date":"2025-05-17T00:38:37","date_gmt":"2025-05-17T03:38:37","guid":{"rendered":"https:\/\/www.hoymercedes.com.ar\/principal\/?p=184650"},"modified":"2025-05-17T00:38:39","modified_gmt":"2025-05-17T03:38:39","slug":"continua-el-trabajo-del-comite-operativo-de-emergencia-con-guardia-24hs","status":"publish","type":"post","link":"https:\/\/www.hoymercedes.com.ar\/principal\/2025\/05\/17\/continua-el-trabajo-del-comite-operativo-de-emergencia-con-guardia-24hs\/","title":{"rendered":"Contin\u00faa el trabajo del Comit\u00e9 Operativo de Emergencia con guardia 24hs"},"content":{"rendered":"\n<figure class=\"wp-block-image size-large\"><img loading=\"lazy\" decoding=\"async\" width=\"1024\" height=\"544\" data-attachment-id=\"184651\" data-permalink=\"https:\/\/www.hoymercedes.com.ar\/principal\/2025\/05\/17\/continua-el-trabajo-del-comite-operativo-de-emergencia-con-guardia-24hs\/operativo-de-emergencia-004\/#main\" data-orig-file=\"https:\/\/www.hoymercedes.com.ar\/principal\/wp-content\/uploads\/2025\/05\/Operativo-de-Emergencia-004.jpg\" data-orig-size=\"1171,622\" data-comments-opened=\"0\" data-image-meta=\"{&quot;aperture&quot;:&quot;0&quot;,&quot;credit&quot;:&quot;&quot;,&quot;camera&quot;:&quot;&quot;,&quot;caption&quot;:&quot;&quot;,&quot;created_timestamp&quot;:&quot;0&quot;,&quot;copyright&quot;:&quot;&quot;,&quot;focal_length&quot;:&quot;0&quot;,&quot;iso&quot;:&quot;0&quot;,&quot;shutter_speed&quot;:&quot;0&quot;,&quot;title&quot;:&quot;&quot;,&quot;orientation&quot;:&quot;0&quot;}\" data-image-title=\"Contin\u00faa el trabajo del Comit\u00e9 Operativo de Emergencia con guardia 24hs\" data-image-description=\"&lt;p&gt;Contin\u00faa el trabajo del Comit\u00e9 Operativo de Emergencia con guardia 24hs&lt;\/p&gt;\n\" data-image-caption=\"&lt;p&gt;Contin\u00faa el trabajo del Comit\u00e9 Operativo de Emergencia con guardia 24hs&lt;\/p&gt;\n\" data-large-file=\"https:\/\/www.hoymercedes.com.ar\/principal\/wp-content\/uploads\/2025\/05\/Operativo-de-Emergencia-004-1024x544.jpg\" src=\"https:\/\/www.hoymercedes.com.ar\/principal\/wp-content\/uploads\/2025\/05\/Operativo-de-Emergencia-004-1024x544.jpg\" alt=\"\" class=\"wp-image-184651\" srcset=\"https:\/\/www.hoymercedes.com.ar\/principal\/wp-content\/uploads\/2025\/05\/Operativo-de-Emergencia-004-1024x544.jpg 1024w, https:\/\/www.hoymercedes.com.ar\/principal\/wp-content\/uploads\/2025\/05\/Operativo-de-Emergencia-004-630x335.jpg 630w, https:\/\/www.hoymercedes.com.ar\/principal\/wp-content\/uploads\/2025\/05\/Operativo-de-Emergencia-004-150x80.jpg 150w, https:\/\/www.hoymercedes.com.ar\/principal\/wp-content\/uploads\/2025\/05\/Operativo-de-Emergencia-004.jpg 1171w\" sizes=\"auto, (max-width: 1024px) 100vw, 1024px\" \/><\/figure>\n\n\n\n<p>Durante la noche de este viernes se gener\u00f3 un nuevo encuentro del Comit\u00e9 Operativo de Emergencia. Fue encabezado por el <strong>intendente Ustarroz<\/strong> con distintas \u00e1reas en el Centro de C\u00e1maras de la Secretar\u00eda de Seguridad. Se disputo montar guardias las 24hs en zonas claves.<\/p>\n\n\n\n<p><strong>Encuentro<\/strong><\/p>\n\n\n\n<p>El jefe comunal Ustarroz junto a Servicios P\u00fablicos, Desarrollo de la Comunidad, Seguridad, Gobierno, Protecci\u00f3n Civil, Espacios Verdes, Seguridad Vial y Obras fueron parte de una nueva reuni\u00f3n de evaluaci\u00f3n de la situaci\u00f3n y del operativo que se inici\u00f3 muy temprano, avanz\u00f3 durante la jornada y <strong>continuar\u00e1 las 24hs.<\/strong><\/p>\n\n\n\n<p><strong>Puntos<\/strong><\/p>\n\n\n\n<p>En el mapeo que se realiz\u00f3, contando con el complemento de las c\u00e1maras y los informes recibidos de cada \u00e1rea, se dispuso que en tres sectores claves de la ciudad haya una guardia fija activa ante eventualidades durante la madrugada: barrios Malvinas, Marchetti y Pe\u00f1aloza. Adem\u00e1s, en el Mart\u00edn Rodr\u00edguez y Unzu\u00e9 se preparan centro de evacuados ante cualquier eventualidad, como as\u00ed tambi\u00e9n Club Gowland puso sus instalaciones a disposici\u00f3n si llegara a necesitarse.<\/p>\n\n\n\n<p><strong>Emergencia<\/strong><\/p>\n\n\n\n<p>Tambi\u00e9n se dispuso centralizar todas las comunicaciones al 147 en cuanto a lo atinente a lo municipal, recordando que bomberos es 100, polic\u00eda 911 y Hospital 107.<\/p>\n\n\n\n<p><strong>Recordatorio<\/strong><\/p>\n\n\n\n<p>Se recuerda a las familias no arrojar basura a la v\u00eda p\u00fablica que pueda obstruir el drenaje del agua. Adem\u00e1s, durante el s\u00e1bado, s\u00f3lo habr\u00e1 recolecci\u00f3n en zona de contenedores. Se reitera no salir si no es necesario y evitar tocar cables o postes.<\/p>\n\n\n\n<p><strong>Rojo<\/strong><\/p>\n\n\n\n<p>La Provincia de Buenos Aires se encuentra en la zona comprendida por Mercedes en alerta roja. El Servicio Meteorol\u00f3gico Nacional sostiene el alerta. Como se puede observar en medios nacionales son much\u00edsimas las localidades afectadas por el fen\u00f3meno clim\u00e1tico que hace que en pocas horas caiga much\u00edsima agua.<\/p>\n\n\n\n<p><strong>Registros<\/strong><\/p>\n\n\n\n<p>Cerca de las 23hs de este viernes se acumulaba en Mercedes 150mm de agua ca\u00edda, siendo desde enero a la fecha 880mm. Vale recordar que en todo el a\u00f1o 2022 llovieron 570 mm, en todo el 2023 llovieron 872.2 mm y en&nbsp; el 2024 llovieron 1068.3 mm, dando cuenta de lo impactante del fen\u00f3meno y la enorme cantidad de agua ca\u00edda en la ciudad.<\/p>\n","protected":false},"excerpt":{"rendered":"<p>Durante la noche de este viernes se gener\u00f3 un nuevo encuentro del Comit\u00e9 Operativo de Emergencia. Fue encabezado por el &#8230; <a title=\"Contin\u00faa el trabajo del Comit\u00e9 Operativo de Emergencia con guardia 24hs\" class=\"read-more\" href=\"https:\/\/www.hoymercedes.com.ar\/principal\/2025\/05\/17\/continua-el-trabajo-del-comite-operativo-de-emergencia-con-guardia-24hs\/\" aria-label=\"Leer m\u00e1s sobre Contin\u00faa el trabajo del Comit\u00e9 Operativo de Emergencia con guardia 24hs\">Leer m\u00e1s<\/a><\/p>\n","protected":false},"author":1,"featured_media":184651,"comment_status":"closed","ping_status":"open","sticky":false,"template":"","format":"standard","meta":{"_monsterinsights_skip_tracking":false,"_monsterinsights_sitenote_active":false,"_monsterinsights_sitenote_note":"","_monsterinsights_sitenote_category":0,"jetpack_post_was_ever_published":false,"_jetpack_newsletter_access":"","_jetpack_dont_email_post_to_subs":false,"_jetpack_newsletter_tier_id":0,"_jetpack_memberships_contains_paywalled_content":false,"_jetpack_memberships_contains_paid_content":false,"footnotes":"","jetpack_publicize_message":"","jetpack_publicize_feature_enabled":true,"jetpack_social_post_already_shared":true,"jetpack_social_options":{"image_generator_settings":{"template":"highway","default_image_id":0,"font":"","enabled":false},"version":2},"_wpas_customize_per_network":false},"categories":[30],"tags":[20438],"class_list":["post-184650","post","type-post","status-publish","format-standard","has-post-thumbnail","hentry","category-municipio","tag-comite-de-crisis-mercedes","generate-columns","tablet-grid-50","mobile-grid-100","grid-parent","grid-50"],"jetpack_publicize_connections":[],"jetpack_featured_media_url":"https:\/\/www.hoymercedes.com.ar\/principal\/wp-content\/uploads\/2025\/05\/Operativo-de-Emergencia-004.jpg","wps_subtitle":"","jetpack_sharing_enabled":true,"_links":{"self":[{"href":"https:\/\/www.hoymercedes.com.ar\/principal\/wp-json\/wp\/v2\/posts\/184650","targetHints":{"allow":["GET"]}}],"collection":[{"href":"https:\/\/www.hoymercedes.com.ar\/principal\/wp-json\/wp\/v2\/posts"}],"about":[{"href":"https:\/\/www.hoymercedes.com.ar\/principal\/wp-json\/wp\/v2\/types\/post"}],"author":[{"embeddable":true,"href":"https:\/\/www.hoymercedes.com.ar\/principal\/wp-json\/wp\/v2\/users\/1"}],"replies":[{"embeddable":true,"href":"https:\/\/www.hoymercedes.com.ar\/principal\/wp-json\/wp\/v2\/comments?post=184650"}],"version-history":[{"count":1,"href":"https:\/\/www.hoymercedes.com.ar\/principal\/wp-json\/wp\/v2\/posts\/184650\/revisions"}],"predecessor-version":[{"id":184652,"href":"https:\/\/www.hoymercedes.com.ar\/principal\/wp-json\/wp\/v2\/posts\/184650\/revisions\/184652"}],"wp:featuredmedia":[{"embeddable":true,"href":"https:\/\/www.hoymercedes.com.ar\/principal\/wp-json\/wp\/v2\/media\/184651"}],"wp:attachment":[{"href":"https:\/\/www.hoymercedes.com.ar\/principal\/wp-json\/wp\/v2\/media?parent=184650"}],"wp:term":[{"taxonomy":"category","embeddable":true,"href":"https:\/\/www.hoymercedes.com.ar\/principal\/wp-json\/wp\/v2\/categories?post=184650"},{"taxonomy":"post_tag","embeddable":true,"href":"https:\/\/www.hoymercedes.com.ar\/principal\/wp-json\/wp\/v2\/tags?post=184650"}],"curies":[{"name":"wp","href":"https:\/\/api.w.org\/{rel}","templated":true}]}}