{"id":184658,"date":"2025-05-17T12:32:47","date_gmt":"2025-05-17T15:32:47","guid":{"rendered":"https:\/\/www.hoymercedes.com.ar\/principal\/?p=184658"},"modified":"2025-05-17T12:32:49","modified_gmt":"2025-05-17T15:32:49","slug":"eden-corta-preventivamente-energia-en-distintas-zonas","status":"publish","type":"post","link":"https:\/\/www.hoymercedes.com.ar\/principal\/2025\/05\/17\/eden-corta-preventivamente-energia-en-distintas-zonas\/","title":{"rendered":"EDEN corta preventivamente energ\u00eda en distintas zonas"},"content":{"rendered":"\n<p><em>La empresa realiza una serie de interrupciones locales para preservar la seguridad en la v\u00eda p\u00fablica. Hasta el momento son 2727 los usuarios del servicio que se vieron afectados por el diluvio<\/em><\/p>\n\n\n\n<p>Las regiones norte y centro de la Provincia de Buenos Aires atraviesan una <strong>emergencia clim\u00e1tica<\/strong> sin precedentes, con precipitaciones continuas que en algunas zonas superan los <strong>300 mil\u00edmetros<\/strong>. Mientras tanto, los reportes meteorol\u00f3gicos dan cuenta de que los frentes de tormenta continuar\u00e1n form\u00e1ndose durante el d\u00eda. Esto produjo la evacuaci\u00f3n de cientos de personas y la activaci\u00f3n de los protocolos de emergencia por parte del Estado Nacional, los Municipios y las Fuerzas Vivas locales.<\/p>\n\n\n\n<p>Por su parte, la distribuidora <strong>EDEN<\/strong> se encuentra trabajando en coordinaci\u00f3n con las autoridades de <strong>Arrecifes, Capit\u00e1n Sarmiento, Baradero, Campana, Capilla del Se\u00f1or y Mercedes<\/strong> para <strong>interrumpir el suministro en aquellas zonas anegadas<\/strong> que puedan generar <strong>peligro en la v\u00eda p\u00fablica<\/strong> para los habitantes. Desde la empresa informan que hay un total de <strong>2727<\/strong> usuarios del servicio afectados por el temporal y que se encuentra organizando un operativo para resolver los problemas causados por este fen\u00f3meno en cuanto las condiciones meteorol\u00f3gicas permitan que su personal pueda trabajar de forma segura en la v\u00eda p\u00fablica.<\/p>\n\n\n\n<p>Interrupciones solicitadas a EDEN por municipios y fuerzas vivas debido a las <strong>inundaciones<\/strong>:<\/p>\n\n\n\n<p><strong>Campana<\/strong><\/p>\n\n\n\n<p>Barrios Otamendi, San Felipe, R\u00edo Luj\u00e1n, San Cayetano y Villa Nueva<\/p>\n\n\n\n<p><strong>Arrecifes<\/strong><\/p>\n\n\n\n<p>Calles entre Av. Molina, Av. Belgrano, Calle Jujuy y Tucum\u00e1n<\/p>\n\n\n\n<p>Calles entre Av. Molina, Av. Belgrano, Calle Jujuy y Tucum\u00e1n<\/p>\n\n\n\n<p>Loma Alta<\/p>\n\n\n\n<p><strong>Capit\u00e1n Sarmiento<\/strong><\/p>\n\n\n\n<p>Granja Tres Arroyos<\/p>\n\n\n\n<p>Calle Col\u00f3n entre Fossati y Marmol, Calle Rivadavia entre Av. Saenz Pe\u00f1a y La Plata.<\/p>\n\n\n\n<p><strong>Capilla del Se\u00f1or:<\/strong><\/p>\n\n\n\n<p>Calles Alsina, Sosa, Espa\u00f1a y Balcarce<\/p>\n\n\n\n<p><strong>Baradero:<\/strong><\/p>\n\n\n\n<p>Calles Pasteur entre Rold\u00e1n y Ameghino<\/p>\n\n\n\n<p><strong>Mercedes:<\/strong><\/p>\n\n\n\n<p>Barrio Marchetti 2: calle 63 entre 28 bis y 30.<\/p>\n\n\n\n<p>Desde la empresa se solicita a los vecinos mantenerse en sus hogares y tener especial atenci\u00f3n a las siguientes recomendaciones:<\/p>\n\n\n\n<ul class=\"wp-block-list\">\n<li>Si ingresa agua al hogar cortar el servicio el\u00e9ctrico desde el interruptor general de su instalaci\u00f3n.<\/li>\n\n\n\n<li>Evitar el contacto con cables cortados e instalaciones el\u00e9ctricas externas en general.<\/li>\n\n\n\n<li>No intentar retirar por su cuenta objetos o ramas que pudieran caer sobre las l\u00edneas a\u00e9reas de energ\u00eda el\u00e9ctrica.<\/li>\n\n\n\n<li>Procurar no circular por la v\u00eda p\u00fablica bajo vientos intensos, r\u00e1fagas, ni por calles anegadas.<\/li>\n\n\n\n<li>Permanecer a resguardo y en un lugar seguro.<\/li>\n<\/ul>\n\n\n\n<p>Para comunicarse con la empresa, los usuarios pueden escribir por WhatsApp al <strong>+54 9 336 452 6944<\/strong>, llamar al <strong>0800 999 3336<\/strong> o contactarse a trav\u00e9s de las redes sociales EDEN:<\/p>\n\n\n\n<p><strong>Facebook<\/strong> <a href=\"https:\/\/www.facebook.com\/EDENComunica\" target=\"_blank\" rel=\"noopener\">https:\/\/www.facebook.com\/EDENComunica<\/a><\/p>\n\n\n\n<p><strong>Instagram<\/strong> EDEN (@edencomunica)<strong>X<\/strong> EDEN S.A. (@EDENSAComunica)<\/p>\n","protected":false},"excerpt":{"rendered":"<p>La empresa realiza una serie de interrupciones locales para preservar la seguridad en la v\u00eda p\u00fablica. Hasta el momento son &#8230; <a title=\"EDEN corta preventivamente energ\u00eda en distintas zonas\" class=\"read-more\" href=\"https:\/\/www.hoymercedes.com.ar\/principal\/2025\/05\/17\/eden-corta-preventivamente-energia-en-distintas-zonas\/\" aria-label=\"Leer m\u00e1s sobre EDEN corta preventivamente energ\u00eda en distintas zonas\">Leer m\u00e1s<\/a><\/p>\n","protected":false},"author":1,"featured_media":169864,"comment_status":"closed","ping_status":"open","sticky":false,"template":"","format":"standard","meta":{"_monsterinsights_skip_tracking":false,"_monsterinsights_sitenote_active":false,"_monsterinsights_sitenote_note":"","_monsterinsights_sitenote_category":0,"jetpack_post_was_ever_published":false,"_jetpack_newsletter_access":"","_jetpack_dont_email_post_to_subs":false,"_jetpack_newsletter_tier_id":0,"_jetpack_memberships_contains_paywalled_content":false,"_jetpack_memberships_contains_paid_content":false,"footnotes":"","jetpack_publicize_message":"","jetpack_publicize_feature_enabled":true,"jetpack_social_post_already_shared":true,"jetpack_social_options":{"image_generator_settings":{"template":"highway","default_image_id":0,"font":"","enabled":false},"version":2},"_wpas_customize_per_network":false},"categories":[8],"tags":[1770,1023,20439],"class_list":["post-184658","post","type-post","status-publish","format-standard","has-post-thumbnail","hentry","category-sociedad","tag-corte-de-energia","tag-eden","tag-inundaciones-2025","generate-columns","tablet-grid-50","mobile-grid-100","grid-parent","grid-50"],"jetpack_publicize_connections":[],"jetpack_featured_media_url":"https:\/\/www.hoymercedes.com.ar\/principal\/wp-content\/uploads\/2023\/11\/MERCEDES-Obra-EDEN-Barrio-Blandengues-CT-1-edited.jpeg","wps_subtitle":"","jetpack_sharing_enabled":true,"_links":{"self":[{"href":"https:\/\/www.hoymercedes.com.ar\/principal\/wp-json\/wp\/v2\/posts\/184658","targetHints":{"allow":["GET"]}}],"collection":[{"href":"https:\/\/www.hoymercedes.com.ar\/principal\/wp-json\/wp\/v2\/posts"}],"about":[{"href":"https:\/\/www.hoymercedes.com.ar\/principal\/wp-json\/wp\/v2\/types\/post"}],"author":[{"embeddable":true,"href":"https:\/\/www.hoymercedes.com.ar\/principal\/wp-json\/wp\/v2\/users\/1"}],"replies":[{"embeddable":true,"href":"https:\/\/www.hoymercedes.com.ar\/principal\/wp-json\/wp\/v2\/comments?post=184658"}],"version-history":[{"count":1,"href":"https:\/\/www.hoymercedes.com.ar\/principal\/wp-json\/wp\/v2\/posts\/184658\/revisions"}],"predecessor-version":[{"id":184659,"href":"https:\/\/www.hoymercedes.com.ar\/principal\/wp-json\/wp\/v2\/posts\/184658\/revisions\/184659"}],"wp:featuredmedia":[{"embeddable":true,"href":"https:\/\/www.hoymercedes.com.ar\/principal\/wp-json\/wp\/v2\/media\/169864"}],"wp:attachment":[{"href":"https:\/\/www.hoymercedes.com.ar\/principal\/wp-json\/wp\/v2\/media?parent=184658"}],"wp:term":[{"taxonomy":"category","embeddable":true,"href":"https:\/\/www.hoymercedes.com.ar\/principal\/wp-json\/wp\/v2\/categories?post=184658"},{"taxonomy":"post_tag","embeddable":true,"href":"https:\/\/www.hoymercedes.com.ar\/principal\/wp-json\/wp\/v2\/tags?post=184658"}],"curies":[{"name":"wp","href":"https:\/\/api.w.org\/{rel}","templated":true}]}}