{"id":184666,"date":"2025-05-17T19:34:31","date_gmt":"2025-05-17T22:34:31","guid":{"rendered":"https:\/\/www.hoymercedes.com.ar\/principal\/?p=184666"},"modified":"2025-05-17T19:34:34","modified_gmt":"2025-05-17T22:34:34","slug":"continua-el-alerta-roja-para-mercedes","status":"publish","type":"post","link":"https:\/\/www.hoymercedes.com.ar\/principal\/2025\/05\/17\/continua-el-alerta-roja-para-mercedes\/","title":{"rendered":"Contin\u00faa el alerta roja para Mercedes"},"content":{"rendered":"\n<p>El Servicio Meteorol\u00f3gico Nacional emiti\u00f3 una actualizaci\u00f3n de su parte informativo y expuso que la zona de Mercedes contin\u00faa con alerta roja. La situaci\u00f3n es la de m\u00e1xima de gravedad ante el fen\u00f3meno clim\u00e1tico vivido.<\/p>\n\n\n\n<p>Para la zona expresan \u201ctormentas severas con lluvias intensas, r\u00e1fagas localizadas y hasta 350 mm de agua acumulada afectan el norte de la provincia\u201d y Mercedes ha sido se\u00f1alada en el mapa de referencia.<\/p>\n\n\n\n<div class=\"alerta-climatica-container\">\n    <header class=\"alerta-header\">\n        <h2>Alerta Roja Clim\u00e1tica en Argentina<\/h2>\n        <div class=\"alerta-roja-badge\">ALERTA ROJA<\/div>\n    <\/header>\n    \n    <div class=\"alerta-content\">\n        <section class=\"alerta-section\">\n            <h3><i class=\"fas fa-exclamation-triangle\"><\/i> \u00bfQu\u00e9 implica una Alerta Roja?<\/h3>\n            <p>Una Alerta Roja indica fen\u00f3menos clim\u00e1ticos extremos que pueden ser peligrosos para la vida y propiedad. En Argentina, puede referirse a:<\/p>\n            <ul class=\"alerta-list\">\n                <li>Tormentas severas con granizo<\/li>\n                <li>Inundaciones repentinas<\/li>\n                <li>Olas de calor extremo<\/li>\n                <li>Vientos muy fuertes<\/li>\n                <li>Nevadas intensas<\/li>\n                <li>Tormentas el\u00e9ctricas persistentes<\/li>\n            <\/ul>\n        <\/section>\n        \n        <section class=\"alerta-section\">\n            <h3><i class=\"fas fa-shield-alt\"><\/i> Medidas Generales de Prevenci\u00f3n<\/h3>\n            <div class=\"prevention-grid\">\n                <div class=\"prevention-card\">\n                    <div class=\"prevention-icon\"><i class=\"fas fa-home\"><\/i><\/div>\n                    <h4>En el hogar<\/h4>\n                    <ul>\n                        <li>Asegurar puertas y ventanas<\/li>\n                        <li>Tener linternas y pilas<\/li>\n                        <li>Proteger documentos importantes<\/li>\n                        <li>Desconectar electrodom\u00e9sticos<\/li>\n                    <\/ul>\n                <\/div>\n                \n                <div class=\"prevention-card\">\n                    <div class=\"prevention-icon\"><i class=\"fas fa-car\"><\/i><\/div>\n                    <h4>En la v\u00eda p\u00fablica<\/h4>\n                    <ul>\n                        <li>Evitar viajes innecesarios<\/li>\n                        <li>No cruzar cauces inundados<\/li>\n                        <li>Alejarse de \u00e1rboles y postes<\/li>\n                        <li>Buscar refugio seguro<\/li>\n                    <\/ul>\n                <\/div>\n                \n                <div class=\"prevention-card\">\n                    <div class=\"prevention-icon\"><i class=\"fas fa-users\"><\/i><\/div>\n                    <h4>Comunidad<\/h4>\n                    <ul>\n                        <li>Revisar a vecinos vulnerables<\/li>\n                        <li>Conocer rutas de evacuaci\u00f3n<\/li>\n                        <li>Tener n\u00fameros de emergencia<\/li>\n                        <li>Monitorear alertas oficiales<\/li>\n                    <\/ul>\n                <\/div>\n            <\/div>\n        <\/section>\n        \n        <section class=\"alerta-section\">\n            <h3><i class=\"fas fa-phone-alt\"><\/i> Contactos de Emergencia<\/h3>\n            <div class=\"emergency-contacts\">\n                <p><strong>Municipio:<\/strong> 147<\/p>\n                <p><strong>Polic\u00eda:<\/strong> 911<\/p>\n                <p><strong>Bomberos:<\/strong> 100<\/p>\n                <p><strong>Emergencias M\u00e9dicas:<\/strong> 107<\/p>\n                <p><strong>SMN:<\/strong> <a href=\"https:\/\/www.smn.gob.ar\" target=\"_blank\" rel=\"noopener\">www.smn.gob.ar<\/a><\/p>\n            <\/div>\n        <\/section>\n    <\/div>\n    \n    <footer class=\"alerta-footer\">\n        <p>Actualizado seg\u00fan protocolos del Servicio Meteorol\u00f3gico Nacional y Defensa Civil Argentina<\/p>\n    <\/footer>\n<\/div>\n\n<style>\n\/* Estilos base *\/\n.alerta-climatica-container {\n    font-family: 'Segoe UI', Tahoma, Geneva, Verdana, sans-serif;\n    max-width: 100%;\n    margin: 20px auto;\n    border-radius: 8px;\n    overflow: hidden;\n    box-shadow: 0 4px 12px rgba(0,0,0,0.1);\n    background: #fff;\n}\n\n.alerta-header {\n    background: linear-gradient(135deg, #ff4d4d, #cc0000);\n    color: white;\n    padding: 20px;\n    text-align: center;\n    position: relative;\n}\n\n.alerta-header h2 {\n    margin: 0;\n    font-size: 1.8em;\n}\n\n.alerta-roja-badge {\n    position: absolute;\n    top: 10px;\n    right: 10px;\n    background: rgba(0,0,0,0.3);\n    padding: 5px 10px;\n    border-radius: 20px;\n    font-weight: bold;\n    font-size: 0.8em;\n    text-transform: uppercase;\n}\n\n.alerta-content {\n    padding: 20px;\n}\n\n.alerta-section {\n    margin-bottom: 30px;\n}\n\n.alerta-section h3 {\n    color: #cc0000;\n    border-bottom: 2px solid #ffcccc;\n    padding-bottom: 8px;\n    font-size: 1.3em;\n    display: flex;\n    align-items: center;\n    gap: 10px;\n}\n\n.alerta-list {\n    padding-left: 20px;\n    line-height: 1.6;\n}\n\n.alerta-list li {\n    margin-bottom: 8px;\n}\n\n\/* Grid de prevenci\u00f3n *\/\n.prevention-grid {\n    display: grid;\n    grid-template-columns: repeat(auto-fit, minmax(300px, 1fr));\n    gap: 20px;\n    margin-top: 20px;\n}\n\n.prevention-card {\n    border: 1px solid #eee;\n    border-radius: 8px;\n    padding: 20px;\n    transition: transform 0.3s, box-shadow 0.3s;\n}\n\n.prevention-card:hover {\n    transform: translateY(-5px);\n    box-shadow: 0 5px 15px rgba(0,0,0,0.1);\n}\n\n.prevention-icon {\n    background: #ff4d4d;\n    color: white;\n    width: 50px;\n    height: 50px;\n    border-radius: 50%;\n    display: flex;\n    align-items: center;\n    justify-content: center;\n    margin-bottom: 15px;\n    font-size: 1.5em;\n}\n\n.prevention-card h4 {\n    color: #cc0000;\n    margin-top: 0;\n}\n\n.prevention-card ul {\n    padding-left: 20px;\n    margin-top: 10px;\n}\n\n.prevention-card li {\n    margin-bottom: 8px;\n    font-size: 0.95em;\n}\n\n\/* Contactos de emergencia *\/\n.emergency-contacts {\n    background: #fff8f8;\n    padding: 15px;\n    border-radius: 8px;\n    border-left: 4px solid #cc0000;\n}\n\n.emergency-contacts p {\n    margin: 10px 0;\n    font-size: 1.05em;\n}\n\n.emergency-contacts strong {\n    color: #cc0000;\n}\n\n.emergency-contacts a {\n    color: #cc0000;\n    text-decoration: none;\n    font-weight: bold;\n}\n\n.emergency-contacts a:hover {\n    text-decoration: underline;\n}\n\n\/* Footer *\/\n.alerta-footer {\n    background: #f0f0f0;\n    padding: 15px;\n    text-align: center;\n    font-size: 0.85em;\n    color: #666;\n}\n\n\/* Iconos Font Awesome *\/\n.fas {\n    font-family: 'Font Awesome 5 Free';\n    font-weight: 900;\n}\n\n\/* Responsive *\/\n@media (max-width: 768px) {\n    .prevention-grid {\n        grid-template-columns: 1fr;\n    }\n    \n    .alerta-header h2 {\n        font-size: 1.5em;\n    }\n}\n\n@media (max-width: 480px) {\n    .alerta-header {\n        padding: 15px;\n    }\n    \n    .alerta-content {\n        padding: 15px;\n    }\n    \n    .alerta-section h3 {\n        font-size: 1.1em;\n    }\n}\n<\/style>\n","protected":false},"excerpt":{"rendered":"<p>El Servicio Meteorol\u00f3gico Nacional emiti\u00f3 una actualizaci\u00f3n de su parte informativo y expuso que la zona de Mercedes contin\u00faa con &#8230; <a title=\"Contin\u00faa el alerta roja para Mercedes\" class=\"read-more\" href=\"https:\/\/www.hoymercedes.com.ar\/principal\/2025\/05\/17\/continua-el-alerta-roja-para-mercedes\/\" aria-label=\"Leer m\u00e1s sobre Contin\u00faa el alerta roja para Mercedes\">Leer m\u00e1s<\/a><\/p>\n","protected":false},"author":1,"featured_media":184667,"comment_status":"closed","ping_status":"open","sticky":false,"template":"","format":"standard","meta":{"_monsterinsights_skip_tracking":false,"_monsterinsights_sitenote_active":false,"_monsterinsights_sitenote_note":"","_monsterinsights_sitenote_category":0,"jetpack_post_was_ever_published":false,"_jetpack_newsletter_access":"","_jetpack_dont_email_post_to_subs":false,"_jetpack_newsletter_tier_id":0,"_jetpack_memberships_contains_paywalled_content":false,"_jetpack_memberships_contains_paid_content":false,"footnotes":"","jetpack_publicize_message":"","jetpack_publicize_feature_enabled":true,"jetpack_social_post_already_shared":true,"jetpack_social_options":{"image_generator_settings":{"template":"highway","default_image_id":0,"font":"","enabled":false},"version":2},"_wpas_customize_per_network":false},"categories":[8],"tags":[20444,20445],"class_list":["post-184666","post","type-post","status-publish","format-standard","has-post-thumbnail","hentry","category-sociedad","tag-alerta-roja","tag-alerta-rokas-en-meredes","generate-columns","tablet-grid-50","mobile-grid-100","grid-parent","grid-50"],"jetpack_publicize_connections":[],"jetpack_featured_media_url":"https:\/\/www.hoymercedes.com.ar\/principal\/wp-content\/uploads\/2025\/05\/imagen.png","wps_subtitle":"","jetpack_sharing_enabled":true,"_links":{"self":[{"href":"https:\/\/www.hoymercedes.com.ar\/principal\/wp-json\/wp\/v2\/posts\/184666","targetHints":{"allow":["GET"]}}],"collection":[{"href":"https:\/\/www.hoymercedes.com.ar\/principal\/wp-json\/wp\/v2\/posts"}],"about":[{"href":"https:\/\/www.hoymercedes.com.ar\/principal\/wp-json\/wp\/v2\/types\/post"}],"author":[{"embeddable":true,"href":"https:\/\/www.hoymercedes.com.ar\/principal\/wp-json\/wp\/v2\/users\/1"}],"replies":[{"embeddable":true,"href":"https:\/\/www.hoymercedes.com.ar\/principal\/wp-json\/wp\/v2\/comments?post=184666"}],"version-history":[{"count":1,"href":"https:\/\/www.hoymercedes.com.ar\/principal\/wp-json\/wp\/v2\/posts\/184666\/revisions"}],"predecessor-version":[{"id":184668,"href":"https:\/\/www.hoymercedes.com.ar\/principal\/wp-json\/wp\/v2\/posts\/184666\/revisions\/184668"}],"wp:featuredmedia":[{"embeddable":true,"href":"https:\/\/www.hoymercedes.com.ar\/principal\/wp-json\/wp\/v2\/media\/184667"}],"wp:attachment":[{"href":"https:\/\/www.hoymercedes.com.ar\/principal\/wp-json\/wp\/v2\/media?parent=184666"}],"wp:term":[{"taxonomy":"category","embeddable":true,"href":"https:\/\/www.hoymercedes.com.ar\/principal\/wp-json\/wp\/v2\/categories?post=184666"},{"taxonomy":"post_tag","embeddable":true,"href":"https:\/\/www.hoymercedes.com.ar\/principal\/wp-json\/wp\/v2\/tags?post=184666"}],"curies":[{"name":"wp","href":"https:\/\/api.w.org\/{rel}","templated":true}]}}