{"id":184688,"date":"2025-05-19T01:11:57","date_gmt":"2025-05-19T04:11:57","guid":{"rendered":"https:\/\/www.hoymercedes.com.ar\/principal\/?p=184688"},"modified":"2025-05-19T01:11:59","modified_gmt":"2025-05-19T04:11:59","slug":"amplio-despliegue-municipal-de-asistencia-tras-temporal","status":"publish","type":"post","link":"https:\/\/www.hoymercedes.com.ar\/principal\/2025\/05\/19\/amplio-despliegue-municipal-de-asistencia-tras-temporal\/","title":{"rendered":"Amplio despliegue municipal de asistencia tras temporal"},"content":{"rendered":"\n<figure class=\"wp-block-image size-large\"><img loading=\"lazy\" decoding=\"async\" width=\"1024\" height=\"682\" data-attachment-id=\"184689\" data-permalink=\"https:\/\/www.hoymercedes.com.ar\/principal\/2025\/05\/19\/amplio-despliegue-municipal-de-asistencia-tras-temporal\/dsc02867-2\/#main\" data-orig-file=\"https:\/\/www.hoymercedes.com.ar\/principal\/wp-content\/uploads\/2025\/05\/DSC02867.jpg\" data-orig-size=\"1319,879\" data-comments-opened=\"0\" data-image-meta=\"{&quot;aperture&quot;:&quot;0&quot;,&quot;credit&quot;:&quot;&quot;,&quot;camera&quot;:&quot;&quot;,&quot;caption&quot;:&quot;&quot;,&quot;created_timestamp&quot;:&quot;0&quot;,&quot;copyright&quot;:&quot;&quot;,&quot;focal_length&quot;:&quot;0&quot;,&quot;iso&quot;:&quot;0&quot;,&quot;shutter_speed&quot;:&quot;0&quot;,&quot;title&quot;:&quot;&quot;,&quot;orientation&quot;:&quot;0&quot;}\" data-image-title=\"municipal\" data-image-description=\"&lt;p&gt;municipal &lt;\/p&gt;\n\" data-image-caption=\"&lt;p&gt;municipal &lt;\/p&gt;\n\" data-large-file=\"https:\/\/www.hoymercedes.com.ar\/principal\/wp-content\/uploads\/2025\/05\/DSC02867-1024x682.jpg\" src=\"https:\/\/www.hoymercedes.com.ar\/principal\/wp-content\/uploads\/2025\/05\/DSC02867-1024x682.jpg\" alt=\"Fuerte despliegue de la municipalidad de Mercedes ante el temporal\" class=\"wp-image-184689\" srcset=\"https:\/\/www.hoymercedes.com.ar\/principal\/wp-content\/uploads\/2025\/05\/DSC02867-1024x682.jpg 1024w, https:\/\/www.hoymercedes.com.ar\/principal\/wp-content\/uploads\/2025\/05\/DSC02867-630x420.jpg 630w, https:\/\/www.hoymercedes.com.ar\/principal\/wp-content\/uploads\/2025\/05\/DSC02867-150x100.jpg 150w, https:\/\/www.hoymercedes.com.ar\/principal\/wp-content\/uploads\/2025\/05\/DSC02867-700x465.jpg 700w, https:\/\/www.hoymercedes.com.ar\/principal\/wp-content\/uploads\/2025\/05\/DSC02867.jpg 1319w\" sizes=\"auto, (max-width: 1024px) 100vw, 1024px\" \/><\/figure>\n\n\n\n<p>El municipio despleg\u00f3 un fuerte operativo de asistencia tras el temporal que azot\u00f3 la regi\u00f3n en los \u00faltimos d\u00edas, con la disposici\u00f3n de distintos centros para evacuados, entrega de viandas, ropa y elementos de limpieza y una guardia permanente para urgencias; y que cont\u00f3 con una gran respuesta solidaria de la comunidad mercedina a trav\u00e9s de instituciones, clubes y vecinos, que ayudaron con donaciones y trabajo voluntario.<\/p>\n\n\n\n<p>Aunque este domingo amaneci\u00f3 con una notoria mejora del tiempo y un pron\u00f3stico favorable para los pr\u00f3ximos d\u00edas, el municipio sigui\u00f3 con sus tareas de auxilio a trav\u00e9s del Comit\u00e9 Operativo de Emergencias (COE), encabezado por el intendente Juani Ustarroz, ante las consecuencias que dej\u00f3 la tormenta y que registr\u00f3 una cantidad in\u00e9dita de lluvia ca\u00edda: 195.7 mil\u00edmetros desde el inicio del evento climatol\u00f3gico, el jueves pasado.<\/p>\n\n\n\n<p>Para el mediod\u00eda del domingo, los evacuados a trav\u00e9s del COE eran 67 vecinos y hab\u00eda aproximadamente 70 autoevacuados.<\/p>\n\n\n\n<p>Con maquinaria y personal de distintas \u00e1reas (Obras y Servicios P\u00fablicos, Desarrollo de la Comunidad, Seguridad, Protecci\u00f3n Civil, Espacios Verdes, G\u00e9nero y Gobierno, entre otros), y una inestimable colaboraci\u00f3n espont\u00e1nea de la comunidad mercedina, se logr\u00f3 llegar con todo lo necesario a las zonas afectadas por el temporal, sobre todo elementos de higiene, ropa de abrigo, frazadas y calzados infantiles, lo m\u00e1s solicitado.<\/p>\n\n\n\n<p>Entre s\u00e1bado y domingo, adem\u00e1s, se repartieron alrededor de 1.000 viandas entre los barrios m\u00e1s afectados (Marchetti, Malvinas Argentinas y Pe\u00f1aloza) y el ex Mart\u00edn Rodr\u00edguez, donde permanec\u00edan los vecinos evacuados.<\/p>\n\n\n\n<figure class=\"wp-block-image size-large\"><img loading=\"lazy\" decoding=\"async\" width=\"1024\" height=\"682\" data-attachment-id=\"184690\" data-permalink=\"https:\/\/www.hoymercedes.com.ar\/principal\/2025\/05\/19\/amplio-despliegue-municipal-de-asistencia-tras-temporal\/dsc02906\/#main\" data-orig-file=\"https:\/\/www.hoymercedes.com.ar\/principal\/wp-content\/uploads\/2025\/05\/DSC02906.jpg\" data-orig-size=\"1319,879\" data-comments-opened=\"0\" data-image-meta=\"{&quot;aperture&quot;:&quot;0&quot;,&quot;credit&quot;:&quot;&quot;,&quot;camera&quot;:&quot;&quot;,&quot;caption&quot;:&quot;&quot;,&quot;created_timestamp&quot;:&quot;0&quot;,&quot;copyright&quot;:&quot;&quot;,&quot;focal_length&quot;:&quot;0&quot;,&quot;iso&quot;:&quot;0&quot;,&quot;shutter_speed&quot;:&quot;0&quot;,&quot;title&quot;:&quot;&quot;,&quot;orientation&quot;:&quot;0&quot;}\" data-image-title=\"DSC02906\" data-image-description=\"\" data-image-caption=\"\" data-large-file=\"https:\/\/www.hoymercedes.com.ar\/principal\/wp-content\/uploads\/2025\/05\/DSC02906-1024x682.jpg\" src=\"https:\/\/www.hoymercedes.com.ar\/principal\/wp-content\/uploads\/2025\/05\/DSC02906-1024x682.jpg\" alt=\"Fuerte despliegue de la municipalidad de Mercedes ante el temporal\" class=\"wp-image-184690\" srcset=\"https:\/\/www.hoymercedes.com.ar\/principal\/wp-content\/uploads\/2025\/05\/DSC02906-1024x682.jpg 1024w, https:\/\/www.hoymercedes.com.ar\/principal\/wp-content\/uploads\/2025\/05\/DSC02906-630x420.jpg 630w, https:\/\/www.hoymercedes.com.ar\/principal\/wp-content\/uploads\/2025\/05\/DSC02906-150x100.jpg 150w, https:\/\/www.hoymercedes.com.ar\/principal\/wp-content\/uploads\/2025\/05\/DSC02906-700x465.jpg 700w, https:\/\/www.hoymercedes.com.ar\/principal\/wp-content\/uploads\/2025\/05\/DSC02906.jpg 1319w\" sizes=\"auto, (max-width: 1024px) 100vw, 1024px\" \/><\/figure>\n\n\n\n<p>Al despliegue municipal, y en una nueva muestra de solidaridad de la comunidad, se sumaron con trabajo y donaciones instituciones como C\u00e1ritas, Bomberos, Iglesias, Hogares de Cristo, Servicio Penitenciario y Clubes y tambi\u00e9n vecinos de todos los sectores de la ciudad, muchos de ellos j\u00f3venes, docentes y trabajadores de la educaci\u00f3n.<\/p>\n\n\n\n<p>\u201cLa respuesta de la comunidad mercedina fue otra vez emocionante. Gracias a su apoyo y solidaridad pudimos auxiliar a todos los damnificados por el temporal\u201d, dijo Ustarroz.<\/p>\n\n\n\n<p>El jefe comunal tambi\u00e9n destac\u00f3 \u201cobras como la realizada sobre la cuenca del R\u00edo Luj\u00e1n, el pluvial Santa Mar\u00eda o la limpieza de los canales de la 15 y la 16, que amortiguaron los efectos del temporal y permitieron que muchas zonas de nuestra ciudad ya no sufran las inundaciones que padecieron en temporales anteriores\u201d.<\/p>\n\n\n\n<p><strong>Tormenta hist\u00f3rica<\/strong><\/p>\n\n\n\n<p>El temporal, que se inici\u00f3 entre la noche del jueves y la ma\u00f1ana del viernes y se extendi\u00f3 hasta el s\u00e1bado a la noche, mantuvo en alerta m\u00e1xima a toda la regi\u00f3n y dej\u00f3 un registro hist\u00f3rico de lluvia ca\u00edda: 195.7 mil\u00edmetros desde el inicio del evento, el jueves pasado, lo que da un acumulado de 924 mil\u00edmetros desde el comienzo de este 2025.<\/p>\n\n\n\n<p>La cifra pone de manifiesto el cambio clim\u00e1tico: super\u00f3 el total de lluvia ca\u00edda de 2022 (570 mil\u00edmetros), de 2023 (872,2) y est\u00e1 muy cerca de traspasar tambi\u00e9n el registro de 2024 (1.068,3).<\/p>\n\n\n\n<figure class=\"wp-block-image size-large\"><img loading=\"lazy\" decoding=\"async\" width=\"1024\" height=\"682\" data-attachment-id=\"184691\" data-permalink=\"https:\/\/www.hoymercedes.com.ar\/principal\/2025\/05\/19\/amplio-despliegue-municipal-de-asistencia-tras-temporal\/dsc02895\/#main\" data-orig-file=\"https:\/\/www.hoymercedes.com.ar\/principal\/wp-content\/uploads\/2025\/05\/DSC02895.jpg\" data-orig-size=\"1319,879\" data-comments-opened=\"0\" data-image-meta=\"{&quot;aperture&quot;:&quot;0&quot;,&quot;credit&quot;:&quot;&quot;,&quot;camera&quot;:&quot;&quot;,&quot;caption&quot;:&quot;&quot;,&quot;created_timestamp&quot;:&quot;0&quot;,&quot;copyright&quot;:&quot;&quot;,&quot;focal_length&quot;:&quot;0&quot;,&quot;iso&quot;:&quot;0&quot;,&quot;shutter_speed&quot;:&quot;0&quot;,&quot;title&quot;:&quot;&quot;,&quot;orientation&quot;:&quot;0&quot;}\" data-image-title=\"DSC02895\" data-image-description=\"\" data-image-caption=\"\" data-large-file=\"https:\/\/www.hoymercedes.com.ar\/principal\/wp-content\/uploads\/2025\/05\/DSC02895-1024x682.jpg\" src=\"https:\/\/www.hoymercedes.com.ar\/principal\/wp-content\/uploads\/2025\/05\/DSC02895-1024x682.jpg\" alt=\"Fuerte despliegue de la municipalidad de Mercedes ante el temporal\" class=\"wp-image-184691\" srcset=\"https:\/\/www.hoymercedes.com.ar\/principal\/wp-content\/uploads\/2025\/05\/DSC02895-1024x682.jpg 1024w, https:\/\/www.hoymercedes.com.ar\/principal\/wp-content\/uploads\/2025\/05\/DSC02895-630x420.jpg 630w, https:\/\/www.hoymercedes.com.ar\/principal\/wp-content\/uploads\/2025\/05\/DSC02895-150x100.jpg 150w, https:\/\/www.hoymercedes.com.ar\/principal\/wp-content\/uploads\/2025\/05\/DSC02895-700x465.jpg 700w, https:\/\/www.hoymercedes.com.ar\/principal\/wp-content\/uploads\/2025\/05\/DSC02895.jpg 1319w\" sizes=\"auto, (max-width: 1024px) 100vw, 1024px\" \/><\/figure>\n\n\n\n<p><strong>Puntos de asistencia y donaciones<\/strong><\/p>\n\n\n\n<p>El operativo dispuso distintos puntos de referencia para brindar asistencia directa a los vecinos de las zonas afectadas. En el barrio Marchetti, el Centro Comunitario (28 entre 61 y 63); en el Malvinas, tambi\u00e9n el Centro Comunitario (18 y 59); en el Facundo Quiroga, el CIC de 10 y 65; el Hospital Odontol\u00f3gico municipal en el Pe\u00f1aloza; y el Club Gowland para toda la zona de Gowland y Agote.<\/p>\n\n\n\n<p>Y las donaciones (elementos de higiene, agua mineral, ropa y calzado, entre otras necesidades) se reciben en Iglesia San Jos\u00e9, C\u00e1ritas, Casa del Ni\u00f1o (Unzu\u00e9), el ex Mart\u00edn Rodr\u00edguez y el club Gowland.<\/p>\n\n\n\n<p><strong>Pron\u00f3stico favorable<\/strong><\/p>\n\n\n\n<p>Mientras tanto, y luego del alerta por tormenta y vientos fuertes del s\u00e1bado a la noche, el domingo amaneci\u00f3 con una mejora notoria del clima: se pronostican algunas lluvias leves para el lunes pero el resto de la semana estar\u00e1 en buenas condiciones, lo que permitir\u00e1 completar las tareas de asistencia y limpieza de las zonas afectadas por las inundaciones.<\/p>\n\n\n\n<p>Las condiciones del martes al pr\u00f3ximo s\u00e1bado ser\u00e1n estables y sin fen\u00f3menos clim\u00e1ticos de relevancia, aunque s\u00ed se registrar\u00e1 un fuerte descenso de la temperatura.<\/p>\n\n\n\n<figure class=\"wp-block-image size-large\"><img loading=\"lazy\" decoding=\"async\" width=\"1024\" height=\"682\" data-attachment-id=\"184692\" data-permalink=\"https:\/\/www.hoymercedes.com.ar\/principal\/2025\/05\/19\/amplio-despliegue-municipal-de-asistencia-tras-temporal\/dsc02942\/#main\" data-orig-file=\"https:\/\/www.hoymercedes.com.ar\/principal\/wp-content\/uploads\/2025\/05\/DSC02942.jpg\" data-orig-size=\"1319,879\" data-comments-opened=\"0\" data-image-meta=\"{&quot;aperture&quot;:&quot;0&quot;,&quot;credit&quot;:&quot;&quot;,&quot;camera&quot;:&quot;&quot;,&quot;caption&quot;:&quot;&quot;,&quot;created_timestamp&quot;:&quot;0&quot;,&quot;copyright&quot;:&quot;&quot;,&quot;focal_length&quot;:&quot;0&quot;,&quot;iso&quot;:&quot;0&quot;,&quot;shutter_speed&quot;:&quot;0&quot;,&quot;title&quot;:&quot;&quot;,&quot;orientation&quot;:&quot;0&quot;}\" data-image-title=\"DSC02942\" data-image-description=\"\" data-image-caption=\"\" data-large-file=\"https:\/\/www.hoymercedes.com.ar\/principal\/wp-content\/uploads\/2025\/05\/DSC02942-1024x682.jpg\" src=\"https:\/\/www.hoymercedes.com.ar\/principal\/wp-content\/uploads\/2025\/05\/DSC02942-1024x682.jpg\" alt=\"Fuerte despliegue de la municipalidad de Mercedes ante el temporal\" class=\"wp-image-184692\" srcset=\"https:\/\/www.hoymercedes.com.ar\/principal\/wp-content\/uploads\/2025\/05\/DSC02942-1024x682.jpg 1024w, https:\/\/www.hoymercedes.com.ar\/principal\/wp-content\/uploads\/2025\/05\/DSC02942-630x420.jpg 630w, https:\/\/www.hoymercedes.com.ar\/principal\/wp-content\/uploads\/2025\/05\/DSC02942-150x100.jpg 150w, https:\/\/www.hoymercedes.com.ar\/principal\/wp-content\/uploads\/2025\/05\/DSC02942-700x465.jpg 700w, https:\/\/www.hoymercedes.com.ar\/principal\/wp-content\/uploads\/2025\/05\/DSC02942.jpg 1319w\" sizes=\"auto, (max-width: 1024px) 100vw, 1024px\" \/><\/figure>\n\n\n\n<p><strong>Asistencia<\/strong><\/p>\n\n\n\n<p>Los n\u00fameros telef\u00f3nicos para pedir asistencia son los siguientes:<\/p>\n\n\n\n<p>Municipio: 147.<\/p>\n\n\n\n<p>Polic\u00eda: 911.<\/p>\n\n\n\n<p>Bomberos Voluntarios; 100.<\/p>\n\n\n\n<p>SAME: 107.<\/p>\n\n\n\n<p><\/p>\n","protected":false},"excerpt":{"rendered":"<p>El municipio despleg\u00f3 un fuerte operativo de asistencia tras el temporal que azot\u00f3 la regi\u00f3n en los \u00faltimos d\u00edas, con &#8230; <a title=\"Amplio despliegue municipal de asistencia tras temporal\" class=\"read-more\" href=\"https:\/\/www.hoymercedes.com.ar\/principal\/2025\/05\/19\/amplio-despliegue-municipal-de-asistencia-tras-temporal\/\" aria-label=\"Leer m\u00e1s sobre Amplio despliegue municipal de asistencia tras temporal\">Leer m\u00e1s<\/a><\/p>\n","protected":false},"author":1,"featured_media":184689,"comment_status":"closed","ping_status":"open","sticky":false,"template":"","format":"standard","meta":{"_monsterinsights_skip_tracking":false,"_monsterinsights_sitenote_active":false,"_monsterinsights_sitenote_note":"","_monsterinsights_sitenote_category":0,"jetpack_post_was_ever_published":false,"_jetpack_newsletter_access":"","_jetpack_dont_email_post_to_subs":false,"_jetpack_newsletter_tier_id":0,"_jetpack_memberships_contains_paywalled_content":false,"_jetpack_memberships_contains_paid_content":false,"footnotes":"","jetpack_publicize_message":"","jetpack_publicize_feature_enabled":true,"jetpack_social_post_already_shared":true,"jetpack_social_options":{"image_generator_settings":{"template":"highway","default_image_id":0,"font":"","enabled":false},"version":2},"_wpas_customize_per_network":false},"categories":[8],"tags":[],"class_list":["post-184688","post","type-post","status-publish","format-standard","has-post-thumbnail","hentry","category-sociedad","generate-columns","tablet-grid-50","mobile-grid-100","grid-parent","grid-50"],"jetpack_publicize_connections":[],"jetpack_featured_media_url":"https:\/\/www.hoymercedes.com.ar\/principal\/wp-content\/uploads\/2025\/05\/DSC02867.jpg","wps_subtitle":"","jetpack_sharing_enabled":true,"_links":{"self":[{"href":"https:\/\/www.hoymercedes.com.ar\/principal\/wp-json\/wp\/v2\/posts\/184688","targetHints":{"allow":["GET"]}}],"collection":[{"href":"https:\/\/www.hoymercedes.com.ar\/principal\/wp-json\/wp\/v2\/posts"}],"about":[{"href":"https:\/\/www.hoymercedes.com.ar\/principal\/wp-json\/wp\/v2\/types\/post"}],"author":[{"embeddable":true,"href":"https:\/\/www.hoymercedes.com.ar\/principal\/wp-json\/wp\/v2\/users\/1"}],"replies":[{"embeddable":true,"href":"https:\/\/www.hoymercedes.com.ar\/principal\/wp-json\/wp\/v2\/comments?post=184688"}],"version-history":[{"count":1,"href":"https:\/\/www.hoymercedes.com.ar\/principal\/wp-json\/wp\/v2\/posts\/184688\/revisions"}],"predecessor-version":[{"id":184693,"href":"https:\/\/www.hoymercedes.com.ar\/principal\/wp-json\/wp\/v2\/posts\/184688\/revisions\/184693"}],"wp:featuredmedia":[{"embeddable":true,"href":"https:\/\/www.hoymercedes.com.ar\/principal\/wp-json\/wp\/v2\/media\/184689"}],"wp:attachment":[{"href":"https:\/\/www.hoymercedes.com.ar\/principal\/wp-json\/wp\/v2\/media?parent=184688"}],"wp:term":[{"taxonomy":"category","embeddable":true,"href":"https:\/\/www.hoymercedes.com.ar\/principal\/wp-json\/wp\/v2\/categories?post=184688"},{"taxonomy":"post_tag","embeddable":true,"href":"https:\/\/www.hoymercedes.com.ar\/principal\/wp-json\/wp\/v2\/tags?post=184688"}],"curies":[{"name":"wp","href":"https:\/\/api.w.org\/{rel}","templated":true}]}}