{"id":18469,"date":"2012-12-04T01:37:28","date_gmt":"2012-12-04T01:37:28","guid":{"rendered":"http:\/\/www.hoymercedes.com.ar\/principal\/?p=18469"},"modified":"2012-12-04T01:39:23","modified_gmt":"2012-12-04T01:39:23","slug":"la-provincia-reconocio-a-mercedes-por-la-capacitacion-de-sus-trabajadores-durante-2012","status":"publish","type":"post","link":"https:\/\/www.hoymercedes.com.ar\/principal\/2012\/12\/04\/la-provincia-reconocio-a-mercedes-por-la-capacitacion-de-sus-trabajadores-durante-2012\/","title":{"rendered":"La Provincia reconoci\u00f3  a Mercedes por la capacitaci\u00f3n de sus trabajadores durante 2012"},"content":{"rendered":"<figure id=\"attachment_18471\" aria-describedby=\"caption-attachment-18471\" style=\"width: 608px\" class=\"wp-caption aligncenter\"><a href=\"https:\/\/www.hoymercedes.com.ar\/principal\/wp-content\/uploads\/2012\/12\/Acto-Merceds.jpg\"><img loading=\"lazy\" decoding=\"async\" data-attachment-id=\"18471\" data-permalink=\"https:\/\/www.hoymercedes.com.ar\/principal\/2012\/12\/04\/la-provincia-reconocio-a-mercedes-por-la-capacitacion-de-sus-trabajadores-durante-2012\/sony-dsc-4\/#main\" data-orig-file=\"https:\/\/www.hoymercedes.com.ar\/principal\/wp-content\/uploads\/2012\/12\/Acto-Merceds.jpg\" data-orig-size=\"618,411\" data-comments-opened=\"1\" data-image-meta=\"{&quot;aperture&quot;:&quot;5&quot;,&quot;credit&quot;:&quot;&quot;,&quot;camera&quot;:&quot;SLT-A55V&quot;,&quot;caption&quot;:&quot;&quot;,&quot;created_timestamp&quot;:&quot;1354187879&quot;,&quot;copyright&quot;:&quot;&quot;,&quot;focal_length&quot;:&quot;18&quot;,&quot;iso&quot;:&quot;640&quot;,&quot;shutter_speed&quot;:&quot;0.016666666666667&quot;,&quot;title&quot;:&quot;SONY DSC&quot;}\" data-image-title=\"Acto-Provincia de Buenos Aires\" data-image-description=\"&lt;p&gt;Mercedinos premiados La Plata&lt;\/p&gt;\n\" data-image-caption=\"&lt;p&gt;Mercedinos premiados La Plata&lt;\/p&gt;\n\" data-large-file=\"https:\/\/www.hoymercedes.com.ar\/principal\/wp-content\/uploads\/2012\/12\/Acto-Merceds.jpg\" class=\"size-full wp-image-18471\" title=\"Acto-Provincia de Buenos Aires\" src=\"https:\/\/www.hoymercedes.com.ar\/principal\/wp-content\/uploads\/2012\/12\/Acto-Merceds.jpg\" alt=\"Mercedinos premiados La Plata\" width=\"618\" height=\"411\" \/><\/a><figcaption id=\"caption-attachment-18471\" class=\"wp-caption-text\">Mercedinos premiados La Plata<\/figcaption><\/figure>\n<p>Ante m\u00e1s de 600 personas entre empleados, docentes y diversas autoridades provinciales y municipales, el Gobierno de la provincia de Buenos Aires realiz\u00f3 la entrega de certificados a los trabajadores p\u00fablicos que se capacitaron durante 2012 a trav\u00e9s del Instituto Provincial de la Administraci\u00f3n P\u00fablica (IPAP), \u00f3rgano rector en materia de formaci\u00f3n que cuenta con 20 a\u00f1os de trayectoria y capacit\u00f3, en lo que va de 2012, a unas 23.247 personas a trav\u00e9s de 1059 cursos.<\/p>\n<p>En la ceremonia, que se realiz\u00f3 en el Sal\u00f3n de Usos M\u00faltiples de la Casa de Gobierno, se entregaron certificados a los intendentes presentes de los municipios que formaron a sus trabajadores a trav\u00e9s del programa de Mejora Continua para la Gesti\u00f3n Local. Entre ellos, fue distinguido el intendente de Mercedes, Carlos Selva, quien destac\u00f3 que \u201ctoda la estructura del IPAP siempre ha estado a disposici\u00f3n del Municipio para capacitar, formar y de facilitar la informaci\u00f3n que hemos necesitado de determinados temas\u201d.<\/p>\n<p>El evento tuvo como oradores principales al secretario General de la Gobernaci\u00f3n, Eduardo Cama\u00f1o, y al subsecretario para la Modernizaci\u00f3n del Estado y presidente del IPAP, Roberto Reale. A su vez, estuvieron presentes los secretarios, de Comunicaci\u00f3n P\u00fablica, Juan Courel; de Turismo, Ignacio Crotto; de Espacio P\u00fablico, Eduardo Aparicio; el presidente de IOMA, Antonio La Scaleia, y los intendentes de Tornquist, Gustavo Trankels; Lezama, Marcelo Racciatti; Salto, Oscar Brasca; Chascom\u00fas, Juan Gobbi; Las Flores, Alberto Gelen\u00e9; y Roque P\u00e9rez, Juan Gasparini. Asimismo, particip\u00f3 en representaci\u00f3n del municipio de Monte el presidente del Concejo Deliberante local y aquellos jefes comunales que no pudieron asistir enviaron sus adhesiones, como fue el caso de Julio Marini, de Benito Ju\u00e1rez; y Julio Pereyra, de Florencio Varela.<\/p>\n<p>Cabe destacar que el IPAP concret\u00f3 en lo que va de 2012 unos 1059 cursos, llegando a capacitar a 23.247 personas, en su mayor\u00eda empleados p\u00fablicos, municipales e integrantes de Instituciones de la Sociedad Civil, y alcanz\u00f3 con formaci\u00f3n a 28 organismos, 250 Organizaciones de la Sociedad Civil y 77 municipios de la provincia de Buenos Aires, mediante sus 7 programas de formaci\u00f3n que incluyen el de Mejora Continua para la Gesti\u00f3n Local, Formaci\u00f3n Continua, Finalizaci\u00f3n de Estudios Secundarios, Formaci\u00f3n Virtual e Intervenci\u00f3n Estrat\u00e9gica Provincial.<\/p>\n<p>Adem\u00e1s de la entrega de certificados a intendentes, se reconoci\u00f3 a los trabajadores provinciales, a los estudiantes con discapacidad, a los miembros de organizaciones de la sociedad civil, a los empleados que participan del programa de Finalizaci\u00f3n de Estudios Secundarios del IPAP y a los alumnos de los cursos virtuales que brinda el Organismo como por ejemplo el taller \u00abMujer y violencia: una aproximaci\u00f3n\u00bb.<\/p>\n<p>Los organismos representados en la entrega de certificados a trav\u00e9s de los alumnos fueron: la Secretar\u00eda de Turismo, que dirige Ignacio Crotto, donde se formaron unas 730 personas; el Ministerio de Trabajo, liderado por Oscar Cuartango, que capacit\u00f3 a unos 365 empleados; la Secretar\u00eda de Ni\u00f1ez y Adolescencia, que dirige Pablo Navarro, que form\u00f3 mediante el IPAP a 599 personas; y la Direcci\u00f3n General de Cultura y Educaci\u00f3n, que conduce Nora De Luc\u00eda.<\/p>\n<p>Asimismo, estuvieron representados la Agencia de Recaudaci\u00f3n de Buenos Aires (ARBA), que lidera Mart\u00edn Di Bella, con 4100 alumnos capacitados; el Ministerio de Jefatura de Gabinete de Ministros, que dirige Alberto P\u00e9rez, y el Ministerio de Desarrollo Social a cargo de Mart\u00edn Ferr\u00e9, donde se formaron 1934 y 1906 personas, respectivamente.<\/p>\n<p>Por su parte, el Ministerio de Salud, que lidera Alejandro Collia, form\u00f3 a unas 769 personas; y la Secretar\u00eda de Derechos Humanos, que dirige Guido Carlotto, capacit\u00f3 a unas 163 personas a trav\u00e9s del IPAP.<\/p>\n<p>En el Acto tambi\u00e9n estuvieron presentes Cristian Manentti, secretario ejecutivo del IPAP; Natalia Lloveras, directora de Gesti\u00f3n del Conocimiento; Claudia Mars\u00f3, directora de Formaci\u00f3n y Capacitaci\u00f3n; Silvia La Ruffa, subsecretaria de Planificaci\u00f3n del Ministerio de Justicia y Seguridad; Alejandro Costa, subsecretario de Planificaci\u00f3n de la Salud de la Provincia, y Antonio Maltana, administrador general de Ferrobaires, entre otras autoridades locales.<\/p>\n","protected":false},"excerpt":{"rendered":"<p>Ante m\u00e1s de 600 personas entre empleados, docentes y diversas autoridades provinciales y municipales, el Gobierno de la provincia de &#8230; <a title=\"La Provincia reconoci\u00f3  a Mercedes por la capacitaci\u00f3n de sus trabajadores durante 2012\" class=\"read-more\" href=\"https:\/\/www.hoymercedes.com.ar\/principal\/2012\/12\/04\/la-provincia-reconocio-a-mercedes-por-la-capacitacion-de-sus-trabajadores-durante-2012\/\" aria-label=\"Leer m\u00e1s sobre La Provincia reconoci\u00f3  a Mercedes por la capacitaci\u00f3n de sus trabajadores durante 2012\">Leer m\u00e1s<\/a><\/p>\n","protected":false},"author":1,"featured_media":0,"comment_status":"open","ping_status":"open","sticky":false,"template":"","format":"standard","meta":{"_monsterinsights_skip_tracking":false,"_monsterinsights_sitenote_active":false,"_monsterinsights_sitenote_note":"","_monsterinsights_sitenote_category":0,"jetpack_post_was_ever_published":false,"_jetpack_newsletter_access":"","_jetpack_dont_email_post_to_subs":false,"_jetpack_newsletter_tier_id":0,"_jetpack_memberships_contains_paywalled_content":false,"_jetpack_memberships_contains_paid_content":false,"footnotes":"","jetpack_publicize_message":"","jetpack_publicize_feature_enabled":true,"jetpack_social_post_already_shared":false,"jetpack_social_options":{"image_generator_settings":{"template":"highway","default_image_id":0,"font":"","enabled":false},"version":2},"_wpas_customize_per_network":false},"categories":[5],"tags":[3042],"class_list":["post-18469","post","type-post","status-publish","format-standard","hentry","category-politica","tag-premios-mercedinos","generate-columns","tablet-grid-50","mobile-grid-100","grid-parent","grid-50"],"jetpack_publicize_connections":[],"jetpack_featured_media_url":"","wps_subtitle":"","jetpack_sharing_enabled":true,"_links":{"self":[{"href":"https:\/\/www.hoymercedes.com.ar\/principal\/wp-json\/wp\/v2\/posts\/18469","targetHints":{"allow":["GET"]}}],"collection":[{"href":"https:\/\/www.hoymercedes.com.ar\/principal\/wp-json\/wp\/v2\/posts"}],"about":[{"href":"https:\/\/www.hoymercedes.com.ar\/principal\/wp-json\/wp\/v2\/types\/post"}],"author":[{"embeddable":true,"href":"https:\/\/www.hoymercedes.com.ar\/principal\/wp-json\/wp\/v2\/users\/1"}],"replies":[{"embeddable":true,"href":"https:\/\/www.hoymercedes.com.ar\/principal\/wp-json\/wp\/v2\/comments?post=18469"}],"version-history":[{"count":0,"href":"https:\/\/www.hoymercedes.com.ar\/principal\/wp-json\/wp\/v2\/posts\/18469\/revisions"}],"wp:attachment":[{"href":"https:\/\/www.hoymercedes.com.ar\/principal\/wp-json\/wp\/v2\/media?parent=18469"}],"wp:term":[{"taxonomy":"category","embeddable":true,"href":"https:\/\/www.hoymercedes.com.ar\/principal\/wp-json\/wp\/v2\/categories?post=18469"},{"taxonomy":"post_tag","embeddable":true,"href":"https:\/\/www.hoymercedes.com.ar\/principal\/wp-json\/wp\/v2\/tags?post=18469"}],"curies":[{"name":"wp","href":"https:\/\/api.w.org\/{rel}","templated":true}]}}