{"id":184703,"date":"2025-05-19T23:45:08","date_gmt":"2025-05-20T02:45:08","guid":{"rendered":"https:\/\/www.hoymercedes.com.ar\/principal\/?p=184703"},"modified":"2025-05-19T23:45:11","modified_gmt":"2025-05-20T02:45:11","slug":"municipio-pone-en-funcionamiento-el-primer-mamografo-publico-de-la-region","status":"publish","type":"post","link":"https:\/\/www.hoymercedes.com.ar\/principal\/2025\/05\/19\/municipio-pone-en-funcionamiento-el-primer-mamografo-publico-de-la-region\/","title":{"rendered":"Municipio pone en funcionamiento el primer mam\u00f3grafo p\u00fablico de la regi\u00f3n"},"content":{"rendered":"\n<div class=\"tweet-container\">\n  <div class=\"tweet-column\">\n    <blockquote class=\"twitter-tweet\">\n      <p lang=\"es\" dir=\"ltr\">Texto del primer tweet aparecer\u00e1 aqu\u00ed autom\u00e1ticamente cuando se cargue el widget de Twitter.<\/p>\n      &mdash; Juani Ustarroz (@juaniustarroz) <a href=\"https:\/\/twitter.com\/juaniustarroz\/status\/1924532578117189942\" target=\"_blank\" rel=\"noopener\">April 20, 2024<\/a>\n    <\/blockquote>\n  <\/div>\n  <div class=\"tweet-column\">\n    <blockquote class=\"twitter-tweet\">\n      <p lang=\"es\" dir=\"ltr\">Texto del segundo tweet aparecer\u00e1 aqu\u00ed autom\u00e1ticamente cuando se cargue el widget de Twitter.<\/p>\n      &mdash; Nicol\u00e1s Kreplak (@nkreplak) <a href=\"https:\/\/twitter.com\/nkreplak\/status\/1924534443232133322\" target=\"_blank\" rel=\"noopener\">April 20, 2024<\/a>\n    <\/blockquote>\n  <\/div>\n<\/div>\n\n<style>\n.tweet-container {\n  display: flex;\n  flex-wrap: wrap;\n  gap: 20px;\n  margin: 20px 0;\n  border: 1px solid #e2e2e2;\n  border-radius: 8px;\n  overflow: hidden;\n  background: #fff;\n}\n\n.tweet-column {\n  flex: 1;\n  min-width: 300px;\n  padding: 15px;\n  border-right: 1px solid #e2e2e2;\n}\n\n.tweet-column:last-child {\n  border-right: none;\n}\n\n.tweet-column .twitter-tweet {\n  margin: 0 !important;\n}\n\n@media (max-width: 768px) {\n  .tweet-column {\n    flex: 100%;\n    border-right: none;\n    border-bottom: 1px solid #e2e2e2;\n  }\n  \n  .tweet-column:last-child {\n    border-bottom: none;\n  }\n}\n<\/style>\n\n<script async src=\"https:\/\/platform.twitter.com\/widgets.js\" charset=\"utf-8\"><\/script>\n\n\n\n<figure class=\"wp-block-image size-large\"><img loading=\"lazy\" decoding=\"async\" width=\"1024\" height=\"682\" data-attachment-id=\"184704\" data-permalink=\"https:\/\/www.hoymercedes.com.ar\/principal\/2025\/05\/19\/municipio-pone-en-funcionamiento-el-primer-mamografo-publico-de-la-region\/dsc_0101-5\/#main\" data-orig-file=\"https:\/\/www.hoymercedes.com.ar\/principal\/wp-content\/uploads\/2025\/05\/DSC_0101.jpg\" data-orig-size=\"1319,879\" data-comments-opened=\"0\" data-image-meta=\"{&quot;aperture&quot;:&quot;0&quot;,&quot;credit&quot;:&quot;&quot;,&quot;camera&quot;:&quot;&quot;,&quot;caption&quot;:&quot;&quot;,&quot;created_timestamp&quot;:&quot;0&quot;,&quot;copyright&quot;:&quot;&quot;,&quot;focal_length&quot;:&quot;0&quot;,&quot;iso&quot;:&quot;0&quot;,&quot;shutter_speed&quot;:&quot;0&quot;,&quot;title&quot;:&quot;&quot;,&quot;orientation&quot;:&quot;0&quot;}\" data-image-title=\"Municipio pone en funcionamiento el primer mam\u00f3grafo p\u00fablico de la regi\u00f3n\" data-image-description=\"&lt;p&gt;Municipio pone en funcionamiento el primer mam\u00f3grafo p\u00fablico de la regi\u00f3n&lt;\/p&gt;\n\" data-image-caption=\"&lt;p&gt;Municipio pone en funcionamiento el primer mam\u00f3grafo p\u00fablico de la regi\u00f3n&lt;\/p&gt;\n\" data-large-file=\"https:\/\/www.hoymercedes.com.ar\/principal\/wp-content\/uploads\/2025\/05\/DSC_0101-1024x682.jpg\" src=\"https:\/\/www.hoymercedes.com.ar\/principal\/wp-content\/uploads\/2025\/05\/DSC_0101-1024x682.jpg\" alt=\"\" class=\"wp-image-184704\" srcset=\"https:\/\/www.hoymercedes.com.ar\/principal\/wp-content\/uploads\/2025\/05\/DSC_0101-1024x682.jpg 1024w, https:\/\/www.hoymercedes.com.ar\/principal\/wp-content\/uploads\/2025\/05\/DSC_0101-630x420.jpg 630w, https:\/\/www.hoymercedes.com.ar\/principal\/wp-content\/uploads\/2025\/05\/DSC_0101-150x100.jpg 150w, https:\/\/www.hoymercedes.com.ar\/principal\/wp-content\/uploads\/2025\/05\/DSC_0101-700x465.jpg 700w, https:\/\/www.hoymercedes.com.ar\/principal\/wp-content\/uploads\/2025\/05\/DSC_0101.jpg 1319w\" sizes=\"auto, (max-width: 1024px) 100vw, 1024px\" \/><\/figure>\n\n\n\n<p>El intendente <strong>Juan I. Ustarroz<\/strong> encabez\u00f3 la puesta en funciones del primer mam\u00f3grafo p\u00fablico de la ciudad. Un gran anhelo de la comunidad que se hace realidad. Se encuentra en el Centro de Diagn\u00f3stico por Im\u00e1genes. Particip\u00f3 del acto el <strong>Dr. Nicol\u00e1s Kreplak<\/strong>, ministro de salud de la Provincia, el secretario de salud N\u00e9stor Pisapia, desde Lalcec y especialmente representaci\u00f3n de distintas instituciones y del campo de la medicina.<\/p>\n\n\n\n<p><strong>Compromiso<\/strong><\/p>\n\n\n\n<p>El intendente <strong>Juani Ustarroz<\/strong> a la hora de tomar la palabra expres\u00f3 que \u201cpara nosotros es un d\u00eda muy emotivo\u201d.<\/p>\n\n\n\n<p>Ponder\u00f3 el jefe comunal el &nbsp;gran \u201ctrabajo de Lalcec, siendo mujeres que siempre est\u00e1n presentes, con muchas ganas, compromiso, solidaridad y coraz\u00f3n\u201d recordando tambi\u00e9n a <strong>Mariana Adano <\/strong>y<strong> Elida Coz.<\/strong><\/p>\n\n\n\n<p>Destac\u00f3 que en nuestra ciudad que en Lalcec se expresa \u201cnuestra poblaci\u00f3n que siempre trabaja con esta idea de pr\u00f3jimo, con esta idea de solidaridad, con esta idea de amor\u201d.<\/p>\n\n\n\n<figure class=\"wp-block-image size-large\"><img loading=\"lazy\" decoding=\"async\" width=\"1024\" height=\"682\" data-attachment-id=\"184705\" data-permalink=\"https:\/\/www.hoymercedes.com.ar\/principal\/2025\/05\/19\/municipio-pone-en-funcionamiento-el-primer-mamografo-publico-de-la-region\/0h0a0072\/#main\" data-orig-file=\"https:\/\/www.hoymercedes.com.ar\/principal\/wp-content\/uploads\/2025\/05\/0H0A0072.jpg\" data-orig-size=\"1319,879\" data-comments-opened=\"0\" data-image-meta=\"{&quot;aperture&quot;:&quot;0&quot;,&quot;credit&quot;:&quot;&quot;,&quot;camera&quot;:&quot;&quot;,&quot;caption&quot;:&quot;&quot;,&quot;created_timestamp&quot;:&quot;0&quot;,&quot;copyright&quot;:&quot;&quot;,&quot;focal_length&quot;:&quot;0&quot;,&quot;iso&quot;:&quot;0&quot;,&quot;shutter_speed&quot;:&quot;0&quot;,&quot;title&quot;:&quot;&quot;,&quot;orientation&quot;:&quot;0&quot;}\" data-image-title=\"Municipio pone en funcionamiento el primer mam\u00f3grafo p\u00fablico de la regi\u00f3n\" data-image-description=\"&lt;p&gt;Municipio pone en funcionamiento el primer mam\u00f3grafo p\u00fablico de la regi\u00f3n&lt;\/p&gt;\n\" data-image-caption=\"&lt;p&gt;Municipio pone en funcionamiento el primer mam\u00f3grafo p\u00fablico de la regi\u00f3n&lt;\/p&gt;\n\" data-large-file=\"https:\/\/www.hoymercedes.com.ar\/principal\/wp-content\/uploads\/2025\/05\/0H0A0072-1024x682.jpg\" src=\"https:\/\/www.hoymercedes.com.ar\/principal\/wp-content\/uploads\/2025\/05\/0H0A0072-1024x682.jpg\" alt=\"\" class=\"wp-image-184705\" srcset=\"https:\/\/www.hoymercedes.com.ar\/principal\/wp-content\/uploads\/2025\/05\/0H0A0072-1024x682.jpg 1024w, https:\/\/www.hoymercedes.com.ar\/principal\/wp-content\/uploads\/2025\/05\/0H0A0072-630x420.jpg 630w, https:\/\/www.hoymercedes.com.ar\/principal\/wp-content\/uploads\/2025\/05\/0H0A0072-150x100.jpg 150w, https:\/\/www.hoymercedes.com.ar\/principal\/wp-content\/uploads\/2025\/05\/0H0A0072-700x465.jpg 700w, https:\/\/www.hoymercedes.com.ar\/principal\/wp-content\/uploads\/2025\/05\/0H0A0072.jpg 1319w\" sizes=\"auto, (max-width: 1024px) 100vw, 1024px\" \/><\/figure>\n\n\n\n<p><strong>Articulaci\u00f3n<\/strong><\/p>\n\n\n\n<p>Record\u00f3, ante la visita del ministro y representantes del hospital, que \u201cla salud es un trabajo de articulaci\u00f3n entre todos los niveles del Estado, entre el Estado y la comunidad, en la prevenci\u00f3n. Nosotros estamos muy agradecidos a la provincia del nivel de respuesta que nos da como municipio\u201d sostuvo y \u201ctambi\u00e9n agradecer mucho en N\u00e9stor y en Mariana a todo el equipo nuestro de salud por el incansable trabajo\u201d<\/p>\n\n\n\n<p><strong>LALCEC<\/strong><\/p>\n\n\n\n<p>Durante a\u00f1os la Lalcec Mercedes ha sido un espacio de lucha y gesti\u00f3n en la prevenci\u00f3n y el cuidado de la salud.<\/p>\n\n\n\n<p><strong>Dora Telesca<\/strong>, presidente de la respetada instituci\u00f3n, expres\u00f3 que \u201ccomo representante de la instituci\u00f3n y de nuestras compa\u00f1eras, realmente estamos en un momento crucial para nosotros, porque hemos sufrido la p\u00e9rdida de una compa\u00f1era, Elida, a ra\u00edz de c\u00e1ncer. Y realmente lo sentimos en el alma. Tambi\u00e9n hemos sufrido la p\u00e9rdida desde la direcci\u00f3n de salud de Mariana Adano, una persona que siempre estuvo a nuestro favor\u201d dijo.<\/p>\n\n\n\n<figure class=\"wp-block-image size-large\"><img loading=\"lazy\" decoding=\"async\" width=\"1024\" height=\"682\" data-attachment-id=\"184706\" data-permalink=\"https:\/\/www.hoymercedes.com.ar\/principal\/2025\/05\/19\/municipio-pone-en-funcionamiento-el-primer-mamografo-publico-de-la-region\/dsc_0051-5\/#main\" data-orig-file=\"https:\/\/www.hoymercedes.com.ar\/principal\/wp-content\/uploads\/2025\/05\/DSC_0051.jpg\" data-orig-size=\"1319,879\" data-comments-opened=\"0\" data-image-meta=\"{&quot;aperture&quot;:&quot;0&quot;,&quot;credit&quot;:&quot;&quot;,&quot;camera&quot;:&quot;&quot;,&quot;caption&quot;:&quot;&quot;,&quot;created_timestamp&quot;:&quot;0&quot;,&quot;copyright&quot;:&quot;&quot;,&quot;focal_length&quot;:&quot;0&quot;,&quot;iso&quot;:&quot;0&quot;,&quot;shutter_speed&quot;:&quot;0&quot;,&quot;title&quot;:&quot;&quot;,&quot;orientation&quot;:&quot;0&quot;}\" data-image-title=\"Municipio pone en funcionamiento el primer mam\u00f3grafo p\u00fablico de la regi\u00f3n\" data-image-description=\"&lt;p&gt;Municipio pone en funcionamiento el primer mam\u00f3grafo p\u00fablico de la regi\u00f3n&lt;\/p&gt;\n\" data-image-caption=\"&lt;p&gt;Municipio pone en funcionamiento el primer mam\u00f3grafo p\u00fablico de la regi\u00f3n&lt;\/p&gt;\n\" data-large-file=\"https:\/\/www.hoymercedes.com.ar\/principal\/wp-content\/uploads\/2025\/05\/DSC_0051-1024x682.jpg\" src=\"https:\/\/www.hoymercedes.com.ar\/principal\/wp-content\/uploads\/2025\/05\/DSC_0051-1024x682.jpg\" alt=\"\" class=\"wp-image-184706\" srcset=\"https:\/\/www.hoymercedes.com.ar\/principal\/wp-content\/uploads\/2025\/05\/DSC_0051-1024x682.jpg 1024w, https:\/\/www.hoymercedes.com.ar\/principal\/wp-content\/uploads\/2025\/05\/DSC_0051-630x420.jpg 630w, https:\/\/www.hoymercedes.com.ar\/principal\/wp-content\/uploads\/2025\/05\/DSC_0051-150x100.jpg 150w, https:\/\/www.hoymercedes.com.ar\/principal\/wp-content\/uploads\/2025\/05\/DSC_0051-700x465.jpg 700w, https:\/\/www.hoymercedes.com.ar\/principal\/wp-content\/uploads\/2025\/05\/DSC_0051.jpg 1319w\" sizes=\"auto, (max-width: 1024px) 100vw, 1024px\" \/><\/figure>\n\n\n\n<p>Mencion\u00f3 que \u201crealmente tener este aparato en la ciudad para nosotros es de fundamental importancia\u201d m\u00e1s adelante cont\u00f3 que en los a\u00f1os de lucha \u201ces como que siempre ten\u00edamos que estar escarbando por aqu\u00ed y por all\u00e1, perd\u00f3n en la terminolog\u00eda, pero por ah\u00ed la emoci\u00f3n no me&#8230; Bueno, realmente yo resalto la importancia y el agradecimiento a las instituciones por este aparato. Muchas gracias\u201d<\/p>\n\n\n\n<p><strong>Ministro<\/strong><\/p>\n\n\n\n<p>Durante la inauguraci\u00f3n, el ministro <strong>Dr Nicol\u00e1s Kreplak<\/strong> felicit\u00f3 al equipo de salud de Mercedes por el trabajo que viene realizando a nivel local y agradeci\u00f3 por la disposici\u00f3n de este nuevo equipo para la Red: \u201cSon momentos dif\u00edciles donde los recursos est\u00e1n muy escasos, la situaci\u00f3n econ\u00f3mica general del pa\u00eds y el recorte que el Estado Nacional est\u00e1 haciendo sobre la provincia afectan en todas las l\u00edneas y eso hace que por ah\u00ed haya pocos recursos\u201d. A la vez, celebr\u00f3 la adquisici\u00f3n del equipo: \u201chace una enorme diferencia, ha cambiado mucho la tecnolog\u00eda, nos permite hacer diagn\u00f3sticos muy precoz, permite llegar a tiempo, esa diferencia de llegar a tiempo o no llegar a tiempo, cambia radicalmente el pron\u00f3stico\u201d, detall\u00f3.<\/p>\n\n\n\n<figure class=\"wp-block-image size-large\"><img loading=\"lazy\" decoding=\"async\" width=\"1024\" height=\"682\" data-attachment-id=\"184707\" data-permalink=\"https:\/\/www.hoymercedes.com.ar\/principal\/2025\/05\/19\/municipio-pone-en-funcionamiento-el-primer-mamografo-publico-de-la-region\/dsc_0033-4\/#main\" data-orig-file=\"https:\/\/www.hoymercedes.com.ar\/principal\/wp-content\/uploads\/2025\/05\/DSC_0033.jpg\" data-orig-size=\"1319,879\" data-comments-opened=\"0\" data-image-meta=\"{&quot;aperture&quot;:&quot;0&quot;,&quot;credit&quot;:&quot;&quot;,&quot;camera&quot;:&quot;&quot;,&quot;caption&quot;:&quot;&quot;,&quot;created_timestamp&quot;:&quot;0&quot;,&quot;copyright&quot;:&quot;&quot;,&quot;focal_length&quot;:&quot;0&quot;,&quot;iso&quot;:&quot;0&quot;,&quot;shutter_speed&quot;:&quot;0&quot;,&quot;title&quot;:&quot;&quot;,&quot;orientation&quot;:&quot;0&quot;}\" data-image-title=\"Municipio pone en funcionamiento el primer mam\u00f3grafo p\u00fablico de la regi\u00f3n\" data-image-description=\"&lt;p&gt;Municipio pone en funcionamiento el primer mam\u00f3grafo p\u00fablico de la regi\u00f3n&lt;\/p&gt;\n\" data-image-caption=\"&lt;p&gt;Municipio pone en funcionamiento el primer mam\u00f3grafo p\u00fablico de la regi\u00f3n&lt;\/p&gt;\n\" data-large-file=\"https:\/\/www.hoymercedes.com.ar\/principal\/wp-content\/uploads\/2025\/05\/DSC_0033-1024x682.jpg\" src=\"https:\/\/www.hoymercedes.com.ar\/principal\/wp-content\/uploads\/2025\/05\/DSC_0033-1024x682.jpg\" alt=\"\" class=\"wp-image-184707\" srcset=\"https:\/\/www.hoymercedes.com.ar\/principal\/wp-content\/uploads\/2025\/05\/DSC_0033-1024x682.jpg 1024w, https:\/\/www.hoymercedes.com.ar\/principal\/wp-content\/uploads\/2025\/05\/DSC_0033-630x420.jpg 630w, https:\/\/www.hoymercedes.com.ar\/principal\/wp-content\/uploads\/2025\/05\/DSC_0033-150x100.jpg 150w, https:\/\/www.hoymercedes.com.ar\/principal\/wp-content\/uploads\/2025\/05\/DSC_0033-700x465.jpg 700w, https:\/\/www.hoymercedes.com.ar\/principal\/wp-content\/uploads\/2025\/05\/DSC_0033.jpg 1319w\" sizes=\"auto, (max-width: 1024px) 100vw, 1024px\" \/><\/figure>\n\n\n\n<p><strong>Salud<\/strong><\/p>\n\n\n\n<p>El <strong>Dr.N\u00e9stor Pisapia<\/strong>, secretario de salud, destac\u00f3 que \u201cla verdad que para nosotros es un momento muy emocionante\u201d agradeciendo tambi\u00e9n la presencia del ministro<\/p>\n\n\n\n<p>\u201cEsto no ser\u00eda posible si no hay decisi\u00f3n pol\u00edtica de mejorar la salud p\u00fablica. As\u00ed que eso tambi\u00e9n est\u00e1 en consonancia con lo que se viene haciendo en la provincia. Y nuestro Intendente siempre nos daba un apoyo respecto a la salud p\u00fablica\u201d dijo.<\/p>\n\n\n\n<p>Destac\u00f3 lo valioso de \u201cpoder adquirir un mam\u00f3grafo de estas caracter\u00edsticas. Que es realmente de \u00faltima generaci\u00f3n\u201d<\/p>\n\n\n\n<p><strong>Centro de Diagn\u00f3stico<\/strong><\/p>\n\n\n\n<p><strong>Pisapia <\/strong>desde lo medicinal narr\u00f3 que \u201cel c\u00e1ncer de mama es una patolog\u00eda prevalente en las mujeres. Es la patolog\u00eda oncol\u00f3gica m\u00e1s prevalente. En nuestro pa\u00eds, seg\u00fan la Sociedad Argentina de Mastolog\u00eda, se diagnostican15 casos de c\u00e1ncer de mama por d\u00eda. Y fallecen entre 8.000 y 9.000 mujeres en la Argentina por c\u00e1ncer de mama. Y hay gran parte de los fallecimientos se podr\u00edan evitar con un diagn\u00f3stico precoz. Tener tecnolog\u00eda de \u00faltima generaci\u00f3n ayuda a eso y esa es la importancia de la prevenci\u00f3n. Nosotros, como APS, Atenci\u00f3n Primaria de la Salud, ponemos \u00e9nfasis en la prevenci\u00f3n para que llegue con prestaciones de calidad, con equidad, igualdad y acceso a toda la poblaci\u00f3n. Y creo que esta es una demostraci\u00f3n. Este centro viene trabajando desde hace varios a\u00f1os. Para que tengan una idea, en este Centro de Diagn\u00f3stico, se hacen m\u00e1s de 3.500 radiograf\u00edas por mes y se hacen m\u00e1s de 350 ecograf\u00edas mensuales. Este es un centro de primer nivel que tiene un equipamiento de primer nivel y que es un orgullo para toda la ciudad de Mercedes\u201d<\/p>\n\n\n\n<figure class=\"wp-block-image size-large\"><img loading=\"lazy\" decoding=\"async\" width=\"1024\" height=\"682\" data-attachment-id=\"184708\" data-permalink=\"https:\/\/www.hoymercedes.com.ar\/principal\/2025\/05\/19\/municipio-pone-en-funcionamiento-el-primer-mamografo-publico-de-la-region\/0h0a9971\/#main\" data-orig-file=\"https:\/\/www.hoymercedes.com.ar\/principal\/wp-content\/uploads\/2025\/05\/0H0A9971.jpg\" data-orig-size=\"1319,879\" data-comments-opened=\"0\" data-image-meta=\"{&quot;aperture&quot;:&quot;0&quot;,&quot;credit&quot;:&quot;&quot;,&quot;camera&quot;:&quot;&quot;,&quot;caption&quot;:&quot;&quot;,&quot;created_timestamp&quot;:&quot;0&quot;,&quot;copyright&quot;:&quot;&quot;,&quot;focal_length&quot;:&quot;0&quot;,&quot;iso&quot;:&quot;0&quot;,&quot;shutter_speed&quot;:&quot;0&quot;,&quot;title&quot;:&quot;&quot;,&quot;orientation&quot;:&quot;0&quot;}\" data-image-title=\"0H0A9971\" data-image-description=\"\" data-image-caption=\"\" data-large-file=\"https:\/\/www.hoymercedes.com.ar\/principal\/wp-content\/uploads\/2025\/05\/0H0A9971-1024x682.jpg\" src=\"https:\/\/www.hoymercedes.com.ar\/principal\/wp-content\/uploads\/2025\/05\/0H0A9971-1024x682.jpg\" alt=\"\" class=\"wp-image-184708\" srcset=\"https:\/\/www.hoymercedes.com.ar\/principal\/wp-content\/uploads\/2025\/05\/0H0A9971-1024x682.jpg 1024w, https:\/\/www.hoymercedes.com.ar\/principal\/wp-content\/uploads\/2025\/05\/0H0A9971-630x420.jpg 630w, https:\/\/www.hoymercedes.com.ar\/principal\/wp-content\/uploads\/2025\/05\/0H0A9971-150x100.jpg 150w, https:\/\/www.hoymercedes.com.ar\/principal\/wp-content\/uploads\/2025\/05\/0H0A9971-700x465.jpg 700w, https:\/\/www.hoymercedes.com.ar\/principal\/wp-content\/uploads\/2025\/05\/0H0A9971.jpg 1319w\" sizes=\"auto, (max-width: 1024px) 100vw, 1024px\" \/><\/figure>\n\n\n\n<p><strong>Homenaje<\/strong><\/p>\n\n\n\n<p>La sala donde instal\u00f3 el nuevo instrumental m\u00e9dico lleva el nombre de Elida Luj\u00e1n Coz, hist\u00f3rica integrante de Lalcec y luchadora en la prevenci\u00f3n y cuidado de la salud. Estuvieron en el descubrimiento de la placa sus hijas y familiares.<\/p>\n\n\n\n<p><strong>Reconocimiento<\/strong><\/p>\n\n\n\n<p>Hubo reconocimiento para la Dra Victoria Ambrosio, m\u00e9dica en im\u00e1genes que trabaja para el equipo de im\u00e1genes del H. Ram\u00f3n Carrillo y es jefa del servicio de im\u00e1genes del H. Sommer quien durante meses efectu\u00f3 an\u00e1lisis y trabajos solidarios con nuestra comunidad.<\/p>\n\n\n\n<p><strong>Presencias<\/strong><\/p>\n\n\n\n<p>Se cont\u00f3 con una amplia participaci\u00f3n de instituciones, m\u00e9dicos, m\u00e9dicas, referentes sociales, Carolina Di N\u00e1poli, responsable de la Regi\u00f3n Sanitaria X, equipos de la secretar\u00eda de salud y especialmente un importante n\u00famero de integrantes de Lalcec, adem\u00e1s vecinos y vecinas.<\/p>\n\n\n\n<p><strong>Equipo<\/strong><\/p>\n\n\n\n<p>El equipo de mamograf\u00eda digital, marca General Medical Merate Group, fue adquirido con fondos municipales mediante una inversi\u00f3n de $162 millones. El modelo es capaz de producir im\u00e1genes de alta calidad para la detecci\u00f3n del c\u00e1ncer de mama y se convertir\u00e1 en un recurso para la regi\u00f3n, ya que estar\u00e1 disponible para la Red Bonaerense de Atenci\u00f3n y Cuidados.<\/p>\n","protected":false},"excerpt":{"rendered":"<p>Texto del primer tweet aparecer\u00e1 aqu\u00ed autom\u00e1ticamente cuando se cargue el widget de Twitter. &mdash; Juani Ustarroz (@juaniustarroz) April 20, &#8230; <a title=\"Municipio pone en funcionamiento el primer mam\u00f3grafo p\u00fablico de la regi\u00f3n\" class=\"read-more\" href=\"https:\/\/www.hoymercedes.com.ar\/principal\/2025\/05\/19\/municipio-pone-en-funcionamiento-el-primer-mamografo-publico-de-la-region\/\" aria-label=\"Leer m\u00e1s sobre Municipio pone en funcionamiento el primer mam\u00f3grafo p\u00fablico de la regi\u00f3n\">Leer m\u00e1s<\/a><\/p>\n","protected":false},"author":1,"featured_media":184704,"comment_status":"closed","ping_status":"open","sticky":false,"template":"","format":"standard","meta":{"_monsterinsights_skip_tracking":false,"_monsterinsights_sitenote_active":false,"_monsterinsights_sitenote_note":"","_monsterinsights_sitenote_category":0,"jetpack_post_was_ever_published":false,"_jetpack_newsletter_access":"","_jetpack_dont_email_post_to_subs":false,"_jetpack_newsletter_tier_id":0,"_jetpack_memberships_contains_paywalled_content":false,"_jetpack_memberships_contains_paid_content":false,"footnotes":"","jetpack_publicize_message":"","jetpack_publicize_feature_enabled":true,"jetpack_social_post_already_shared":true,"jetpack_social_options":{"image_generator_settings":{"template":"highway","default_image_id":0,"font":"","enabled":false},"version":2},"_wpas_customize_per_network":false},"categories":[30],"tags":[19775,585,19901,18054],"class_list":["post-184703","post","type-post","status-publish","format-standard","has-post-thumbnail","hentry","category-municipio","tag-centro-de-diagnostico-por-imagenes-2","tag-juan-ustarroz","tag-mamografo-mercedes","tag-nicolas-kreplak","generate-columns","tablet-grid-50","mobile-grid-100","grid-parent","grid-50"],"jetpack_publicize_connections":[],"jetpack_featured_media_url":"https:\/\/www.hoymercedes.com.ar\/principal\/wp-content\/uploads\/2025\/05\/DSC_0101.jpg","wps_subtitle":"","jetpack_sharing_enabled":true,"_links":{"self":[{"href":"https:\/\/www.hoymercedes.com.ar\/principal\/wp-json\/wp\/v2\/posts\/184703","targetHints":{"allow":["GET"]}}],"collection":[{"href":"https:\/\/www.hoymercedes.com.ar\/principal\/wp-json\/wp\/v2\/posts"}],"about":[{"href":"https:\/\/www.hoymercedes.com.ar\/principal\/wp-json\/wp\/v2\/types\/post"}],"author":[{"embeddable":true,"href":"https:\/\/www.hoymercedes.com.ar\/principal\/wp-json\/wp\/v2\/users\/1"}],"replies":[{"embeddable":true,"href":"https:\/\/www.hoymercedes.com.ar\/principal\/wp-json\/wp\/v2\/comments?post=184703"}],"version-history":[{"count":1,"href":"https:\/\/www.hoymercedes.com.ar\/principal\/wp-json\/wp\/v2\/posts\/184703\/revisions"}],"predecessor-version":[{"id":184709,"href":"https:\/\/www.hoymercedes.com.ar\/principal\/wp-json\/wp\/v2\/posts\/184703\/revisions\/184709"}],"wp:featuredmedia":[{"embeddable":true,"href":"https:\/\/www.hoymercedes.com.ar\/principal\/wp-json\/wp\/v2\/media\/184704"}],"wp:attachment":[{"href":"https:\/\/www.hoymercedes.com.ar\/principal\/wp-json\/wp\/v2\/media?parent=184703"}],"wp:term":[{"taxonomy":"category","embeddable":true,"href":"https:\/\/www.hoymercedes.com.ar\/principal\/wp-json\/wp\/v2\/categories?post=184703"},{"taxonomy":"post_tag","embeddable":true,"href":"https:\/\/www.hoymercedes.com.ar\/principal\/wp-json\/wp\/v2\/tags?post=184703"}],"curies":[{"name":"wp","href":"https:\/\/api.w.org\/{rel}","templated":true}]}}