{"id":184717,"date":"2025-05-20T13:56:18","date_gmt":"2025-05-20T16:56:18","guid":{"rendered":"https:\/\/www.hoymercedes.com.ar\/principal\/?p=184717"},"modified":"2025-05-20T13:56:21","modified_gmt":"2025-05-20T16:56:21","slug":"el-mamm-cerrado-por-refacciones","status":"publish","type":"post","link":"https:\/\/www.hoymercedes.com.ar\/principal\/2025\/05\/20\/el-mamm-cerrado-por-refacciones\/","title":{"rendered":"El MAMM cerrado por refacciones"},"content":{"rendered":"\n<p>Las fuertes lluvias de los \u00faltimo d\u00edas hicieron que el techo del Museo de Arte Municipalidad de Mercedes se viese afectado. Esto determin\u00f3 que se cerrase el espacio cultural para efectuar trabajos de reparaci\u00f3n. <\/p>\n\n\n\n<p>De acuerdo a la informaci\u00f3n obtenida, el Museo debi\u00f3 cerrar sus puertas al encontrarse parte del cielorraso afectado por las lluvias. Estar\u00edan afectados los pasillos, y por lo tanto, las obras expuestas por estos d\u00edas no habr\u00edan sido afectados. <\/p>\n\n\n\n<p>No obstante, el MAMM debi\u00f3 suspender actividades y visitas planeadas hasta nuevo aviso y cerrar sus puertas para hacer los arreglos pertinentes. Se desconoce a\u00fan hasta cuando se ver\u00e1 cerrado al p\u00fablico. <\/p>\n\n\n\n<figure class=\"wp-block-image size-full\"><img loading=\"lazy\" decoding=\"async\" width=\"720\" height=\"900\" data-attachment-id=\"184718\" data-permalink=\"https:\/\/www.hoymercedes.com.ar\/principal\/2025\/05\/20\/el-mamm-cerrado-por-refacciones\/fb_img_1747759765273\/#main\" data-orig-file=\"https:\/\/www.hoymercedes.com.ar\/principal\/wp-content\/uploads\/2025\/05\/FB_IMG_1747759765273.jpg\" data-orig-size=\"720,900\" data-comments-opened=\"0\" data-image-meta=\"{&quot;aperture&quot;:&quot;0&quot;,&quot;credit&quot;:&quot;&quot;,&quot;camera&quot;:&quot;&quot;,&quot;caption&quot;:&quot;&quot;,&quot;created_timestamp&quot;:&quot;0&quot;,&quot;copyright&quot;:&quot;&quot;,&quot;focal_length&quot;:&quot;0&quot;,&quot;iso&quot;:&quot;0&quot;,&quot;shutter_speed&quot;:&quot;0&quot;,&quot;title&quot;:&quot;&quot;,&quot;orientation&quot;:&quot;0&quot;}\" data-image-title=\"FB_IMG_1747759765273\" data-image-description=\"\" data-image-caption=\"\" data-large-file=\"https:\/\/www.hoymercedes.com.ar\/principal\/wp-content\/uploads\/2025\/05\/FB_IMG_1747759765273.jpg\" src=\"https:\/\/www.hoymercedes.com.ar\/principal\/wp-content\/uploads\/2025\/05\/FB_IMG_1747759765273.jpg\" alt=\"\" class=\"wp-image-184718\" srcset=\"https:\/\/www.hoymercedes.com.ar\/principal\/wp-content\/uploads\/2025\/05\/FB_IMG_1747759765273.jpg 720w, https:\/\/www.hoymercedes.com.ar\/principal\/wp-content\/uploads\/2025\/05\/FB_IMG_1747759765273-496x620.jpg 496w, https:\/\/www.hoymercedes.com.ar\/principal\/wp-content\/uploads\/2025\/05\/FB_IMG_1747759765273-120x150.jpg 120w\" sizes=\"auto, (max-width: 720px) 100vw, 720px\" \/><\/figure>\n","protected":false},"excerpt":{"rendered":"<p>Las fuertes lluvias de los \u00faltimo d\u00edas hicieron que el techo del Museo de Arte Municipalidad de Mercedes se viese &#8230; <a title=\"El MAMM cerrado por refacciones\" class=\"read-more\" href=\"https:\/\/www.hoymercedes.com.ar\/principal\/2025\/05\/20\/el-mamm-cerrado-por-refacciones\/\" aria-label=\"Leer m\u00e1s sobre El MAMM cerrado por refacciones\">Leer m\u00e1s<\/a><\/p>\n","protected":false},"author":1,"featured_media":184718,"comment_status":"closed","ping_status":"open","sticky":false,"template":"","format":"standard","meta":{"_monsterinsights_skip_tracking":false,"_monsterinsights_sitenote_active":false,"_monsterinsights_sitenote_note":"","_monsterinsights_sitenote_category":0,"jetpack_post_was_ever_published":false,"_jetpack_newsletter_access":"","_jetpack_dont_email_post_to_subs":false,"_jetpack_newsletter_tier_id":0,"_jetpack_memberships_contains_paywalled_content":false,"_jetpack_memberships_contains_paid_content":false,"footnotes":"","jetpack_publicize_message":"","jetpack_publicize_feature_enabled":true,"jetpack_social_post_already_shared":true,"jetpack_social_options":{"image_generator_settings":{"template":"highway","default_image_id":0,"font":"","enabled":false},"version":2},"_wpas_customize_per_network":false},"categories":[8],"tags":[],"class_list":["post-184717","post","type-post","status-publish","format-standard","has-post-thumbnail","hentry","category-sociedad","generate-columns","tablet-grid-50","mobile-grid-100","grid-parent","grid-50"],"jetpack_publicize_connections":[],"jetpack_featured_media_url":"https:\/\/www.hoymercedes.com.ar\/principal\/wp-content\/uploads\/2025\/05\/FB_IMG_1747759765273.jpg","wps_subtitle":"","jetpack_sharing_enabled":true,"_links":{"self":[{"href":"https:\/\/www.hoymercedes.com.ar\/principal\/wp-json\/wp\/v2\/posts\/184717","targetHints":{"allow":["GET"]}}],"collection":[{"href":"https:\/\/www.hoymercedes.com.ar\/principal\/wp-json\/wp\/v2\/posts"}],"about":[{"href":"https:\/\/www.hoymercedes.com.ar\/principal\/wp-json\/wp\/v2\/types\/post"}],"author":[{"embeddable":true,"href":"https:\/\/www.hoymercedes.com.ar\/principal\/wp-json\/wp\/v2\/users\/1"}],"replies":[{"embeddable":true,"href":"https:\/\/www.hoymercedes.com.ar\/principal\/wp-json\/wp\/v2\/comments?post=184717"}],"version-history":[{"count":1,"href":"https:\/\/www.hoymercedes.com.ar\/principal\/wp-json\/wp\/v2\/posts\/184717\/revisions"}],"predecessor-version":[{"id":184719,"href":"https:\/\/www.hoymercedes.com.ar\/principal\/wp-json\/wp\/v2\/posts\/184717\/revisions\/184719"}],"wp:featuredmedia":[{"embeddable":true,"href":"https:\/\/www.hoymercedes.com.ar\/principal\/wp-json\/wp\/v2\/media\/184718"}],"wp:attachment":[{"href":"https:\/\/www.hoymercedes.com.ar\/principal\/wp-json\/wp\/v2\/media?parent=184717"}],"wp:term":[{"taxonomy":"category","embeddable":true,"href":"https:\/\/www.hoymercedes.com.ar\/principal\/wp-json\/wp\/v2\/categories?post=184717"},{"taxonomy":"post_tag","embeddable":true,"href":"https:\/\/www.hoymercedes.com.ar\/principal\/wp-json\/wp\/v2\/tags?post=184717"}],"curies":[{"name":"wp","href":"https:\/\/api.w.org\/{rel}","templated":true}]}}