{"id":184724,"date":"2025-05-20T16:33:41","date_gmt":"2025-05-20T19:33:41","guid":{"rendered":"https:\/\/www.hoymercedes.com.ar\/principal\/?p=184724"},"modified":"2025-05-20T23:19:36","modified_gmt":"2025-05-21T02:19:36","slug":"alto-acatamiento-al-paro-docente-convocado-por-feb","status":"publish","type":"post","link":"https:\/\/www.hoymercedes.com.ar\/principal\/2025\/05\/20\/alto-acatamiento-al-paro-docente-convocado-por-feb\/","title":{"rendered":"Alto acatamiento al paro docente convocado por FEB"},"content":{"rendered":"\n<p>Con un acatamiento que supera el 90% en toda la provincia de Buenos Aires, el paro convocado por el \u00faltimo Congreso de la FEB ente la propuesta salarial insuficiente del gobierno bonaerense se realiza este martes 20 de mayo. <\/p>\n\n\n\n<figure class=\"wp-block-image size-large\"><img loading=\"lazy\" decoding=\"async\" width=\"1024\" height=\"683\" data-attachment-id=\"184726\" data-permalink=\"https:\/\/www.hoymercedes.com.ar\/principal\/2025\/05\/20\/alto-acatamiento-al-paro-docente-convocado-por-feb\/fb_img_1747769421500\/#main\" data-orig-file=\"https:\/\/www.hoymercedes.com.ar\/principal\/wp-content\/uploads\/2025\/05\/FB_IMG_1747769421500.jpg\" data-orig-size=\"1080,720\" data-comments-opened=\"0\" data-image-meta=\"{&quot;aperture&quot;:&quot;0&quot;,&quot;credit&quot;:&quot;&quot;,&quot;camera&quot;:&quot;&quot;,&quot;caption&quot;:&quot;&quot;,&quot;created_timestamp&quot;:&quot;0&quot;,&quot;copyright&quot;:&quot;&quot;,&quot;focal_length&quot;:&quot;0&quot;,&quot;iso&quot;:&quot;0&quot;,&quot;shutter_speed&quot;:&quot;0&quot;,&quot;title&quot;:&quot;&quot;,&quot;orientation&quot;:&quot;0&quot;}\" data-image-title=\"Paro docente bonaerense\" data-image-description=\"&lt;p&gt;Paro docente bonaerense&lt;\/p&gt;\n\" data-image-caption=\"&lt;p&gt;Paro docente bonaerense&lt;\/p&gt;\n\" data-large-file=\"https:\/\/www.hoymercedes.com.ar\/principal\/wp-content\/uploads\/2025\/05\/FB_IMG_1747769421500-1024x683.jpg\" src=\"https:\/\/www.hoymercedes.com.ar\/principal\/wp-content\/uploads\/2025\/05\/FB_IMG_1747769421500-1024x683.jpg\" alt=\"\" class=\"wp-image-184726\" srcset=\"https:\/\/www.hoymercedes.com.ar\/principal\/wp-content\/uploads\/2025\/05\/FB_IMG_1747769421500-1024x683.jpg 1024w, https:\/\/www.hoymercedes.com.ar\/principal\/wp-content\/uploads\/2025\/05\/FB_IMG_1747769421500-630x420.jpg 630w, https:\/\/www.hoymercedes.com.ar\/principal\/wp-content\/uploads\/2025\/05\/FB_IMG_1747769421500-150x100.jpg 150w, https:\/\/www.hoymercedes.com.ar\/principal\/wp-content\/uploads\/2025\/05\/FB_IMG_1747769421500.jpg 1080w\" sizes=\"auto, (max-width: 1024px) 100vw, 1024px\" \/><figcaption class=\"wp-element-caption\">Asamblea de la FEB que acord\u00f3 el paro docente del 20 de mayo<\/figcaption><\/figure>\n\n\n\n<p>\u201cEsper\u00e1bamos una contundencia como la de hoy, porque sab\u00edamos del malestar que hay entre la docencia por una oferta salarial evidentemente insuficiente\u201d, asegur\u00f3 la presidente de la FEB, Liliana Olivera, y agreg\u00f3 que \u201cm\u00e1s all\u00e1 de los intentos del gobierno provincial por intimidar al sector, los educadores tienen firmes convicciones\u201d.<\/p>\n\n\n\n<p>En este sentido, la titular de la Federaci\u00f3n record\u00f3 que \u201cel paro convocado el \u00faltimo viernes por el Congreso de la instituci\u00f3n fue decidido de manera leg\u00edtima por los docentes a trav\u00e9s de consultas en toda la Provincia y posteriormente por el m\u00e1ximo \u00f3rgano de decisi\u00f3n de la FEB\u201d.<\/p>\n\n\n\n<p>El relevamiento se realiz\u00f3 durante el \u201cturno ma\u00f1ana\u201d en diferentes distritos testigos que tiene la Federaci\u00f3n en todo el territorio provincial y se espera una contundencia similar en el \u201cturno tarde\u201d.<\/p>\n\n\n\n<figure class=\"wp-block-image size-large\"><img loading=\"lazy\" decoding=\"async\" width=\"1024\" height=\"683\" data-attachment-id=\"184727\" data-permalink=\"https:\/\/www.hoymercedes.com.ar\/principal\/2025\/05\/20\/alto-acatamiento-al-paro-docente-convocado-por-feb\/fb_img_1747769404069\/#main\" data-orig-file=\"https:\/\/www.hoymercedes.com.ar\/principal\/wp-content\/uploads\/2025\/05\/FB_IMG_1747769404069.jpg\" data-orig-size=\"1080,720\" data-comments-opened=\"0\" data-image-meta=\"{&quot;aperture&quot;:&quot;0&quot;,&quot;credit&quot;:&quot;&quot;,&quot;camera&quot;:&quot;&quot;,&quot;caption&quot;:&quot;&quot;,&quot;created_timestamp&quot;:&quot;0&quot;,&quot;copyright&quot;:&quot;&quot;,&quot;focal_length&quot;:&quot;0&quot;,&quot;iso&quot;:&quot;0&quot;,&quot;shutter_speed&quot;:&quot;0&quot;,&quot;title&quot;:&quot;&quot;,&quot;orientation&quot;:&quot;0&quot;}\" data-image-title=\"FB_IMG_1747769404069\" data-image-description=\"\" data-image-caption=\"\" data-large-file=\"https:\/\/www.hoymercedes.com.ar\/principal\/wp-content\/uploads\/2025\/05\/FB_IMG_1747769404069-1024x683.jpg\" src=\"https:\/\/www.hoymercedes.com.ar\/principal\/wp-content\/uploads\/2025\/05\/FB_IMG_1747769404069-1024x683.jpg\" alt=\"\" class=\"wp-image-184727\" srcset=\"https:\/\/www.hoymercedes.com.ar\/principal\/wp-content\/uploads\/2025\/05\/FB_IMG_1747769404069-1024x683.jpg 1024w, https:\/\/www.hoymercedes.com.ar\/principal\/wp-content\/uploads\/2025\/05\/FB_IMG_1747769404069-630x420.jpg 630w, https:\/\/www.hoymercedes.com.ar\/principal\/wp-content\/uploads\/2025\/05\/FB_IMG_1747769404069-150x100.jpg 150w, https:\/\/www.hoymercedes.com.ar\/principal\/wp-content\/uploads\/2025\/05\/FB_IMG_1747769404069.jpg 1080w\" sizes=\"auto, (max-width: 1024px) 100vw, 1024px\" \/><figcaption class=\"wp-element-caption\">Liliana Olivera destac\u00f3 que el gobierno bonaerense buscaba cercenar el derecho a huelga. <\/figcaption><\/figure>\n\n\n\n<p>\u201cDictar una conciliaci\u00f3n obligatoria ante un leg\u00edtimo reclamo s\u00f3lo busca cercenar el derecho a huelga y amedrentar a los educadores que luchan por la defensa de sus condiciones laborales\u201d, indic\u00f3 Olivera.<\/p>\n\n\n\n<p>Asimismo, la presidente de la FEB explic\u00f3 que \u201csiempre hemos tenido la responsabilidad de dialogar y negociar por los canales institucionales, pero tambi\u00e9n sabemos que nos asiste el justo derecho constitucional a realizar huelga y esa ha sido la decisi\u00f3n del Congreso de la FEB que es soberano\u201d.<\/p>\n\n\n\n<p>Cabe destacar que en Mercedes, la FEB tiene su referencia local en la UEB Mercedes, el gremio docente que en nuestra ciudad tiene m\u00e1s agremiados. A ellos se le sumaron al paro los docentes no agremiados y docentes afiliados a otros sindicatos, cuyos referentes provinciales aceptaron la propuesta pero en sus bases hay disconformidad. <\/p>\n","protected":false},"excerpt":{"rendered":"<p>Con un acatamiento que supera el 90% en toda la provincia de Buenos Aires, el paro convocado por el \u00faltimo &#8230; <a title=\"Alto acatamiento al paro docente convocado por FEB\" class=\"read-more\" href=\"https:\/\/www.hoymercedes.com.ar\/principal\/2025\/05\/20\/alto-acatamiento-al-paro-docente-convocado-por-feb\/\" aria-label=\"Leer m\u00e1s sobre Alto acatamiento al paro docente convocado por FEB\">Leer m\u00e1s<\/a><\/p>\n","protected":false},"author":1,"featured_media":184726,"comment_status":"closed","ping_status":"open","sticky":false,"template":"","format":"standard","meta":{"_monsterinsights_skip_tracking":false,"_monsterinsights_sitenote_active":false,"_monsterinsights_sitenote_note":"","_monsterinsights_sitenote_category":0,"jetpack_post_was_ever_published":false,"_jetpack_newsletter_access":"","_jetpack_dont_email_post_to_subs":false,"_jetpack_newsletter_tier_id":0,"_jetpack_memberships_contains_paywalled_content":false,"_jetpack_memberships_contains_paid_content":false,"footnotes":"","jetpack_publicize_message":"","jetpack_publicize_feature_enabled":true,"jetpack_social_post_already_shared":true,"jetpack_social_options":{"image_generator_settings":{"template":"highway","default_image_id":0,"font":"","enabled":false},"version":2},"_wpas_customize_per_network":false},"categories":[8],"tags":[],"class_list":["post-184724","post","type-post","status-publish","format-standard","has-post-thumbnail","hentry","category-sociedad","generate-columns","tablet-grid-50","mobile-grid-100","grid-parent","grid-50"],"jetpack_publicize_connections":[],"jetpack_featured_media_url":"https:\/\/www.hoymercedes.com.ar\/principal\/wp-content\/uploads\/2025\/05\/FB_IMG_1747769421500.jpg","wps_subtitle":"","jetpack_sharing_enabled":true,"_links":{"self":[{"href":"https:\/\/www.hoymercedes.com.ar\/principal\/wp-json\/wp\/v2\/posts\/184724","targetHints":{"allow":["GET"]}}],"collection":[{"href":"https:\/\/www.hoymercedes.com.ar\/principal\/wp-json\/wp\/v2\/posts"}],"about":[{"href":"https:\/\/www.hoymercedes.com.ar\/principal\/wp-json\/wp\/v2\/types\/post"}],"author":[{"embeddable":true,"href":"https:\/\/www.hoymercedes.com.ar\/principal\/wp-json\/wp\/v2\/users\/1"}],"replies":[{"embeddable":true,"href":"https:\/\/www.hoymercedes.com.ar\/principal\/wp-json\/wp\/v2\/comments?post=184724"}],"version-history":[{"count":2,"href":"https:\/\/www.hoymercedes.com.ar\/principal\/wp-json\/wp\/v2\/posts\/184724\/revisions"}],"predecessor-version":[{"id":184728,"href":"https:\/\/www.hoymercedes.com.ar\/principal\/wp-json\/wp\/v2\/posts\/184724\/revisions\/184728"}],"wp:featuredmedia":[{"embeddable":true,"href":"https:\/\/www.hoymercedes.com.ar\/principal\/wp-json\/wp\/v2\/media\/184726"}],"wp:attachment":[{"href":"https:\/\/www.hoymercedes.com.ar\/principal\/wp-json\/wp\/v2\/media?parent=184724"}],"wp:term":[{"taxonomy":"category","embeddable":true,"href":"https:\/\/www.hoymercedes.com.ar\/principal\/wp-json\/wp\/v2\/categories?post=184724"},{"taxonomy":"post_tag","embeddable":true,"href":"https:\/\/www.hoymercedes.com.ar\/principal\/wp-json\/wp\/v2\/tags?post=184724"}],"curies":[{"name":"wp","href":"https:\/\/api.w.org\/{rel}","templated":true}]}}