{"id":184736,"date":"2025-05-20T22:18:07","date_gmt":"2025-05-21T01:18:07","guid":{"rendered":"https:\/\/www.hoymercedes.com.ar\/principal\/?p=184736"},"modified":"2025-05-20T22:18:09","modified_gmt":"2025-05-21T01:18:09","slug":"judiciales-aceptan-propuesta-de-aumento-salarial","status":"publish","type":"post","link":"https:\/\/www.hoymercedes.com.ar\/principal\/2025\/05\/20\/judiciales-aceptan-propuesta-de-aumento-salarial\/","title":{"rendered":"Judiciales aceptan propuesta de aumento salarial"},"content":{"rendered":"\n<p>La administraci\u00f3n de Axel Kicillof ha logrado cerrar un acuerdo salarial con el sector judicial, completando as\u00ed las negociaciones con casi todos los gremios estatales. El incremento salarial fue aceptado por las representaciones gremiales. Los polic\u00edas tambi\u00e9n reciben aumento.<\/p>\n\n\n\n<p>El consenso alcanzado con los judiciales incluye un aumento salarial del 10%, que se pagar\u00e1 en dos tramos: la primera cuota en mayo y la segunda en julio, ambas calculadas sobre la base del salario de marzo.<\/p>\n\n\n\n<p>Si bien la mayor\u00eda de los sindicatos aceptaron la propuesta, hubo algunas voces disidentes, como la de la Federaci\u00f3n de Educadores de Buenos Aires (FEB). No obstante, esto no impedir\u00e1 que el aumento llegue a los bolsillos de los maestros, ya que la provincia logr\u00f3 sellar el acuerdo con los sindicatos que representan a la mayor parte de los trabajadores del sector.<\/p>\n\n\n\n<p>Este pacto generalizado marca un avance significativo en la pol\u00edtica salarial provincial, consolidando un per\u00edodo de estabilidad y previsibilidad en las finanzas del estado bonaerense.<\/p>\n\n\n\n<p>El aumento ser\u00e1 del 10% en dos tramos.<\/p>\n","protected":false},"excerpt":{"rendered":"<p>La administraci\u00f3n de Axel Kicillof ha logrado cerrar un acuerdo salarial con el sector judicial, completando as\u00ed las negociaciones con &#8230; <a title=\"Judiciales aceptan propuesta de aumento salarial\" class=\"read-more\" href=\"https:\/\/www.hoymercedes.com.ar\/principal\/2025\/05\/20\/judiciales-aceptan-propuesta-de-aumento-salarial\/\" aria-label=\"Leer m\u00e1s sobre Judiciales aceptan propuesta de aumento salarial\">Leer m\u00e1s<\/a><\/p>\n","protected":false},"author":1,"featured_media":64433,"comment_status":"closed","ping_status":"open","sticky":false,"template":"","format":"standard","meta":{"_monsterinsights_skip_tracking":false,"_monsterinsights_sitenote_active":false,"_monsterinsights_sitenote_note":"","_monsterinsights_sitenote_category":0,"jetpack_post_was_ever_published":false,"_jetpack_newsletter_access":"","_jetpack_dont_email_post_to_subs":false,"_jetpack_newsletter_tier_id":0,"_jetpack_memberships_contains_paywalled_content":false,"_jetpack_memberships_contains_paid_content":false,"footnotes":"","jetpack_publicize_message":"","jetpack_publicize_feature_enabled":true,"jetpack_social_post_already_shared":true,"jetpack_social_options":{"image_generator_settings":{"template":"highway","default_image_id":0,"font":"","enabled":false},"version":2},"_wpas_customize_per_network":false},"categories":[8],"tags":[95,20449,16581,2194,1803,1443,2104],"class_list":["post-184736","post","type-post","status-publish","format-standard","has-post-thumbnail","hentry","category-sociedad","tag-ajb","tag-aumento-salarial","tag-kicillof","tag-paritarias","tag-provincia","tag-sindicatos","tag-tribunales-mercedes","generate-columns","tablet-grid-50","mobile-grid-100","grid-parent","grid-50"],"jetpack_publicize_connections":[],"jetpack_featured_media_url":"https:\/\/www.hoymercedes.com.ar\/principal\/wp-content\/uploads\/2017\/07\/tribunales.jpg","wps_subtitle":"","jetpack_sharing_enabled":true,"_links":{"self":[{"href":"https:\/\/www.hoymercedes.com.ar\/principal\/wp-json\/wp\/v2\/posts\/184736","targetHints":{"allow":["GET"]}}],"collection":[{"href":"https:\/\/www.hoymercedes.com.ar\/principal\/wp-json\/wp\/v2\/posts"}],"about":[{"href":"https:\/\/www.hoymercedes.com.ar\/principal\/wp-json\/wp\/v2\/types\/post"}],"author":[{"embeddable":true,"href":"https:\/\/www.hoymercedes.com.ar\/principal\/wp-json\/wp\/v2\/users\/1"}],"replies":[{"embeddable":true,"href":"https:\/\/www.hoymercedes.com.ar\/principal\/wp-json\/wp\/v2\/comments?post=184736"}],"version-history":[{"count":1,"href":"https:\/\/www.hoymercedes.com.ar\/principal\/wp-json\/wp\/v2\/posts\/184736\/revisions"}],"predecessor-version":[{"id":184737,"href":"https:\/\/www.hoymercedes.com.ar\/principal\/wp-json\/wp\/v2\/posts\/184736\/revisions\/184737"}],"wp:featuredmedia":[{"embeddable":true,"href":"https:\/\/www.hoymercedes.com.ar\/principal\/wp-json\/wp\/v2\/media\/64433"}],"wp:attachment":[{"href":"https:\/\/www.hoymercedes.com.ar\/principal\/wp-json\/wp\/v2\/media?parent=184736"}],"wp:term":[{"taxonomy":"category","embeddable":true,"href":"https:\/\/www.hoymercedes.com.ar\/principal\/wp-json\/wp\/v2\/categories?post=184736"},{"taxonomy":"post_tag","embeddable":true,"href":"https:\/\/www.hoymercedes.com.ar\/principal\/wp-json\/wp\/v2\/tags?post=184736"}],"curies":[{"name":"wp","href":"https:\/\/api.w.org\/{rel}","templated":true}]}}