{"id":184742,"date":"2025-05-21T08:00:00","date_gmt":"2025-05-21T11:00:00","guid":{"rendered":"https:\/\/www.hoymercedes.com.ar\/principal\/?p=184742"},"modified":"2025-05-21T00:50:49","modified_gmt":"2025-05-21T03:50:49","slug":"donaciones-abrigos-frazadas-y-calza-lo-que-mas-se-necesita","status":"publish","type":"post","link":"https:\/\/www.hoymercedes.com.ar\/principal\/2025\/05\/21\/donaciones-abrigos-frazadas-y-calza-lo-que-mas-se-necesita\/","title":{"rendered":"Donaciones: Abrigos, frazadas y calza, lo que m\u00e1s se necesita"},"content":{"rendered":"\n<figure class=\"wp-block-image size-full\"><img loading=\"lazy\" decoding=\"async\" width=\"963\" height=\"738\" data-attachment-id=\"184743\" data-permalink=\"https:\/\/www.hoymercedes.com.ar\/principal\/2025\/05\/21\/donaciones-abrigos-frazadas-y-calza-lo-que-mas-se-necesita\/1-55\/#main\" data-orig-file=\"https:\/\/www.hoymercedes.com.ar\/principal\/wp-content\/uploads\/2025\/05\/1.jpeg\" data-orig-size=\"963,738\" data-comments-opened=\"0\" data-image-meta=\"{&quot;aperture&quot;:&quot;0&quot;,&quot;credit&quot;:&quot;&quot;,&quot;camera&quot;:&quot;&quot;,&quot;caption&quot;:&quot;&quot;,&quot;created_timestamp&quot;:&quot;0&quot;,&quot;copyright&quot;:&quot;&quot;,&quot;focal_length&quot;:&quot;0&quot;,&quot;iso&quot;:&quot;0&quot;,&quot;shutter_speed&quot;:&quot;0&quot;,&quot;title&quot;:&quot;&quot;,&quot;orientation&quot;:&quot;0&quot;}\" data-image-title=\"Donaciones para inundados en Mercedes\" data-image-description=\"&lt;p&gt;Donaciones para inundados en Mercedes &lt;\/p&gt;\n\" data-image-caption=\"&lt;p&gt;Donaciones para inundados en Mercedes &lt;\/p&gt;\n\" data-large-file=\"https:\/\/www.hoymercedes.com.ar\/principal\/wp-content\/uploads\/2025\/05\/1.jpeg\" src=\"https:\/\/www.hoymercedes.com.ar\/principal\/wp-content\/uploads\/2025\/05\/1.jpeg\" alt=\"\" class=\"wp-image-184743\" srcset=\"https:\/\/www.hoymercedes.com.ar\/principal\/wp-content\/uploads\/2025\/05\/1.jpeg 963w, https:\/\/www.hoymercedes.com.ar\/principal\/wp-content\/uploads\/2025\/05\/1-630x483.jpeg 630w, https:\/\/www.hoymercedes.com.ar\/principal\/wp-content\/uploads\/2025\/05\/1-150x115.jpeg 150w\" sizes=\"auto, (max-width: 963px) 100vw, 963px\" \/><\/figure>\n\n\n\n<p>Ropa de abrigo, frazadas, calzado, lo que m\u00e1s se necesita. El agua desciende y contin\u00faan las necesidades. A pesar de los apoyos recibidos a\u00fan queda mucho por recuperar. Esa s\u00ed que contin\u00faan las colectas para ayudar a las familias que padecieron la enorme tormenta vivida.<\/p>\n\n\n\n<p>Por el momento se reciben de 8hs a 18hs en el ex Mart\u00edn Rodriguez ingresando por calle 6 y en el ex Unzu\u00e9. Tambi\u00e9n en calle 34 entre 19 y 21, en el Centro de D\u00eda, aqu\u00ed de 8hs a 16hs.<\/p>\n\n\n\n<p>Son muchos los bienes que se necesitan para las casi 200 familias afectadas. Principalmente:<\/p>\n\n\n\n<ul class=\"wp-block-list\">\n<li>Abrigos<\/li>\n\n\n\n<li>Frazadas<\/li>\n\n\n\n<li>Calzado<\/li>\n\n\n\n<li>Elementos de limpieza<\/li>\n<\/ul>\n","protected":false},"excerpt":{"rendered":"<p>Ropa de abrigo, frazadas, calzado, lo que m\u00e1s se necesita. El agua desciende y contin\u00faan las necesidades. A pesar de &#8230; <a title=\"Donaciones: Abrigos, frazadas y calza, lo que m\u00e1s se necesita\" class=\"read-more\" href=\"https:\/\/www.hoymercedes.com.ar\/principal\/2025\/05\/21\/donaciones-abrigos-frazadas-y-calza-lo-que-mas-se-necesita\/\" aria-label=\"Leer m\u00e1s sobre Donaciones: Abrigos, frazadas y calza, lo que m\u00e1s se necesita\">Leer m\u00e1s<\/a><\/p>\n","protected":false},"author":1,"featured_media":184743,"comment_status":"closed","ping_status":"open","sticky":false,"template":"","format":"standard","meta":{"_monsterinsights_skip_tracking":false,"_monsterinsights_sitenote_active":false,"_monsterinsights_sitenote_note":"","_monsterinsights_sitenote_category":0,"jetpack_post_was_ever_published":false,"_jetpack_newsletter_access":"","_jetpack_dont_email_post_to_subs":false,"_jetpack_newsletter_tier_id":0,"_jetpack_memberships_contains_paywalled_content":false,"_jetpack_memberships_contains_paid_content":false,"footnotes":"","jetpack_publicize_message":"","jetpack_publicize_feature_enabled":true,"jetpack_social_post_already_shared":true,"jetpack_social_options":{"image_generator_settings":{"template":"highway","default_image_id":0,"font":"","enabled":false},"version":2},"_wpas_customize_per_network":false},"categories":[8],"tags":[20450],"class_list":["post-184742","post","type-post","status-publish","format-standard","has-post-thumbnail","hentry","category-sociedad","tag-donaciones-evacuados","generate-columns","tablet-grid-50","mobile-grid-100","grid-parent","grid-50"],"jetpack_publicize_connections":[],"jetpack_featured_media_url":"https:\/\/www.hoymercedes.com.ar\/principal\/wp-content\/uploads\/2025\/05\/1.jpeg","wps_subtitle":"","jetpack_sharing_enabled":true,"_links":{"self":[{"href":"https:\/\/www.hoymercedes.com.ar\/principal\/wp-json\/wp\/v2\/posts\/184742","targetHints":{"allow":["GET"]}}],"collection":[{"href":"https:\/\/www.hoymercedes.com.ar\/principal\/wp-json\/wp\/v2\/posts"}],"about":[{"href":"https:\/\/www.hoymercedes.com.ar\/principal\/wp-json\/wp\/v2\/types\/post"}],"author":[{"embeddable":true,"href":"https:\/\/www.hoymercedes.com.ar\/principal\/wp-json\/wp\/v2\/users\/1"}],"replies":[{"embeddable":true,"href":"https:\/\/www.hoymercedes.com.ar\/principal\/wp-json\/wp\/v2\/comments?post=184742"}],"version-history":[{"count":1,"href":"https:\/\/www.hoymercedes.com.ar\/principal\/wp-json\/wp\/v2\/posts\/184742\/revisions"}],"predecessor-version":[{"id":184744,"href":"https:\/\/www.hoymercedes.com.ar\/principal\/wp-json\/wp\/v2\/posts\/184742\/revisions\/184744"}],"wp:featuredmedia":[{"embeddable":true,"href":"https:\/\/www.hoymercedes.com.ar\/principal\/wp-json\/wp\/v2\/media\/184743"}],"wp:attachment":[{"href":"https:\/\/www.hoymercedes.com.ar\/principal\/wp-json\/wp\/v2\/media?parent=184742"}],"wp:term":[{"taxonomy":"category","embeddable":true,"href":"https:\/\/www.hoymercedes.com.ar\/principal\/wp-json\/wp\/v2\/categories?post=184742"},{"taxonomy":"post_tag","embeddable":true,"href":"https:\/\/www.hoymercedes.com.ar\/principal\/wp-json\/wp\/v2\/tags?post=184742"}],"curies":[{"name":"wp","href":"https:\/\/api.w.org\/{rel}","templated":true}]}}