{"id":184764,"date":"2025-05-22T14:55:10","date_gmt":"2025-05-22T17:55:10","guid":{"rendered":"https:\/\/www.hoymercedes.com.ar\/principal\/?p=184764"},"modified":"2025-05-22T14:55:29","modified_gmt":"2025-05-22T17:55:29","slug":"nuevos-matriculados-se-incorporaron-al-colegio-de-abogados-de-mercedes","status":"publish","type":"post","link":"https:\/\/www.hoymercedes.com.ar\/principal\/2025\/05\/22\/nuevos-matriculados-se-incorporaron-al-colegio-de-abogados-de-mercedes\/","title":{"rendered":"Nuevos matriculados se incorporaron al Colegio de Abogados de Mercedes"},"content":{"rendered":"\n<p><em>El Colegio de Abogados del Departamento Judicial de Mercedes celebr\u00f3 dos ceremonias de jura durante esta semana, sumando nuevos profesionales a su matr\u00edcula, tanto en condici\u00f3n de incompatibilidad como en ejercicio activo.<\/em><\/p>\n\n\n<div class=\"wp-block-image\">\n<figure class=\"aligncenter size-large\"><img loading=\"lazy\" decoding=\"async\" width=\"1024\" height=\"620\" data-attachment-id=\"184765\" data-permalink=\"https:\/\/www.hoymercedes.com.ar\/principal\/2025\/05\/22\/nuevos-matriculados-se-incorporaron-al-colegio-de-abogados-de-mercedes\/jura-19-de-mayo\/#main\" data-orig-file=\"https:\/\/www.hoymercedes.com.ar\/principal\/wp-content\/uploads\/2025\/05\/JURA-19-DE-MAYO.jpg\" data-orig-size=\"2361,1430\" data-comments-opened=\"0\" data-image-meta=\"{&quot;aperture&quot;:&quot;1.8&quot;,&quot;credit&quot;:&quot;&quot;,&quot;camera&quot;:&quot;Galaxy S23&quot;,&quot;caption&quot;:&quot;&quot;,&quot;created_timestamp&quot;:&quot;1747655056&quot;,&quot;copyright&quot;:&quot;&quot;,&quot;focal_length&quot;:&quot;5.4&quot;,&quot;iso&quot;:&quot;160&quot;,&quot;shutter_speed&quot;:&quot;0.01&quot;,&quot;title&quot;:&quot;&quot;,&quot;orientation&quot;:&quot;1&quot;}\" data-image-title=\"JURA 19 DE MAYO\" data-image-description=\"\" data-image-caption=\"\" data-large-file=\"https:\/\/www.hoymercedes.com.ar\/principal\/wp-content\/uploads\/2025\/05\/JURA-19-DE-MAYO-1024x620.jpg\" src=\"https:\/\/www.hoymercedes.com.ar\/principal\/wp-content\/uploads\/2025\/05\/JURA-19-DE-MAYO-1024x620.jpg\" alt=\"\" class=\"wp-image-184765\" srcset=\"https:\/\/www.hoymercedes.com.ar\/principal\/wp-content\/uploads\/2025\/05\/JURA-19-DE-MAYO-1024x620.jpg 1024w, https:\/\/www.hoymercedes.com.ar\/principal\/wp-content\/uploads\/2025\/05\/JURA-19-DE-MAYO-630x382.jpg 630w, https:\/\/www.hoymercedes.com.ar\/principal\/wp-content\/uploads\/2025\/05\/JURA-19-DE-MAYO-150x91.jpg 150w, https:\/\/www.hoymercedes.com.ar\/principal\/wp-content\/uploads\/2025\/05\/JURA-19-DE-MAYO-1536x930.jpg 1536w, https:\/\/www.hoymercedes.com.ar\/principal\/wp-content\/uploads\/2025\/05\/JURA-19-DE-MAYO-2048x1240.jpg 2048w\" sizes=\"auto, (max-width: 1024px) 100vw, 1024px\" \/><\/figure>\n<\/div>\n\n\n<p>El lunes 19 de mayo, en el Segundo Piso del nuestro Colegio, prestaron juramento como matriculados en incompatibilidad el Dr. Juan Antonio Cobucho, y las Dras. Mar\u00eda Florencia Valle y Valeria In\u00e9s Basile. La ceremonia fue presidida por el Dr. Daniel Germ\u00e1n Giuliano, Vicepresidente 2\u00b0 de la instituci\u00f3n, quien brind\u00f3 c\u00e1lidas palabras de bienvenida ante familiares y amigos que acompa\u00f1aron el acto.<\/p>\n\n\n\n<p>En tanto el mi\u00e9rcoles 21 de mayo, en nuestro Sal\u00f3n de Actos \u00abDr. Arturo Acu\u00f1a Anzorena\u00bb, tuvo lugar el juramento (tambi\u00e9n encabezado por el Dr. Giuliano)&nbsp;de los nuevos matriculados en ejercicio activo. En esta ocasi\u00f3n, juraron los doctores y doctoras Sonia Analia Casey, Mariana Chain, Nicanor Delfino, Juan Jose Elorga, Francesa Teresa Goggi Girotti, Ariel Santiago Lagomarsino, Maria Fernanda Larralde, Luis Alejandro Mijares Hernandez, Agustina Subigaray, Fernando Unanue, Aldana Acu\u00f1a Benchivengo, Sebastian Agustin Bruera, Luisina Daguer, Enrique Guillermo Merlo, Danila Santos, Laura Soledad Spinacci y Lorena Daniela Taverna.<\/p>\n\n\n\n<figure class=\"wp-block-image size-large\"><img loading=\"lazy\" decoding=\"async\" width=\"1024\" height=\"472\" data-attachment-id=\"184766\" data-permalink=\"https:\/\/www.hoymercedes.com.ar\/principal\/2025\/05\/22\/nuevos-matriculados-se-incorporaron-al-colegio-de-abogados-de-mercedes\/jura-21-de-mayo\/#main\" data-orig-file=\"https:\/\/www.hoymercedes.com.ar\/principal\/wp-content\/uploads\/2025\/05\/JURA-21-DE-MAYO-scaled.jpg\" data-orig-size=\"2560,1179\" data-comments-opened=\"0\" data-image-meta=\"{&quot;aperture&quot;:&quot;0&quot;,&quot;credit&quot;:&quot;&quot;,&quot;camera&quot;:&quot;&quot;,&quot;caption&quot;:&quot;&quot;,&quot;created_timestamp&quot;:&quot;0&quot;,&quot;copyright&quot;:&quot;&quot;,&quot;focal_length&quot;:&quot;0&quot;,&quot;iso&quot;:&quot;0&quot;,&quot;shutter_speed&quot;:&quot;0&quot;,&quot;title&quot;:&quot;&quot;,&quot;orientation&quot;:&quot;1&quot;}\" data-image-title=\"JURA 21 DE MAYO\" data-image-description=\"\" data-image-caption=\"\" data-large-file=\"https:\/\/www.hoymercedes.com.ar\/principal\/wp-content\/uploads\/2025\/05\/JURA-21-DE-MAYO-1024x472.jpg\" src=\"https:\/\/www.hoymercedes.com.ar\/principal\/wp-content\/uploads\/2025\/05\/JURA-21-DE-MAYO-1024x472.jpg\" alt=\"\" class=\"wp-image-184766\" srcset=\"https:\/\/www.hoymercedes.com.ar\/principal\/wp-content\/uploads\/2025\/05\/JURA-21-DE-MAYO-1024x472.jpg 1024w, https:\/\/www.hoymercedes.com.ar\/principal\/wp-content\/uploads\/2025\/05\/JURA-21-DE-MAYO-630x290.jpg 630w, https:\/\/www.hoymercedes.com.ar\/principal\/wp-content\/uploads\/2025\/05\/JURA-21-DE-MAYO-150x69.jpg 150w, https:\/\/www.hoymercedes.com.ar\/principal\/wp-content\/uploads\/2025\/05\/JURA-21-DE-MAYO-1536x707.jpg 1536w, https:\/\/www.hoymercedes.com.ar\/principal\/wp-content\/uploads\/2025\/05\/JURA-21-DE-MAYO-2048x943.jpg 2048w\" sizes=\"auto, (max-width: 1024px) 100vw, 1024px\" \/><\/figure>\n\n\n\n<p>Desde el Colegio de Abogados del Departamento Judicial de Mercedes felicitamos a todos los nuevos matriculados, dese\u00e1ndoles un camino lleno de \u00e9xitos y crecimiento profesional.<\/p>\n\n\n\n<p><em>Fuente: Prensa CADJMercedes<\/em><\/p>\n","protected":false},"excerpt":{"rendered":"<p>El Colegio de Abogados del Departamento Judicial de Mercedes celebr\u00f3 dos ceremonias de jura durante esta semana, sumando nuevos profesionales &#8230; <a title=\"Nuevos matriculados se incorporaron al Colegio de Abogados de Mercedes\" class=\"read-more\" href=\"https:\/\/www.hoymercedes.com.ar\/principal\/2025\/05\/22\/nuevos-matriculados-se-incorporaron-al-colegio-de-abogados-de-mercedes\/\" aria-label=\"Leer m\u00e1s sobre Nuevos matriculados se incorporaron al Colegio de Abogados de Mercedes\">Leer m\u00e1s<\/a><\/p>\n","protected":false},"author":1,"featured_media":184766,"comment_status":"closed","ping_status":"open","sticky":false,"template":"","format":"standard","meta":{"_monsterinsights_skip_tracking":false,"_monsterinsights_sitenote_active":false,"_monsterinsights_sitenote_note":"","_monsterinsights_sitenote_category":0,"jetpack_post_was_ever_published":false,"_jetpack_newsletter_access":"","_jetpack_dont_email_post_to_subs":false,"_jetpack_newsletter_tier_id":0,"_jetpack_memberships_contains_paywalled_content":false,"_jetpack_memberships_contains_paid_content":false,"footnotes":"","jetpack_publicize_message":"","jetpack_publicize_feature_enabled":true,"jetpack_social_post_already_shared":false,"jetpack_social_options":{"image_generator_settings":{"template":"highway","enabled":false},"version":2},"_wpas_customize_per_network":false},"categories":[8],"tags":[],"class_list":["post-184764","post","type-post","status-publish","format-standard","has-post-thumbnail","hentry","category-sociedad","generate-columns","tablet-grid-50","mobile-grid-100","grid-parent","grid-50"],"jetpack_publicize_connections":[],"jetpack_featured_media_url":"https:\/\/www.hoymercedes.com.ar\/principal\/wp-content\/uploads\/2025\/05\/JURA-21-DE-MAYO-scaled.jpg","wps_subtitle":"","jetpack_sharing_enabled":true,"_links":{"self":[{"href":"https:\/\/www.hoymercedes.com.ar\/principal\/wp-json\/wp\/v2\/posts\/184764","targetHints":{"allow":["GET"]}}],"collection":[{"href":"https:\/\/www.hoymercedes.com.ar\/principal\/wp-json\/wp\/v2\/posts"}],"about":[{"href":"https:\/\/www.hoymercedes.com.ar\/principal\/wp-json\/wp\/v2\/types\/post"}],"author":[{"embeddable":true,"href":"https:\/\/www.hoymercedes.com.ar\/principal\/wp-json\/wp\/v2\/users\/1"}],"replies":[{"embeddable":true,"href":"https:\/\/www.hoymercedes.com.ar\/principal\/wp-json\/wp\/v2\/comments?post=184764"}],"version-history":[{"count":1,"href":"https:\/\/www.hoymercedes.com.ar\/principal\/wp-json\/wp\/v2\/posts\/184764\/revisions"}],"predecessor-version":[{"id":184767,"href":"https:\/\/www.hoymercedes.com.ar\/principal\/wp-json\/wp\/v2\/posts\/184764\/revisions\/184767"}],"wp:featuredmedia":[{"embeddable":true,"href":"https:\/\/www.hoymercedes.com.ar\/principal\/wp-json\/wp\/v2\/media\/184766"}],"wp:attachment":[{"href":"https:\/\/www.hoymercedes.com.ar\/principal\/wp-json\/wp\/v2\/media?parent=184764"}],"wp:term":[{"taxonomy":"category","embeddable":true,"href":"https:\/\/www.hoymercedes.com.ar\/principal\/wp-json\/wp\/v2\/categories?post=184764"},{"taxonomy":"post_tag","embeddable":true,"href":"https:\/\/www.hoymercedes.com.ar\/principal\/wp-json\/wp\/v2\/tags?post=184764"}],"curies":[{"name":"wp","href":"https:\/\/api.w.org\/{rel}","templated":true}]}}