{"id":184790,"date":"2025-05-23T16:21:35","date_gmt":"2025-05-23T19:21:35","guid":{"rendered":"https:\/\/www.hoymercedes.com.ar\/principal\/?p=184790"},"modified":"2025-05-24T09:31:00","modified_gmt":"2025-05-24T12:31:00","slug":"seguridad-de-nacion-se-reunio-con-intendentes-de-ciudades-afectadas-por-el-temporal","status":"publish","type":"post","link":"https:\/\/www.hoymercedes.com.ar\/principal\/2025\/05\/23\/seguridad-de-nacion-se-reunio-con-intendentes-de-ciudades-afectadas-por-el-temporal\/","title":{"rendered":"Ustarroz de reuni\u00f3 con Bullrich por el temporal"},"content":{"rendered":"\n<p>La ministra de Seguridad de la Naci\u00f3n,\u00a0<strong>Patricia Bullrich<\/strong>, recibi\u00f3 a\u00a0<strong>intendentes bonaerenses\u00a0<\/strong>de las\u00a0ciudades m\u00e1s afectadas por las inundaciones. Entre ellos, se hizo presente el Intendente Ustarrroz. El Gobierno Nacional va a asistir a las personas que sufrieron da\u00f1os en sus viviendas. <\/p>\n\n\n\n<p>En la sede ministerial, la funcionaria nacional recibi\u00f3 a los jefes comunales\u00a0<strong>Sebasti\u00e1n Abella\u00a0<\/strong>(Campana) \u00a0<strong>Marcelo Matzkin\u00a0<\/strong>(Z\u00e1rate)\u00a0<strong>Fernando Bouvier\u00a0<\/strong>(Arrecifes)\u00a0<strong>Fernanda Astorino<\/strong>\u00a0(Capit\u00e1n Sarmiento)\u00a0<strong>Juan Ignacio Ustarroz\u00a0<\/strong>(Mercedes)<strong>\u00a0Francisco Ratto<\/strong>\u00a0(San Antonio de Areco) y al secretario de Gobierno de Salto,\u00a0<strong>Camilo Alessandro.<\/strong> Tambi\u00e9n estuvo presente el exintendente de Bragado,\u00a0<strong>Vicente Gatica,<\/strong>\u00a0quien es funcionario del ministerio de Seguridad y articula con los distritos del interior.<\/p>\n\n\n\n<figure class=\"wp-block-image\"><a class=\"td-modal-image\" href=\"data:image\/svg+xml,%3Csvg%20xmlns=\"><img decoding=\"async\" src=\"https:\/\/infocielo.com\/wp-content\/uploads\/2025\/05\/intendentesbullrich1-1024x682.jpg\" alt=\"\" class=\"wp-image-1266004\"\/><\/a><\/figure>\n\n\n\n<p>Seg\u00fan explicaron desde uno de los municipios afectados, la reuni\u00f3n sirvi\u00f3 para para analizar la situaci\u00f3n en cada municipio tras el temporal y el gobierno se comprometi\u00f3 a dar asistencia a familias con da\u00f1os en sus viviendas.<\/p>\n\n\n\n<p>El esquema elegido\u00a0ser\u00eda el mismo que utiliz\u00f3 con los inundados de Bah\u00eda Blanca\u00a0cuando habilit\u00f3 un formulario web para que cada damnificado tramite el subsidio de forma directa y sin intermediarios. Y estuvo destinado \u00a0tanto \u201cpropietarios como inquilinos\u201d. <\/p>\n","protected":false},"excerpt":{"rendered":"<p>La ministra de Seguridad de la Naci\u00f3n,\u00a0Patricia Bullrich, recibi\u00f3 a\u00a0intendentes bonaerenses\u00a0de las\u00a0ciudades m\u00e1s afectadas por las inundaciones. Entre ellos, se &#8230; <a title=\"Ustarroz de reuni\u00f3 con Bullrich por el temporal\" class=\"read-more\" href=\"https:\/\/www.hoymercedes.com.ar\/principal\/2025\/05\/23\/seguridad-de-nacion-se-reunio-con-intendentes-de-ciudades-afectadas-por-el-temporal\/\" aria-label=\"Leer m\u00e1s sobre Ustarroz de reuni\u00f3 con Bullrich por el temporal\">Leer m\u00e1s<\/a><\/p>\n","protected":false},"author":1,"featured_media":184791,"comment_status":"closed","ping_status":"open","sticky":false,"template":"","format":"standard","meta":{"_monsterinsights_skip_tracking":false,"_monsterinsights_sitenote_active":false,"_monsterinsights_sitenote_note":"","_monsterinsights_sitenote_category":0,"jetpack_post_was_ever_published":false,"_jetpack_newsletter_access":"","_jetpack_dont_email_post_to_subs":false,"_jetpack_newsletter_tier_id":0,"_jetpack_memberships_contains_paywalled_content":false,"_jetpack_memberships_contains_paid_content":false,"footnotes":"","jetpack_publicize_message":"","jetpack_publicize_feature_enabled":true,"jetpack_social_post_already_shared":false,"jetpack_social_options":{"image_generator_settings":{"template":"highway","enabled":false},"version":2},"_wpas_customize_per_network":false},"categories":[8],"tags":[],"class_list":["post-184790","post","type-post","status-publish","format-standard","has-post-thumbnail","hentry","category-sociedad","generate-columns","tablet-grid-50","mobile-grid-100","grid-parent","grid-50"],"jetpack_publicize_connections":[],"jetpack_featured_media_url":"https:\/\/www.hoymercedes.com.ar\/principal\/wp-content\/uploads\/2025\/05\/20250523_163901.jpg","wps_subtitle":"Ustarroz presente","jetpack_sharing_enabled":true,"_links":{"self":[{"href":"https:\/\/www.hoymercedes.com.ar\/principal\/wp-json\/wp\/v2\/posts\/184790","targetHints":{"allow":["GET"]}}],"collection":[{"href":"https:\/\/www.hoymercedes.com.ar\/principal\/wp-json\/wp\/v2\/posts"}],"about":[{"href":"https:\/\/www.hoymercedes.com.ar\/principal\/wp-json\/wp\/v2\/types\/post"}],"author":[{"embeddable":true,"href":"https:\/\/www.hoymercedes.com.ar\/principal\/wp-json\/wp\/v2\/users\/1"}],"replies":[{"embeddable":true,"href":"https:\/\/www.hoymercedes.com.ar\/principal\/wp-json\/wp\/v2\/comments?post=184790"}],"version-history":[{"count":5,"href":"https:\/\/www.hoymercedes.com.ar\/principal\/wp-json\/wp\/v2\/posts\/184790\/revisions"}],"predecessor-version":[{"id":184814,"href":"https:\/\/www.hoymercedes.com.ar\/principal\/wp-json\/wp\/v2\/posts\/184790\/revisions\/184814"}],"wp:featuredmedia":[{"embeddable":true,"href":"https:\/\/www.hoymercedes.com.ar\/principal\/wp-json\/wp\/v2\/media\/184791"}],"wp:attachment":[{"href":"https:\/\/www.hoymercedes.com.ar\/principal\/wp-json\/wp\/v2\/media?parent=184790"}],"wp:term":[{"taxonomy":"category","embeddable":true,"href":"https:\/\/www.hoymercedes.com.ar\/principal\/wp-json\/wp\/v2\/categories?post=184790"},{"taxonomy":"post_tag","embeddable":true,"href":"https:\/\/www.hoymercedes.com.ar\/principal\/wp-json\/wp\/v2\/tags?post=184790"}],"curies":[{"name":"wp","href":"https:\/\/api.w.org\/{rel}","templated":true}]}}