{"id":184800,"date":"2025-05-23T19:26:40","date_gmt":"2025-05-23T22:26:40","guid":{"rendered":"https:\/\/www.hoymercedes.com.ar\/principal\/?p=184800"},"modified":"2025-05-23T19:26:45","modified_gmt":"2025-05-23T22:26:45","slug":"curso-de-braille-para-internos-de-la-carcel-de-mercedes","status":"publish","type":"post","link":"https:\/\/www.hoymercedes.com.ar\/principal\/2025\/05\/23\/curso-de-braille-para-internos-de-la-carcel-de-mercedes\/","title":{"rendered":"Curso de Braille para internos de la c\u00e1rcel de Mercedes"},"content":{"rendered":"\n<p>Desde el Servicio Penitenciario Bonaerense informaron que comenz\u00f3 el curso de braille para las personas que est\u00e1n privadas de su libertad en la Unidad N\u00b0 5 de Mercedes. El objetivo de la propuesta es facilitarles la adquisici\u00f3n de nuevas herramientas de inserci\u00f3n laboral y capacitarlos en la confecci\u00f3n de materiales para personas no videntes.<\/p>\n\n\n<div class=\"wp-block-image\">\n<figure class=\"alignleft size-full\"><img loading=\"lazy\" decoding=\"async\" width=\"500\" height=\"300\" data-attachment-id=\"184801\" data-permalink=\"https:\/\/www.hoymercedes.com.ar\/principal\/2025\/05\/23\/curso-de-braille-para-internos-de-la-carcel-de-mercedes\/image-132\/#main\" data-orig-file=\"https:\/\/www.hoymercedes.com.ar\/principal\/wp-content\/uploads\/2025\/05\/image-1.png\" data-orig-size=\"500,300\" data-comments-opened=\"0\" data-image-meta=\"{&quot;aperture&quot;:&quot;0&quot;,&quot;credit&quot;:&quot;&quot;,&quot;camera&quot;:&quot;&quot;,&quot;caption&quot;:&quot;&quot;,&quot;created_timestamp&quot;:&quot;0&quot;,&quot;copyright&quot;:&quot;&quot;,&quot;focal_length&quot;:&quot;0&quot;,&quot;iso&quot;:&quot;0&quot;,&quot;shutter_speed&quot;:&quot;0&quot;,&quot;title&quot;:&quot;&quot;,&quot;orientation&quot;:&quot;0&quot;}\" data-image-title=\"image\" data-image-description=\"\" data-image-caption=\"\" data-large-file=\"https:\/\/www.hoymercedes.com.ar\/principal\/wp-content\/uploads\/2025\/05\/image-1.png\" src=\"https:\/\/www.hoymercedes.com.ar\/principal\/wp-content\/uploads\/2025\/05\/image-1.png\" alt=\"\" class=\"wp-image-184801\" srcset=\"https:\/\/www.hoymercedes.com.ar\/principal\/wp-content\/uploads\/2025\/05\/image-1.png 500w, https:\/\/www.hoymercedes.com.ar\/principal\/wp-content\/uploads\/2025\/05\/image-1-150x90.png 150w\" sizes=\"auto, (max-width: 500px) 100vw, 500px\" \/><\/figure>\n<\/div>\n\n\n<p>Se trata del taller \u00abBraille para la Inclusi\u00f3n\u201d, que consiste de una capacitaci\u00f3n que tendr\u00e1 una duraci\u00f3n de seis meses y se desarrollar\u00e1 a trav\u00e9s de clases presenciales quincenales, con una carga horaria total de 28 horas c\u00e1tedra, y estar\u00e1 a cargo de Carlos Marcelo Aguilar, tallerista no vidente de la Direcci\u00f3n de Discapacidad de la Municipalidad de Mercedes, que tambi\u00e9n aportar\u00e1 los materiales que necesiten los participantes.<\/p>\n\n\n\n<p>La actividad se desarrolla en el Aula de Cultura del \u00c1rea de Vigilancia y Tratamiento de la c\u00e1rcel, con la participaci\u00f3n de 16 alumnos del pabell\u00f3n 5 del primer piso, que bajo la coordinaci\u00f3n del tallerista y la supervisi\u00f3n del personal penitenciario, podr\u00e1n acceder a contenidos espec\u00edficos sobre el lenguaje en braille, y la confecci\u00f3n de materiales para personas no videntes, con el objetivo de que se constituya como un primer paso para un futuro abordaje m\u00e1s completo de la tem\u00e1tica, como parte de la estrategia de reinserci\u00f3n social.<\/p>\n\n\n\n<p>La implementaci\u00f3n de talleres como \u00abBraille para la Inclusi\u00f3n\u00bb constituye una experiencia innovadora dentro del sistema penitenciario, al vincular el acceso al conocimiento con la solidaridad social, en tanto permite que los internos participen activamente en la elaboraci\u00f3n de materiales que podr\u00e1n ser utilizados por personas con discapacidad visual.<\/p>\n\n\n\n<p><\/p>\n","protected":false},"excerpt":{"rendered":"<p>Desde el Servicio Penitenciario Bonaerense informaron que comenz\u00f3 el curso de braille para las personas que est\u00e1n privadas de su &#8230; <a title=\"Curso de Braille para internos de la c\u00e1rcel de Mercedes\" class=\"read-more\" href=\"https:\/\/www.hoymercedes.com.ar\/principal\/2025\/05\/23\/curso-de-braille-para-internos-de-la-carcel-de-mercedes\/\" aria-label=\"Leer m\u00e1s sobre Curso de Braille para internos de la c\u00e1rcel de Mercedes\">Leer m\u00e1s<\/a><\/p>\n","protected":false},"author":1,"featured_media":184801,"comment_status":"closed","ping_status":"open","sticky":false,"template":"","format":"standard","meta":{"_monsterinsights_skip_tracking":false,"_monsterinsights_sitenote_active":false,"_monsterinsights_sitenote_note":"","_monsterinsights_sitenote_category":0,"jetpack_post_was_ever_published":false,"_jetpack_newsletter_access":"","_jetpack_dont_email_post_to_subs":false,"_jetpack_newsletter_tier_id":0,"_jetpack_memberships_contains_paywalled_content":false,"_jetpack_memberships_contains_paid_content":false,"footnotes":"","jetpack_publicize_message":"","jetpack_publicize_feature_enabled":true,"jetpack_social_post_already_shared":false,"jetpack_social_options":{"image_generator_settings":{"template":"highway","enabled":false},"version":2},"_wpas_customize_per_network":false},"categories":[8],"tags":[],"class_list":["post-184800","post","type-post","status-publish","format-standard","has-post-thumbnail","hentry","category-sociedad","generate-columns","tablet-grid-50","mobile-grid-100","grid-parent","grid-50"],"jetpack_publicize_connections":[],"jetpack_featured_media_url":"https:\/\/www.hoymercedes.com.ar\/principal\/wp-content\/uploads\/2025\/05\/image-1.png","wps_subtitle":"","jetpack_sharing_enabled":true,"_links":{"self":[{"href":"https:\/\/www.hoymercedes.com.ar\/principal\/wp-json\/wp\/v2\/posts\/184800","targetHints":{"allow":["GET"]}}],"collection":[{"href":"https:\/\/www.hoymercedes.com.ar\/principal\/wp-json\/wp\/v2\/posts"}],"about":[{"href":"https:\/\/www.hoymercedes.com.ar\/principal\/wp-json\/wp\/v2\/types\/post"}],"author":[{"embeddable":true,"href":"https:\/\/www.hoymercedes.com.ar\/principal\/wp-json\/wp\/v2\/users\/1"}],"replies":[{"embeddable":true,"href":"https:\/\/www.hoymercedes.com.ar\/principal\/wp-json\/wp\/v2\/comments?post=184800"}],"version-history":[{"count":1,"href":"https:\/\/www.hoymercedes.com.ar\/principal\/wp-json\/wp\/v2\/posts\/184800\/revisions"}],"predecessor-version":[{"id":184802,"href":"https:\/\/www.hoymercedes.com.ar\/principal\/wp-json\/wp\/v2\/posts\/184800\/revisions\/184802"}],"wp:featuredmedia":[{"embeddable":true,"href":"https:\/\/www.hoymercedes.com.ar\/principal\/wp-json\/wp\/v2\/media\/184801"}],"wp:attachment":[{"href":"https:\/\/www.hoymercedes.com.ar\/principal\/wp-json\/wp\/v2\/media?parent=184800"}],"wp:term":[{"taxonomy":"category","embeddable":true,"href":"https:\/\/www.hoymercedes.com.ar\/principal\/wp-json\/wp\/v2\/categories?post=184800"},{"taxonomy":"post_tag","embeddable":true,"href":"https:\/\/www.hoymercedes.com.ar\/principal\/wp-json\/wp\/v2\/tags?post=184800"}],"curies":[{"name":"wp","href":"https:\/\/api.w.org\/{rel}","templated":true}]}}