{"id":184809,"date":"2025-05-24T09:56:00","date_gmt":"2025-05-24T12:56:00","guid":{"rendered":"https:\/\/www.hoymercedes.com.ar\/principal\/?p=184809"},"modified":"2025-05-23T20:04:15","modified_gmt":"2025-05-23T23:04:15","slug":"teatro-talia-a-diez-centimetros-de-diferencia","status":"publish","type":"post","link":"https:\/\/www.hoymercedes.com.ar\/principal\/2025\/05\/24\/teatro-talia-a-diez-centimetros-de-diferencia\/","title":{"rendered":"Teatro Tal\u00eda a \u00abDiez Cent\u00edmetros de Diferencia\u00bb"},"content":{"rendered":"\n<p>El venidero s\u00e1bado 7 de junio se presentar\u00e1 en la sala del Teatro Tal\u00eda la obra \u00abDiez Cent\u00edmetros de Diferencia\u00bb de Luc\u00eda Laragione. Un unipersonal interpretado por Carolina Eidelman con la direcci\u00f3n de Jos\u00e9 Almada. <\/p>\n\n\n\n<p>El unipersonal plantea una serie de preguntas en su sinopsis: \u00abUna hija desaparece. \u00bfAcaso una huida juvenil tras un sue\u00f1o? \u00bfUn rapto? \u00bfTrata de personas? \u00bfQu\u00e9 puede hacer una madre para mitigar el dolor por la p\u00e9rdida de una hija? \u00bfCu\u00e1nto tiempo se puede esperar a una hija cuando se sabe que no va a volver?\u00bfY si recurre a Elvis cumpliendo ella misma el sue\u00f1o de juventud de su hija?\u00bb<\/p>\n\n\n\n<p>Con excelentes cr\u00edticas, las reservas y compra de entradas ya est\u00e1 a disposici\u00f3n. Los valores son: entradas general $8000, y para Jubilados el valor es de $ 6000. Las reservas pueden hacerse al 2324 585300 o al 2324 641621.<\/p>\n\n\n<div class=\"wp-block-image\">\n<figure class=\"aligncenter size-full\"><img loading=\"lazy\" decoding=\"async\" width=\"526\" height=\"935\" data-attachment-id=\"184810\" data-permalink=\"https:\/\/www.hoymercedes.com.ar\/principal\/2025\/05\/24\/teatro-talia-a-diez-centimetros-de-diferencia\/image-134\/#main\" data-orig-file=\"https:\/\/www.hoymercedes.com.ar\/principal\/wp-content\/uploads\/2025\/05\/image-3.png\" data-orig-size=\"526,935\" data-comments-opened=\"0\" data-image-meta=\"{&quot;aperture&quot;:&quot;0&quot;,&quot;credit&quot;:&quot;&quot;,&quot;camera&quot;:&quot;&quot;,&quot;caption&quot;:&quot;&quot;,&quot;created_timestamp&quot;:&quot;0&quot;,&quot;copyright&quot;:&quot;&quot;,&quot;focal_length&quot;:&quot;0&quot;,&quot;iso&quot;:&quot;0&quot;,&quot;shutter_speed&quot;:&quot;0&quot;,&quot;title&quot;:&quot;&quot;,&quot;orientation&quot;:&quot;0&quot;}\" data-image-title=\"image\" data-image-description=\"\" data-image-caption=\"\" data-large-file=\"https:\/\/www.hoymercedes.com.ar\/principal\/wp-content\/uploads\/2025\/05\/image-3.png\" src=\"https:\/\/www.hoymercedes.com.ar\/principal\/wp-content\/uploads\/2025\/05\/image-3.png\" alt=\"\" class=\"wp-image-184810\" srcset=\"https:\/\/www.hoymercedes.com.ar\/principal\/wp-content\/uploads\/2025\/05\/image-3.png 526w, https:\/\/www.hoymercedes.com.ar\/principal\/wp-content\/uploads\/2025\/05\/image-3-349x620.png 349w, https:\/\/www.hoymercedes.com.ar\/principal\/wp-content\/uploads\/2025\/05\/image-3-84x150.png 84w\" sizes=\"auto, (max-width: 526px) 100vw, 526px\" \/><\/figure>\n<\/div>","protected":false},"excerpt":{"rendered":"<p>El venidero s\u00e1bado 7 de junio se presentar\u00e1 en la sala del Teatro Tal\u00eda la obra \u00abDiez Cent\u00edmetros de Diferencia\u00bb &#8230; <a title=\"Teatro Tal\u00eda a \u00abDiez Cent\u00edmetros de Diferencia\u00bb\" class=\"read-more\" href=\"https:\/\/www.hoymercedes.com.ar\/principal\/2025\/05\/24\/teatro-talia-a-diez-centimetros-de-diferencia\/\" aria-label=\"Leer m\u00e1s sobre Teatro Tal\u00eda a \u00abDiez Cent\u00edmetros de Diferencia\u00bb\">Leer m\u00e1s<\/a><\/p>\n","protected":false},"author":1,"featured_media":184810,"comment_status":"closed","ping_status":"open","sticky":false,"template":"","format":"standard","meta":{"_monsterinsights_skip_tracking":false,"_monsterinsights_sitenote_active":false,"_monsterinsights_sitenote_note":"","_monsterinsights_sitenote_category":0,"jetpack_post_was_ever_published":false,"_jetpack_newsletter_access":"","_jetpack_dont_email_post_to_subs":false,"_jetpack_newsletter_tier_id":0,"_jetpack_memberships_contains_paywalled_content":false,"_jetpack_memberships_contains_paid_content":false,"footnotes":"","jetpack_publicize_message":"","jetpack_publicize_feature_enabled":true,"jetpack_social_post_already_shared":true,"jetpack_social_options":{"image_generator_settings":{"template":"highway","enabled":false},"version":2},"_wpas_customize_per_network":false},"categories":[8],"tags":[],"class_list":["post-184809","post","type-post","status-publish","format-standard","has-post-thumbnail","hentry","category-sociedad","generate-columns","tablet-grid-50","mobile-grid-100","grid-parent","grid-50"],"jetpack_publicize_connections":[],"jetpack_featured_media_url":"https:\/\/www.hoymercedes.com.ar\/principal\/wp-content\/uploads\/2025\/05\/image-3.png","wps_subtitle":"","jetpack_sharing_enabled":true,"_links":{"self":[{"href":"https:\/\/www.hoymercedes.com.ar\/principal\/wp-json\/wp\/v2\/posts\/184809","targetHints":{"allow":["GET"]}}],"collection":[{"href":"https:\/\/www.hoymercedes.com.ar\/principal\/wp-json\/wp\/v2\/posts"}],"about":[{"href":"https:\/\/www.hoymercedes.com.ar\/principal\/wp-json\/wp\/v2\/types\/post"}],"author":[{"embeddable":true,"href":"https:\/\/www.hoymercedes.com.ar\/principal\/wp-json\/wp\/v2\/users\/1"}],"replies":[{"embeddable":true,"href":"https:\/\/www.hoymercedes.com.ar\/principal\/wp-json\/wp\/v2\/comments?post=184809"}],"version-history":[{"count":1,"href":"https:\/\/www.hoymercedes.com.ar\/principal\/wp-json\/wp\/v2\/posts\/184809\/revisions"}],"predecessor-version":[{"id":184812,"href":"https:\/\/www.hoymercedes.com.ar\/principal\/wp-json\/wp\/v2\/posts\/184809\/revisions\/184812"}],"wp:featuredmedia":[{"embeddable":true,"href":"https:\/\/www.hoymercedes.com.ar\/principal\/wp-json\/wp\/v2\/media\/184810"}],"wp:attachment":[{"href":"https:\/\/www.hoymercedes.com.ar\/principal\/wp-json\/wp\/v2\/media?parent=184809"}],"wp:term":[{"taxonomy":"category","embeddable":true,"href":"https:\/\/www.hoymercedes.com.ar\/principal\/wp-json\/wp\/v2\/categories?post=184809"},{"taxonomy":"post_tag","embeddable":true,"href":"https:\/\/www.hoymercedes.com.ar\/principal\/wp-json\/wp\/v2\/tags?post=184809"}],"curies":[{"name":"wp","href":"https:\/\/api.w.org\/{rel}","templated":true}]}}