{"id":184831,"date":"2025-05-25T18:33:40","date_gmt":"2025-05-25T21:33:40","guid":{"rendered":"https:\/\/www.hoymercedes.com.ar\/principal\/?p=184831"},"modified":"2025-05-25T18:33:43","modified_gmt":"2025-05-25T21:33:43","slug":"se-conmemoro-un-nuevo-acto-por-el-25-de-mayo","status":"publish","type":"post","link":"https:\/\/www.hoymercedes.com.ar\/principal\/2025\/05\/25\/se-conmemoro-un-nuevo-acto-por-el-25-de-mayo\/","title":{"rendered":"Se conmemor\u00f3 un nuevo acto por el 25 de Mayo"},"content":{"rendered":"\n<figure class=\"wp-block-image size-large\"><img loading=\"lazy\" decoding=\"async\" width=\"1024\" height=\"682\" data-attachment-id=\"184832\" data-permalink=\"https:\/\/www.hoymercedes.com.ar\/principal\/2025\/05\/25\/se-conmemoro-un-nuevo-acto-por-el-25-de-mayo\/sja_7260\/#main\" data-orig-file=\"https:\/\/www.hoymercedes.com.ar\/principal\/wp-content\/uploads\/2025\/05\/SJA_7260.jpg\" data-orig-size=\"1319,879\" data-comments-opened=\"0\" data-image-meta=\"{&quot;aperture&quot;:&quot;0&quot;,&quot;credit&quot;:&quot;SEBASTIANAMBROSSIO&quot;,&quot;camera&quot;:&quot;&quot;,&quot;caption&quot;:&quot;&quot;,&quot;created_timestamp&quot;:&quot;0&quot;,&quot;copyright&quot;:&quot;SebastianAmbrossio&quot;,&quot;focal_length&quot;:&quot;0&quot;,&quot;iso&quot;:&quot;0&quot;,&quot;shutter_speed&quot;:&quot;0&quot;,&quot;title&quot;:&quot;&quot;,&quot;orientation&quot;:&quot;0&quot;}\" data-image-title=\"Se conmemor\u00f3 un nuevo acto por el 25 de Mayo\" data-image-description=\"&lt;p&gt;Se conmemor\u00f3 un nuevo acto por el 25 de Mayo&lt;\/p&gt;\n\" data-image-caption=\"&lt;p&gt;Se conmemor\u00f3 un nuevo acto por el 25 de Mayo&lt;\/p&gt;\n\" data-large-file=\"https:\/\/www.hoymercedes.com.ar\/principal\/wp-content\/uploads\/2025\/05\/SJA_7260-1024x682.jpg\" src=\"https:\/\/www.hoymercedes.com.ar\/principal\/wp-content\/uploads\/2025\/05\/SJA_7260-1024x682.jpg\" alt=\"Se conmemor\u00f3 un nuevo acto por el 25 de Mayo\" class=\"wp-image-184832\" srcset=\"https:\/\/www.hoymercedes.com.ar\/principal\/wp-content\/uploads\/2025\/05\/SJA_7260-1024x682.jpg 1024w, https:\/\/www.hoymercedes.com.ar\/principal\/wp-content\/uploads\/2025\/05\/SJA_7260-630x420.jpg 630w, https:\/\/www.hoymercedes.com.ar\/principal\/wp-content\/uploads\/2025\/05\/SJA_7260-150x100.jpg 150w, https:\/\/www.hoymercedes.com.ar\/principal\/wp-content\/uploads\/2025\/05\/SJA_7260-700x465.jpg 700w, https:\/\/www.hoymercedes.com.ar\/principal\/wp-content\/uploads\/2025\/05\/SJA_7260.jpg 1319w\" sizes=\"auto, (max-width: 1024px) 100vw, 1024px\" \/><\/figure>\n\n\n\n<p>Conmemorando la <strong>Revoluci\u00f3n de Mayo<\/strong> se llev\u00f3 adelante un encuentro en Plaza San Mart\u00edn con una amplia participaci\u00f3n que cubri\u00f3 todo el centro de la hist\u00f3rica plaza. Tras el encuentro se concret\u00f3 el tradicional Tedeum oficiado por Catedral Bas\u00edlica. &nbsp;<\/p>\n\n\n\n<p>El acto cont\u00f3 con la presencia de un importante n\u00famero de instituciones, entre ellas Bomberos, Gendarmer\u00eda, Veteranos de Malvinas, un amplio y destacado n\u00famero de instituciones educativas de todos los niveles, funcionarios y especialmente vecinos y vecinas.<\/p>\n\n\n\n<p>Las ofrendas florales fueron colocadas por <strong>Mar\u00eda Clara Zunino<\/strong>, secretaria de gobierno, y <strong>Jose Lu\u00eds Pisano<\/strong>, secretario de educaci\u00f3n, por parte de la Municipalidad. Desde el Concejo Deliberante fue su presidenta, Mariana San Mart\u00edn y <strong>Aida \u201cPety\u201d Laporta<\/strong>.<\/p>\n\n\n\n<p>A la hora de tomar la palabra quien abri\u00f3 el acto fue <strong>Silvina Beyer<\/strong>, directora de la <strong>Escuela Primaria N\u00b013<\/strong>, quien expres\u00f3 que no iba a dar una clase de historia, ni relatos, sino que \u201cles propongo pensar en la palabra revoluci\u00f3n, palabra que puede tener varios significados y nos lleva a imaginar ruido, movimiento, cambios\u201d donde \u201cprincipalmente se refiere esta palabra a un cambio profundo en los paradigmas est\u00e1ticos, generalmente asociado a un cambio en las estructuras pol\u00edticas y sociales de una comunidad y me permito llevar la palabra revoluci\u00f3n a lo que pasa en las escuelas de cada rinc\u00f3n de nuestra Argentina, porque la escuela es el primer espacio social y representativo de nuestros ni\u00f1os y de nuestras ni\u00f1as, es precisamente su voz y tan solo por estar ellos ah\u00ed, jam\u00e1s podr\u00eda ser est\u00e1tica, la escuela revoluciona cuando est\u00e1 bien entendida en lo m\u00e1s profundo de su conformaci\u00f3n\u201d dijo la directora y docente y coment\u00f3 que \u201cla escuela sola es un edificio fr\u00edo la escuela, sos vos, soy yo, es el que toca el timbre para el recreo\u201d&nbsp;<\/p>\n\n\n\n<p>Tambi\u00e9n coment\u00f3 que \u201ccuando hablamos de una escuela que revoluciona decimos, que cambia estados pedag\u00f3gicos y produce futuros que valora emociones y sentimientos para hacerlos genuinos, que resuelve conflictos, que busca estrategias, que corre atr\u00e1s de sue\u00f1os\u201d<\/p>\n\n\n\n<p>Destac\u00f3 que \u201cnunca se queda quieta la escuela porque aprendi\u00f3 de sus h\u00e9roes conocidos y de los an\u00f3nimos a ser libre, a formar en la democracia, a abrir el pensamiento y a fortalecer lazos de hermandad\u201d para afirmar que \u201cla escuela que siempre lucha por un pueblo mejor es la que revoluciona desde sus aulas, que deseo est\u00e9n siempre repletas de libros, de \u00fatiles, y de sue\u00f1os porque hay ciudadanos a los que a\u00fan les importa tener un pa\u00eds mejor. Brindo porque cada 25 de mayo sigamos celebrando revoluciones\u201d. Manifest\u00f3 la directora de la Escuela Primaria N\u00b013.<\/p>\n\n\n\n<figure class=\"wp-block-image size-large\"><img loading=\"lazy\" decoding=\"async\" width=\"1024\" height=\"682\" data-attachment-id=\"184833\" data-permalink=\"https:\/\/www.hoymercedes.com.ar\/principal\/2025\/05\/25\/se-conmemoro-un-nuevo-acto-por-el-25-de-mayo\/sja_7284\/#main\" data-orig-file=\"https:\/\/www.hoymercedes.com.ar\/principal\/wp-content\/uploads\/2025\/05\/SJA_7284.jpg\" data-orig-size=\"1319,879\" data-comments-opened=\"0\" data-image-meta=\"{&quot;aperture&quot;:&quot;0&quot;,&quot;credit&quot;:&quot;SEBASTIANAMBROSSIO&quot;,&quot;camera&quot;:&quot;&quot;,&quot;caption&quot;:&quot;&quot;,&quot;created_timestamp&quot;:&quot;0&quot;,&quot;copyright&quot;:&quot;SebastianAmbrossio&quot;,&quot;focal_length&quot;:&quot;0&quot;,&quot;iso&quot;:&quot;0&quot;,&quot;shutter_speed&quot;:&quot;0&quot;,&quot;title&quot;:&quot;&quot;,&quot;orientation&quot;:&quot;0&quot;}\" data-image-title=\"Se conmemor\u00f3 un nuevo acto por el 25 de Mayo\" data-image-description=\"&lt;p&gt;Se conmemor\u00f3 un nuevo acto por el 25 de Mayo&lt;\/p&gt;\n\" data-image-caption=\"&lt;p&gt;Se conmemor\u00f3 un nuevo acto por el 25 de Mayo&lt;\/p&gt;\n\" data-large-file=\"https:\/\/www.hoymercedes.com.ar\/principal\/wp-content\/uploads\/2025\/05\/SJA_7284-1024x682.jpg\" src=\"https:\/\/www.hoymercedes.com.ar\/principal\/wp-content\/uploads\/2025\/05\/SJA_7284-1024x682.jpg\" alt=\"Se conmemor\u00f3 un nuevo acto por el 25 de Mayo\" class=\"wp-image-184833\" srcset=\"https:\/\/www.hoymercedes.com.ar\/principal\/wp-content\/uploads\/2025\/05\/SJA_7284-1024x682.jpg 1024w, https:\/\/www.hoymercedes.com.ar\/principal\/wp-content\/uploads\/2025\/05\/SJA_7284-630x420.jpg 630w, https:\/\/www.hoymercedes.com.ar\/principal\/wp-content\/uploads\/2025\/05\/SJA_7284-150x100.jpg 150w, https:\/\/www.hoymercedes.com.ar\/principal\/wp-content\/uploads\/2025\/05\/SJA_7284-700x465.jpg 700w, https:\/\/www.hoymercedes.com.ar\/principal\/wp-content\/uploads\/2025\/05\/SJA_7284.jpg 1319w\" sizes=\"auto, (max-width: 1024px) 100vw, 1024px\" \/><\/figure>\n\n\n\n<p>Tambi\u00e9n tom\u00f3 la palabra <strong>Mariana San Mart\u00edn<\/strong>, presidenta del Concejo Deliberante, quien afirm\u00f3 que \u201cquiero destacar lo que dec\u00eda Silvina, de pensar la educaci\u00f3n como revoluci\u00f3n, como acto patrio\u201d porque \u201ces sin duda un eje de nuestra comunidad\u201d.<\/p>\n\n\n\n<p>Luego coment\u00f3 que \u201cuna lectura muy interesante es el plan de operaciones de Mariano Moreno, donde \u00e9l ah\u00ed ya sentaba las bases del trabajo participativo de lo que para nuestros congresales, para nuestros h\u00e9roes de mayo, de la primera junta, pod\u00eda llegar a ser un pa\u00eds independiente\u201d y \u201chablaba de la soberan\u00eda, de la econom\u00eda, y hablaba de los socios, y hablaba de lo social. Y en esto se me ocurre que es muy importante unirlo a lo que pas\u00f3, vimos y vivimos en esta \u00faltima semana en nuestra querida ciudad de Mercedes que padeci\u00f3 un grave fen\u00f3meno clim\u00e1tico, donde el intendente r\u00e1pidamente conform\u00f3 el Comit\u00e9 de Emergencia y se vio una gran solidaridad de instituciones intermedias, de la comunidad, como los clubes, Gendarmer\u00eda, educadores, Veteranos de Malvinas, Iglesias y tantos vecinos y vecinas que acompa\u00f1aron al pr\u00f3jimo en momentos tan dif\u00edciles\u201d<\/p>\n\n\n\n<p>Antes de finalizar record\u00f3 las palabras del Papa Francisco, la solidaridad y la comunidad, el cuidado del ambiente, que es nuestra casa, para un mejor pa\u00eds en el presente y futuro, siempre buscando construir una Naci\u00f3n, haciendo una patria grande, diversa, plural.<\/p>\n\n\n\n<p>Tras el acto un importante n\u00famero de asistentes al acto se dirigi\u00f3 a Catedral Bas\u00edlica para participar del tedeum oficiado por el arzobispado de Mercedes-Luj\u00e1n.<\/p>\n\n\n\n<figure class=\"wp-block-image size-large\"><img loading=\"lazy\" decoding=\"async\" width=\"1024\" height=\"682\" data-attachment-id=\"184834\" data-permalink=\"https:\/\/www.hoymercedes.com.ar\/principal\/2025\/05\/25\/se-conmemoro-un-nuevo-acto-por-el-25-de-mayo\/sja_7230\/#main\" data-orig-file=\"https:\/\/www.hoymercedes.com.ar\/principal\/wp-content\/uploads\/2025\/05\/SJA_7230.jpg\" data-orig-size=\"1319,879\" data-comments-opened=\"0\" data-image-meta=\"{&quot;aperture&quot;:&quot;0&quot;,&quot;credit&quot;:&quot;SEBASTIANAMBROSSIO&quot;,&quot;camera&quot;:&quot;&quot;,&quot;caption&quot;:&quot;&quot;,&quot;created_timestamp&quot;:&quot;0&quot;,&quot;copyright&quot;:&quot;SebastianAmbrossio&quot;,&quot;focal_length&quot;:&quot;0&quot;,&quot;iso&quot;:&quot;0&quot;,&quot;shutter_speed&quot;:&quot;0&quot;,&quot;title&quot;:&quot;&quot;,&quot;orientation&quot;:&quot;0&quot;}\" data-image-title=\"Se conmemor\u00f3 un nuevo acto por el 25 de Mayo\" data-image-description=\"&lt;p&gt;Se conmemor\u00f3 un nuevo acto por el 25 de Mayo&lt;\/p&gt;\n\" data-image-caption=\"&lt;p&gt;Se conmemor\u00f3 un nuevo acto por el 25 de Mayo&lt;\/p&gt;\n\" data-large-file=\"https:\/\/www.hoymercedes.com.ar\/principal\/wp-content\/uploads\/2025\/05\/SJA_7230-1024x682.jpg\" src=\"https:\/\/www.hoymercedes.com.ar\/principal\/wp-content\/uploads\/2025\/05\/SJA_7230-1024x682.jpg\" alt=\"Se conmemor\u00f3 un nuevo acto por el 25 de Mayo\" class=\"wp-image-184834\" srcset=\"https:\/\/www.hoymercedes.com.ar\/principal\/wp-content\/uploads\/2025\/05\/SJA_7230-1024x682.jpg 1024w, https:\/\/www.hoymercedes.com.ar\/principal\/wp-content\/uploads\/2025\/05\/SJA_7230-630x420.jpg 630w, https:\/\/www.hoymercedes.com.ar\/principal\/wp-content\/uploads\/2025\/05\/SJA_7230-150x100.jpg 150w, https:\/\/www.hoymercedes.com.ar\/principal\/wp-content\/uploads\/2025\/05\/SJA_7230-700x465.jpg 700w, https:\/\/www.hoymercedes.com.ar\/principal\/wp-content\/uploads\/2025\/05\/SJA_7230.jpg 1319w\" sizes=\"auto, (max-width: 1024px) 100vw, 1024px\" \/><\/figure>\n\n\n\n<figure class=\"wp-block-image size-large\"><img loading=\"lazy\" decoding=\"async\" width=\"1024\" height=\"682\" data-attachment-id=\"184835\" data-permalink=\"https:\/\/www.hoymercedes.com.ar\/principal\/2025\/05\/25\/se-conmemoro-un-nuevo-acto-por-el-25-de-mayo\/sja_7342\/#main\" data-orig-file=\"https:\/\/www.hoymercedes.com.ar\/principal\/wp-content\/uploads\/2025\/05\/SJA_7342.jpg\" data-orig-size=\"1319,879\" data-comments-opened=\"0\" data-image-meta=\"{&quot;aperture&quot;:&quot;0&quot;,&quot;credit&quot;:&quot;SEBASTIANAMBROSSIO&quot;,&quot;camera&quot;:&quot;&quot;,&quot;caption&quot;:&quot;&quot;,&quot;created_timestamp&quot;:&quot;0&quot;,&quot;copyright&quot;:&quot;SebastianAmbrossio&quot;,&quot;focal_length&quot;:&quot;0&quot;,&quot;iso&quot;:&quot;0&quot;,&quot;shutter_speed&quot;:&quot;0&quot;,&quot;title&quot;:&quot;&quot;,&quot;orientation&quot;:&quot;0&quot;}\" data-image-title=\"Se conmemor\u00f3 un nuevo acto por el 25 de Mayo\" data-image-description=\"&lt;p&gt;Se conmemor\u00f3 un nuevo acto por el 25 de Mayo&lt;\/p&gt;\n\" data-image-caption=\"&lt;p&gt;Se conmemor\u00f3 un nuevo acto por el 25 de Mayo&lt;\/p&gt;\n\" data-large-file=\"https:\/\/www.hoymercedes.com.ar\/principal\/wp-content\/uploads\/2025\/05\/SJA_7342-1024x682.jpg\" src=\"https:\/\/www.hoymercedes.com.ar\/principal\/wp-content\/uploads\/2025\/05\/SJA_7342-1024x682.jpg\" alt=\"Se conmemor\u00f3 un nuevo acto por el 25 de Mayo\" class=\"wp-image-184835\" srcset=\"https:\/\/www.hoymercedes.com.ar\/principal\/wp-content\/uploads\/2025\/05\/SJA_7342-1024x682.jpg 1024w, https:\/\/www.hoymercedes.com.ar\/principal\/wp-content\/uploads\/2025\/05\/SJA_7342-630x420.jpg 630w, https:\/\/www.hoymercedes.com.ar\/principal\/wp-content\/uploads\/2025\/05\/SJA_7342-150x100.jpg 150w, https:\/\/www.hoymercedes.com.ar\/principal\/wp-content\/uploads\/2025\/05\/SJA_7342-700x465.jpg 700w, https:\/\/www.hoymercedes.com.ar\/principal\/wp-content\/uploads\/2025\/05\/SJA_7342.jpg 1319w\" sizes=\"auto, (max-width: 1024px) 100vw, 1024px\" \/><\/figure>\n","protected":false},"excerpt":{"rendered":"<p>Conmemorando la Revoluci\u00f3n de Mayo se llev\u00f3 adelante un encuentro en Plaza San Mart\u00edn con una amplia participaci\u00f3n que cubri\u00f3 &#8230; <a title=\"Se conmemor\u00f3 un nuevo acto por el 25 de Mayo\" class=\"read-more\" href=\"https:\/\/www.hoymercedes.com.ar\/principal\/2025\/05\/25\/se-conmemoro-un-nuevo-acto-por-el-25-de-mayo\/\" aria-label=\"Leer m\u00e1s sobre Se conmemor\u00f3 un nuevo acto por el 25 de Mayo\">Leer m\u00e1s<\/a><\/p>\n","protected":false},"author":1,"featured_media":184833,"comment_status":"closed","ping_status":"open","sticky":false,"template":"","format":"standard","meta":{"_monsterinsights_skip_tracking":false,"_monsterinsights_sitenote_active":false,"_monsterinsights_sitenote_note":"","_monsterinsights_sitenote_category":0,"jetpack_post_was_ever_published":false,"_jetpack_newsletter_access":"","_jetpack_dont_email_post_to_subs":false,"_jetpack_newsletter_tier_id":0,"_jetpack_memberships_contains_paywalled_content":false,"_jetpack_memberships_contains_paid_content":false,"footnotes":"","jetpack_publicize_message":"","jetpack_publicize_feature_enabled":true,"jetpack_social_post_already_shared":false,"jetpack_social_options":{"image_generator_settings":{"template":"highway","enabled":false},"version":2},"_wpas_customize_per_network":false},"categories":[8],"tags":[20456,20457],"class_list":["post-184831","post","type-post","status-publish","format-standard","has-post-thumbnail","hentry","category-sociedad","tag-acto-por-el-25-de-mayo","tag-acto-revolucion-de-mayo-mercedes","generate-columns","tablet-grid-50","mobile-grid-100","grid-parent","grid-50"],"jetpack_publicize_connections":[],"jetpack_featured_media_url":"https:\/\/www.hoymercedes.com.ar\/principal\/wp-content\/uploads\/2025\/05\/SJA_7284.jpg","wps_subtitle":"","jetpack_sharing_enabled":true,"_links":{"self":[{"href":"https:\/\/www.hoymercedes.com.ar\/principal\/wp-json\/wp\/v2\/posts\/184831","targetHints":{"allow":["GET"]}}],"collection":[{"href":"https:\/\/www.hoymercedes.com.ar\/principal\/wp-json\/wp\/v2\/posts"}],"about":[{"href":"https:\/\/www.hoymercedes.com.ar\/principal\/wp-json\/wp\/v2\/types\/post"}],"author":[{"embeddable":true,"href":"https:\/\/www.hoymercedes.com.ar\/principal\/wp-json\/wp\/v2\/users\/1"}],"replies":[{"embeddable":true,"href":"https:\/\/www.hoymercedes.com.ar\/principal\/wp-json\/wp\/v2\/comments?post=184831"}],"version-history":[{"count":1,"href":"https:\/\/www.hoymercedes.com.ar\/principal\/wp-json\/wp\/v2\/posts\/184831\/revisions"}],"predecessor-version":[{"id":184836,"href":"https:\/\/www.hoymercedes.com.ar\/principal\/wp-json\/wp\/v2\/posts\/184831\/revisions\/184836"}],"wp:featuredmedia":[{"embeddable":true,"href":"https:\/\/www.hoymercedes.com.ar\/principal\/wp-json\/wp\/v2\/media\/184833"}],"wp:attachment":[{"href":"https:\/\/www.hoymercedes.com.ar\/principal\/wp-json\/wp\/v2\/media?parent=184831"}],"wp:term":[{"taxonomy":"category","embeddable":true,"href":"https:\/\/www.hoymercedes.com.ar\/principal\/wp-json\/wp\/v2\/categories?post=184831"},{"taxonomy":"post_tag","embeddable":true,"href":"https:\/\/www.hoymercedes.com.ar\/principal\/wp-json\/wp\/v2\/tags?post=184831"}],"curies":[{"name":"wp","href":"https:\/\/api.w.org\/{rel}","templated":true}]}}