{"id":184845,"date":"2025-05-26T10:38:48","date_gmt":"2025-05-26T13:38:48","guid":{"rendered":"https:\/\/www.hoymercedes.com.ar\/principal\/?p=184845"},"modified":"2025-05-26T10:38:50","modified_gmt":"2025-05-26T13:38:50","slug":"lo-que-el-rio-nos-dejo","status":"publish","type":"post","link":"https:\/\/www.hoymercedes.com.ar\/principal\/2025\/05\/26\/lo-que-el-rio-nos-dejo\/","title":{"rendered":"Lo que el r\u00edo nos dej\u00f3"},"content":{"rendered":"\n<p>Tras el temporal ocurrido d\u00edas atr\u00e1s, el r\u00edo Luj\u00e1n pas\u00f3 y dej\u00f3 sus rastros y residuos a la vera. Est afect\u00f3 muchas zonas, incluyendo viviendas y espacios verdes. Entre los lugares afectados puede verse en el Parque Independencia. <\/p>\n\n\n\n<figure class=\"wp-block-gallery has-nested-images columns-default is-cropped wp-block-gallery-1 is-layout-flex wp-block-gallery-is-layout-flex\">\n<figure class=\"wp-block-image size-large\"><img loading=\"lazy\" decoding=\"async\" width=\"539\" height=\"890\" data-attachment-id=\"184848\" data-permalink=\"https:\/\/www.hoymercedes.com.ar\/principal\/2025\/05\/26\/lo-que-el-rio-nos-dejo\/whatsapp-image-2025-05-25-at-19-57-58\/#main\" data-orig-file=\"https:\/\/www.hoymercedes.com.ar\/principal\/wp-content\/uploads\/2025\/05\/WhatsApp-Image-2025-05-25-at-19.57.58.jpg\" data-orig-size=\"539,890\" data-comments-opened=\"0\" data-image-meta=\"{&quot;aperture&quot;:&quot;0&quot;,&quot;credit&quot;:&quot;&quot;,&quot;camera&quot;:&quot;&quot;,&quot;caption&quot;:&quot;&quot;,&quot;created_timestamp&quot;:&quot;0&quot;,&quot;copyright&quot;:&quot;&quot;,&quot;focal_length&quot;:&quot;0&quot;,&quot;iso&quot;:&quot;0&quot;,&quot;shutter_speed&quot;:&quot;0&quot;,&quot;title&quot;:&quot;&quot;,&quot;orientation&quot;:&quot;0&quot;}\" data-image-title=\"WhatsApp Image 2025-05-25 at 19.57.58\" data-image-description=\"\" data-image-caption=\"\" data-large-file=\"https:\/\/www.hoymercedes.com.ar\/principal\/wp-content\/uploads\/2025\/05\/WhatsApp-Image-2025-05-25-at-19.57.58.jpg\" data-id=\"184848\" src=\"https:\/\/www.hoymercedes.com.ar\/principal\/wp-content\/uploads\/2025\/05\/WhatsApp-Image-2025-05-25-at-19.57.58.jpg\" alt=\"\" class=\"wp-image-184848\" srcset=\"https:\/\/www.hoymercedes.com.ar\/principal\/wp-content\/uploads\/2025\/05\/WhatsApp-Image-2025-05-25-at-19.57.58.jpg 539w, https:\/\/www.hoymercedes.com.ar\/principal\/wp-content\/uploads\/2025\/05\/WhatsApp-Image-2025-05-25-at-19.57.58-375x620.jpg 375w, https:\/\/www.hoymercedes.com.ar\/principal\/wp-content\/uploads\/2025\/05\/WhatsApp-Image-2025-05-25-at-19.57.58-91x150.jpg 91w\" sizes=\"auto, (max-width: 539px) 100vw, 539px\" \/><\/figure>\n\n\n\n<figure class=\"wp-block-image size-large\"><img loading=\"lazy\" decoding=\"async\" width=\"360\" height=\"800\" data-attachment-id=\"184847\" data-permalink=\"https:\/\/www.hoymercedes.com.ar\/principal\/2025\/05\/26\/lo-que-el-rio-nos-dejo\/whatsapp-image-2025-05-25-at-19-57-57-1\/#main\" data-orig-file=\"https:\/\/www.hoymercedes.com.ar\/principal\/wp-content\/uploads\/2025\/05\/WhatsApp-Image-2025-05-25-at-19.57.57-1.jpg\" data-orig-size=\"360,800\" data-comments-opened=\"0\" data-image-meta=\"{&quot;aperture&quot;:&quot;0&quot;,&quot;credit&quot;:&quot;&quot;,&quot;camera&quot;:&quot;&quot;,&quot;caption&quot;:&quot;&quot;,&quot;created_timestamp&quot;:&quot;0&quot;,&quot;copyright&quot;:&quot;&quot;,&quot;focal_length&quot;:&quot;0&quot;,&quot;iso&quot;:&quot;0&quot;,&quot;shutter_speed&quot;:&quot;0&quot;,&quot;title&quot;:&quot;&quot;,&quot;orientation&quot;:&quot;0&quot;}\" data-image-title=\"WhatsApp Image 2025-05-25 at 19.57.57 (1)\" data-image-description=\"\" data-image-caption=\"\" data-large-file=\"https:\/\/www.hoymercedes.com.ar\/principal\/wp-content\/uploads\/2025\/05\/WhatsApp-Image-2025-05-25-at-19.57.57-1.jpg\" data-id=\"184847\" src=\"https:\/\/www.hoymercedes.com.ar\/principal\/wp-content\/uploads\/2025\/05\/WhatsApp-Image-2025-05-25-at-19.57.57-1.jpg\" alt=\"\" class=\"wp-image-184847\" srcset=\"https:\/\/www.hoymercedes.com.ar\/principal\/wp-content\/uploads\/2025\/05\/WhatsApp-Image-2025-05-25-at-19.57.57-1.jpg 360w, https:\/\/www.hoymercedes.com.ar\/principal\/wp-content\/uploads\/2025\/05\/WhatsApp-Image-2025-05-25-at-19.57.57-1-279x620.jpg 279w, https:\/\/www.hoymercedes.com.ar\/principal\/wp-content\/uploads\/2025\/05\/WhatsApp-Image-2025-05-25-at-19.57.57-1-68x150.jpg 68w\" sizes=\"auto, (max-width: 360px) 100vw, 360px\" \/><\/figure>\n<\/figure>\n\n\n\n<p>Tanto el sector nuevo como el viejo se encuentran cubiertos sus \u00e1rboles con residuos y bolsas de nylon que fueron arrastrados por el R\u00edo Luj\u00e1n y atorados por las ramas y arbustos de las zona. <\/p>\n\n\n\n<p>A modo de ejemplo, el Bosque de la Conciencia, el espacio asignado para los familiares de v\u00edctimas fatales por siniestros viales, se ve cubierto por residuos de ese r\u00edo que cuando sube lleva consigo basura domiciliaria, papeles, bolsas, y objetos no identificados. <\/p>\n\n\n\n<figure class=\"wp-block-image size-full\"><img loading=\"lazy\" decoding=\"async\" width=\"800\" height=\"360\" data-attachment-id=\"184846\" data-permalink=\"https:\/\/www.hoymercedes.com.ar\/principal\/2025\/05\/26\/lo-que-el-rio-nos-dejo\/whatsapp-image-2025-05-25-at-19-57-57\/#main\" data-orig-file=\"https:\/\/www.hoymercedes.com.ar\/principal\/wp-content\/uploads\/2025\/05\/WhatsApp-Image-2025-05-25-at-19.57.57.jpg\" data-orig-size=\"800,360\" data-comments-opened=\"0\" data-image-meta=\"{&quot;aperture&quot;:&quot;0&quot;,&quot;credit&quot;:&quot;&quot;,&quot;camera&quot;:&quot;&quot;,&quot;caption&quot;:&quot;&quot;,&quot;created_timestamp&quot;:&quot;0&quot;,&quot;copyright&quot;:&quot;&quot;,&quot;focal_length&quot;:&quot;0&quot;,&quot;iso&quot;:&quot;0&quot;,&quot;shutter_speed&quot;:&quot;0&quot;,&quot;title&quot;:&quot;&quot;,&quot;orientation&quot;:&quot;0&quot;}\" data-image-title=\"WhatsApp Image 2025-05-25 at 19.57.57\" data-image-description=\"\" data-image-caption=\"\" data-large-file=\"https:\/\/www.hoymercedes.com.ar\/principal\/wp-content\/uploads\/2025\/05\/WhatsApp-Image-2025-05-25-at-19.57.57.jpg\" src=\"https:\/\/www.hoymercedes.com.ar\/principal\/wp-content\/uploads\/2025\/05\/WhatsApp-Image-2025-05-25-at-19.57.57.jpg\" alt=\"\" class=\"wp-image-184846\" srcset=\"https:\/\/www.hoymercedes.com.ar\/principal\/wp-content\/uploads\/2025\/05\/WhatsApp-Image-2025-05-25-at-19.57.57.jpg 800w, https:\/\/www.hoymercedes.com.ar\/principal\/wp-content\/uploads\/2025\/05\/WhatsApp-Image-2025-05-25-at-19.57.57-630x284.jpg 630w, https:\/\/www.hoymercedes.com.ar\/principal\/wp-content\/uploads\/2025\/05\/WhatsApp-Image-2025-05-25-at-19.57.57-150x68.jpg 150w\" sizes=\"auto, (max-width: 800px) 100vw, 800px\" \/><\/figure>\n","protected":false},"excerpt":{"rendered":"<p>Tras el temporal ocurrido d\u00edas atr\u00e1s, el r\u00edo Luj\u00e1n pas\u00f3 y dej\u00f3 sus rastros y residuos a la vera. Est &#8230; <a title=\"Lo que el r\u00edo nos dej\u00f3\" class=\"read-more\" href=\"https:\/\/www.hoymercedes.com.ar\/principal\/2025\/05\/26\/lo-que-el-rio-nos-dejo\/\" aria-label=\"Leer m\u00e1s sobre Lo que el r\u00edo nos dej\u00f3\">Leer m\u00e1s<\/a><\/p>\n","protected":false},"author":1,"featured_media":184846,"comment_status":"closed","ping_status":"open","sticky":false,"template":"","format":"standard","meta":{"_monsterinsights_skip_tracking":false,"_monsterinsights_sitenote_active":false,"_monsterinsights_sitenote_note":"","_monsterinsights_sitenote_category":0,"jetpack_post_was_ever_published":false,"_jetpack_newsletter_access":"","_jetpack_dont_email_post_to_subs":false,"_jetpack_newsletter_tier_id":0,"_jetpack_memberships_contains_paywalled_content":false,"_jetpack_memberships_contains_paid_content":false,"footnotes":"","jetpack_publicize_message":"","jetpack_publicize_feature_enabled":true,"jetpack_social_post_already_shared":false,"jetpack_social_options":{"image_generator_settings":{"template":"highway","enabled":false},"version":2},"_wpas_customize_per_network":false},"categories":[8],"tags":[],"class_list":["post-184845","post","type-post","status-publish","format-standard","has-post-thumbnail","hentry","category-sociedad","generate-columns","tablet-grid-50","mobile-grid-100","grid-parent","grid-50"],"jetpack_publicize_connections":[],"jetpack_featured_media_url":"https:\/\/www.hoymercedes.com.ar\/principal\/wp-content\/uploads\/2025\/05\/WhatsApp-Image-2025-05-25-at-19.57.57.jpg","wps_subtitle":"","jetpack_sharing_enabled":true,"_links":{"self":[{"href":"https:\/\/www.hoymercedes.com.ar\/principal\/wp-json\/wp\/v2\/posts\/184845","targetHints":{"allow":["GET"]}}],"collection":[{"href":"https:\/\/www.hoymercedes.com.ar\/principal\/wp-json\/wp\/v2\/posts"}],"about":[{"href":"https:\/\/www.hoymercedes.com.ar\/principal\/wp-json\/wp\/v2\/types\/post"}],"author":[{"embeddable":true,"href":"https:\/\/www.hoymercedes.com.ar\/principal\/wp-json\/wp\/v2\/users\/1"}],"replies":[{"embeddable":true,"href":"https:\/\/www.hoymercedes.com.ar\/principal\/wp-json\/wp\/v2\/comments?post=184845"}],"version-history":[{"count":1,"href":"https:\/\/www.hoymercedes.com.ar\/principal\/wp-json\/wp\/v2\/posts\/184845\/revisions"}],"predecessor-version":[{"id":184849,"href":"https:\/\/www.hoymercedes.com.ar\/principal\/wp-json\/wp\/v2\/posts\/184845\/revisions\/184849"}],"wp:featuredmedia":[{"embeddable":true,"href":"https:\/\/www.hoymercedes.com.ar\/principal\/wp-json\/wp\/v2\/media\/184846"}],"wp:attachment":[{"href":"https:\/\/www.hoymercedes.com.ar\/principal\/wp-json\/wp\/v2\/media?parent=184845"}],"wp:term":[{"taxonomy":"category","embeddable":true,"href":"https:\/\/www.hoymercedes.com.ar\/principal\/wp-json\/wp\/v2\/categories?post=184845"},{"taxonomy":"post_tag","embeddable":true,"href":"https:\/\/www.hoymercedes.com.ar\/principal\/wp-json\/wp\/v2\/tags?post=184845"}],"curies":[{"name":"wp","href":"https:\/\/api.w.org\/{rel}","templated":true}]}}